{"id":46921,"date":"2025-10-22T04:20:00","date_gmt":"2025-10-22T07:20:00","guid":{"rendered":"https:\/\/noticiasdestaque.com.br\/index.php\/2025\/10\/22\/votacao-da-ldo-so-devera-ocorrer-a-partir-de-novembro-diz-efraim-filho\/"},"modified":"2025-10-22T04:20:00","modified_gmt":"2025-10-22T07:20:00","slug":"votacao-da-ldo-so-devera-ocorrer-a-partir-de-novembro-diz-efraim-filho","status":"publish","type":"post","link":"https:\/\/noticiasdestaque.com.br\/index.php\/2025\/10\/22\/votacao-da-ldo-so-devera-ocorrer-a-partir-de-novembro-diz-efraim-filho\/","title":{"rendered":"Vota\u00e7\u00e3o da LDO s\u00f3 dever\u00e1 ocorrer a partir de novembro, diz Efraim Filho"},"content":{"rendered":"<p>\t\t\t\t\t\t\t\t\t\t<audio controls class=\"b61_audio_player\" data-noticia=\"85381\" src=\"https:\/\/brasil61.com\/rails\/active_storage\/blobs\/eyJfcmFpbHMiOnsibWVzc2FnZSI6IkJBaHBBOXV3QXc9PSIsImV4cCI6bnVsbCwicHVyIjoiYmxvYl9pZCJ9fQ==--ad12aece8a931a14d19be94173912e5d17c1f525\/BRAS2514983A\"><\/audio><\/p>\n<p>O <a href=\"https:\/\/www.congressonacional.leg.br\/materias\/pesquisa\/-\/materia\/168120\" target=\"_blank\">projeto de Lei de Diretrizes Or\u00e7ament\u00e1rias (LDO)<\/a> de 2026 s\u00f3 dever\u00e1 ser analisado a partir de novembro. O adiamento foi anunciado pelo presidente da Comiss\u00e3o Mista de Or\u00e7amento <a href=\"http:\/\/google.com\/search?q=(CMO)&amp;oq=(CMO)&amp;gs_lcrp=EgZjaHJvbWUyBggAEEUYOTIGCAEQABgeMgYIAhAAGB4yBggDEAAYHjIGCAQQABgeMgYIBRAAGB4yBggGEAAYHjIGCAcQABgeMgYICBAAGB4yBggJEAAYHtIBBzYxOGowajSoAgCwAgA&amp;sourceid=chrome&amp;ie=UTF-8\" target=\"_blank\">(CMO)<\/a> do Congresso Nacional, senador <a href=\"https:\/\/www25.senado.leg.br\/web\/senadores\/senador\/-\/perfil\/4642\" target=\"_blank\">Efraim Filho (Uni\u00e3o-PB)<\/a>, durante sess\u00e3o do colegiado nesta ter\u00e7a-feira (21).<\/p>\n<p>Segundo o parlamentar, o governo solicitou o adiamento da vota\u00e7\u00e3o que estava prevista para esta ter\u00e7a. A decis\u00e3o foi tomada mesmo com o congressista considerando que o prazo para se aprovar um texto adequado esteja ficando apertado.\u00a0<\/p>\n<p>&#8220;N\u00f3s temos insistido no alerta de que os prazos est\u00e3o ficando absolutamente ex\u00edguos para que se possa cumprir aquilo que \u00e9 o ideal, de votar o or\u00e7amento ainda esse ano, at\u00e9 porque n\u00f3s j\u00e1 viemos de um or\u00e7amento atrasado&#8221;, disse.<\/p>\n<p><a href=\"https:\/\/brasil61.com\/n\/13-salario-empresas-tem-ate-30-de-novembro-para-pagar-primeira-parcela-aos-trabalhadores-bras2514974\" target=\"_blank\">13\u00ba sal\u00e1rio: empresas t\u00eam at\u00e9 30 de novembro para pagar primeira parcela aos trabalhadores<\/a><\/p>\n<p><a href=\"https:\/\/brasil61.com\/n\/governo-federal-lanca-o-programa-reforma-casa-brasil-bras2514973\" target=\"_blank\">Governo federal lan\u00e7a o programa Reforma Casa Brasil<\/a><\/p>\n<p>O presidente da CMO tamb\u00e9m afirmou que h\u00e1 um di\u00e1logo entre o governo e o Parlamento no sentido de dar solu\u00e7\u00f5es para que a vota\u00e7\u00e3o seja realizada ainda em 2026.<\/p>\n<p>O Congresso analisaria o projeto em uma sess\u00e3o conjunta no \u00faltimo dia 17 de outubro. Por\u00e9m, o texto n\u00e3o foi apreciado e a vota\u00e7\u00e3o n\u00e3o ocorreu.\u00a0<\/p>\n<p>Em meio a esse impasse, o governo tenta convencer os parlamentares a aprovarem pelo menos as medidas que n\u00e3o eram controversas na Medida Provis\u00f3ria que refor\u00e7aria a arrecada\u00e7\u00e3o no ano que vem, mas que acabou sendo derrubada na C\u00e2mara dos Deputados.<br \/>\n\u00a0<\/p>\n<p>\t\t\t\t\t\t\t\t\t<img loading=\"lazy\" decoding=\"async\" src=\"https:\/\/brasil61.com\/api\/v1\/serve_pixel\/17677\/85381\" alt=\"Pixel Brasil 61\" class=\"b61_pixel\" width=\"0\" height=\"0\"><\/p>\n<input type=\"hidden\" id=\"baseurl\" value=\"https:\/\/noticiasdestaque.com.br\"><input type=\"hidden\" id=\"audio_nonce\" value=\"6a24ca502e\">","protected":false},"excerpt":{"rendered":"<p>Segundo o parlamentar, o governo solicitou o adiamento da vota\u00e7\u00e3o que estava prevista para esta ter\u00e7a-feira (21)<\/p>\n","protected":false},"author":1,"featured_media":46922,"comment_status":"open","ping_status":"open","sticky":false,"template":"","format":"standard","meta":{"fifu_image_url":"","fifu_image_alt":"","footnotes":""},"categories":[50],"tags":[],"class_list":["post-46921","post","type-post","status-publish","format-standard","has-post-thumbnail","hentry","category-politica"],"distributor_meta":false,"distributor_terms":false,"distributor_media":false,"distributor_original_site_name":"Noticias em Destaque","distributor_original_site_url":"https:\/\/noticiasdestaque.com.br","push-errors":false,"_links":{"self":[{"href":"https:\/\/noticiasdestaque.com.br\/index.php\/wp-json\/wp\/v2\/posts\/46921","targetHints":{"allow":["GET"]}}],"collection":[{"href":"https:\/\/noticiasdestaque.com.br\/index.php\/wp-json\/wp\/v2\/posts"}],"about":[{"href":"https:\/\/noticiasdestaque.com.br\/index.php\/wp-json\/wp\/v2\/types\/post"}],"author":[{"embeddable":true,"href":"https:\/\/noticiasdestaque.com.br\/index.php\/wp-json\/wp\/v2\/users\/1"}],"replies":[{"embeddable":true,"href":"https:\/\/noticiasdestaque.com.br\/index.php\/wp-json\/wp\/v2\/comments?post=46921"}],"version-history":[{"count":0,"href":"https:\/\/noticiasdestaque.com.br\/index.php\/wp-json\/wp\/v2\/posts\/46921\/revisions"}],"wp:featuredmedia":[{"embeddable":true,"href":"https:\/\/noticiasdestaque.com.br\/index.php\/wp-json\/wp\/v2\/media\/46922"}],"wp:attachment":[{"href":"https:\/\/noticiasdestaque.com.br\/index.php\/wp-json\/wp\/v2\/media?parent=46921"}],"wp:term":[{"taxonomy":"category","embeddable":true,"href":"https:\/\/noticiasdestaque.com.br\/index.php\/wp-json\/wp\/v2\/categories?post=46921"},{"taxonomy":"post_tag","embeddable":true,"href":"https:\/\/noticiasdestaque.com.br\/index.php\/wp-json\/wp\/v2\/tags?post=46921"}],"curies":[{"name":"wp","href":"https:\/\/api.w.org\/{rel}","templated":true}]}}