{"id":46917,"date":"2025-10-22T04:55:00","date_gmt":"2025-10-22T07:55:00","guid":{"rendered":"https:\/\/noticiasdestaque.com.br\/index.php\/2025\/10\/22\/acredita-exportacao-meis-e-pequenas-empresas-agora-podem-receber-devolucao-de-tributos-nas-exportacoes\/"},"modified":"2025-10-22T04:55:00","modified_gmt":"2025-10-22T07:55:00","slug":"acredita-exportacao-meis-e-pequenas-empresas-agora-podem-receber-devolucao-de-tributos-nas-exportacoes","status":"publish","type":"post","link":"https:\/\/noticiasdestaque.com.br\/index.php\/2025\/10\/22\/acredita-exportacao-meis-e-pequenas-empresas-agora-podem-receber-devolucao-de-tributos-nas-exportacoes\/","title":{"rendered":"Acredita Exporta\u00e7\u00e3o: MEIs e pequenas empresas agora podem receber devolu\u00e7\u00e3o de tributos nas exporta\u00e7\u00f5es"},"content":{"rendered":"<p>\t\t\t\t\t\t\t\t\t\t<audio controls class=\"b61_audio_player\" data-noticia=\"85368\" src=\"https:\/\/brasil61.com\/rails\/active_storage\/blobs\/eyJfcmFpbHMiOnsibWVzc2FnZSI6IkJBaHBBMEt3QXc9PSIsImV4cCI6bnVsbCwicHVyIjoiYmxvYl9pZCJ9fQ==--1eda6aa66dd405334c88c84e7be897dd2741606a\/APEX250076A\"><\/audio><\/p>\n<p>O <strong>Governo Federal<\/strong> lan\u00e7ou o <strong><a href=\"https:\/\/normasinternet2.receita.fazenda.gov.br\/#\/consulta\/externa\/122002\">programa Acredita Exporta\u00e7\u00e3o<\/a><\/strong>, uma<strong> iniciativa voltada aos pequenos neg\u00f3cios que atuam no com\u00e9rcio exterior<\/strong>. Desenvolvido pela Ag\u00eancia Brasileira de Promo\u00e7\u00e3o de Exporta\u00e7\u00f5es e Investimentos (<a href=\"https:\/\/apexbrasil.com.br\/\">ApexBrasil<\/a>), em parceria com o Minist\u00e9rio do Desenvolvimento, Ind\u00fastria, Com\u00e9rcio e Servi\u00e7os (<a href=\"https:\/\/www.gov.br\/mdic\/pt-br\">MDIC<\/a>), <strong>a medida busca ampliar a competitividade das empresas brasileiras de menor porte no mercado internacional<\/strong>.<\/p>\n<p>Para isso, <strong>o programa concede o ressarcimento de 3% do valor exportado<\/strong>, devolvido aos empreendimentos como compensa\u00e7\u00e3o pelos tributos acumulados ao longo da cadeia produtiva.\u00a0<\/p>\n<p>\u201cEste programa vem para somar \u00e0s a\u00e7\u00f5es que a ApexBrasil tem feito para priorizar o apoio \u00e0s MPEs na internacionaliza\u00e7\u00e3o. \u00c9 preciso promover a for\u00e7a destes pequenos empreendedores no exterior e <strong>dar condi\u00e7\u00f5es para que eles possam ser competitivos no mercado global<\/strong>\u201d, afirma o presidente da ApexBrasil, Jorge Viana.\u00a0<\/p>\n<p>Segundo Tatiana Prazeres, secret\u00e1ria de Com\u00e9rcio Exterior do MDIC, por meio do programa, \u201ca empresa consegue ter uma rentabilidade maior na sua opera\u00e7\u00e3o ou, eventualmente, <strong>posicionar o seu produto no mercado externo a um pre\u00e7o mais baixo, tornando-se, portanto, mais competitiva<\/strong> l\u00e1 fora\u201d.<\/p>\n<h2>Quem pode participar?<\/h2>\n<p>O programa \u00e9 destinado a:<\/p>\n<ul>\n<li>Microempreendedores Individuais (MEI);<\/li>\n<li>Microempresas (ME);<\/li>\n<li>Empresas de Pequeno Porte (EPP).<\/li>\n<\/ul>\n<p>Essas empresas <strong>devem realizar exporta\u00e7\u00f5es diretas ou vender para empresas comerciais exportadoras<\/strong>. Um dos principais destaques da medida \u00e9 a <strong>inclus\u00e3o de empresas vinculadas ao <a href=\"https:\/\/www8.receita.fazenda.gov.br\/simplesnacional\/\">Simples Nacional<\/a><\/strong>, que antes n\u00e3o tinham acesso a esse tipo de benef\u00edcio.<\/p>\n<p>\u201cUma novidade muito importante do Acredita Exporta\u00e7\u00e3o \u00e9 que ele<strong> permite a devolu\u00e7\u00e3o desse res\u00edduo tribut\u00e1rio tamb\u00e9m para as empresas optantes do Simples Nacional<\/strong>. Antes isso n\u00e3o era poss\u00edvel\u201d, ressalta Tatiana.<\/p>\n<h2>Como funciona o benef\u00edcio?<\/h2>\n<p><strong>A cada trimestre, a empresa acumula o direito ao cr\u00e9dito de 3% sobre a receita de exporta\u00e7\u00e3o<\/strong>. A partir do ciclo seguinte, pode solicitar o valor por meio de:<\/p>\n<ul>\n<li><strong>Ressarcimento em dinheiro:<\/strong> dep\u00f3sito direto na conta banc\u00e1ria da empresa.<\/li>\n<li><strong>Compensa\u00e7\u00e3o de tributos federais:<\/strong> como PIS, Cofins, IRPJ e CSLL (exceto d\u00e9bitos do Simples Nacional).<\/li>\n<\/ul>\n<p>O processo \u00e9 realizado pelo <strong>sistema da Receita Federal <\/strong>chamado <strong>PER\/DCOMP<\/strong>, por meio do Programa Gerador de Declara\u00e7\u00e3o (PGD), dispon\u00edvel no <a href=\"https:\/\/www.gov.br\/receitafederal\/pt-br\">site da Receita<\/a>.<\/p>\n<h2>Passo a passo para solicitar o cr\u00e9dito<\/h2>\n<ol>\n<li><strong>Apura\u00e7\u00e3o:<\/strong> Encerramento do trimestre e averba\u00e7\u00e3o da Declara\u00e7\u00e3o \u00danica de Exporta\u00e7\u00e3o (DUE).<\/li>\n<li><strong>Acesso ao sistema: <\/strong>Download do <a href=\"https:\/\/www.gov.br\/receitafederal\/pt-br\/assuntos\/orientacao-tributaria\/restituicao-ressarcimento-reembolso-e-compensacao\/perdcomp\/download\">PGD PER\/DCOMP<\/a> no site da Receita Federal.<\/li>\n<li><strong>Preenchimento: <\/strong>Cria\u00e7\u00e3o do Pedido de Ressarcimento.<\/li>\n<li><strong>Envio: <\/strong>Transmiss\u00e3o do pedido \u00e0 Receita Federal.<\/li>\n<li><strong>Decis\u00e3o:<\/strong> Escolha entre ressarcimento ou compensa\u00e7\u00e3o.<\/li>\n<\/ol>\n<h2>Expans\u00e3o<\/h2>\n<p>Dados da Secex\/MDIC apontam que <strong>11,5 mil MPEs representaram 40% do total de exportadores brasileiros<\/strong>, em 2014.\u202fEssas empresas movimentaram US$ 2,6 bilh\u00f5es em vendas internacionais. De acordo com Tatiana Prazeres, <strong>o objetivo \u00e9 ampliar essa base com o novo programa<\/strong>.\u00a0<\/p>\n<p>\u201cA gente tem um olhar muito atento para as empresas de menor porte, elas t\u00eam mais dificuldade de acessar o mercado externo e<strong> a ideia aqui \u00e9 fazer com que esse benef\u00edcio seja sentido imediatamente<\/strong>, a partir de j\u00e1\u201d, destaca.<\/p>\n<p>Al\u00e9m disso, o <strong>Acredita Exporta\u00e7\u00e3o antecipa os efeitos da reforma tribut\u00e1ria<\/strong>, que visa <strong>eliminar<\/strong> o chamado <strong>\u201cres\u00edduo tribut\u00e1rio\u201d<\/strong> nas exporta\u00e7\u00f5es brasileiras.<\/p>\n<p>\u201cA reforma tribut\u00e1ria vai acabar com esse res\u00edduo tribut\u00e1rio, portanto, vai <strong>fazer com que as nossas exporta\u00e7\u00f5es sejam mais competitivas<\/strong>, e o que o Acredita Exporta\u00e7\u00e3o faz \u00e9 antecipar esse resultado para as empresas de menor porte\u201d, conclui Prazeres.<\/p>\n<h2>Cartilha explicativa<\/h2>\n<p>Para facilitar o acesso ao programa, o MDIC divulgou uma <a href=\"https:\/\/www.gov.br\/mdic\/pt-br\/assuntos\/noticias\/2025\/outubro\/governo-lanca-cartilha-para-ajudar-pequenos-negocios-a-recuperar-tributos-e-exportar-mais\">cartilha com orienta\u00e7\u00f5es detalhadas<\/a> sobre o uso do sistema PER\/DCOMP, requisitos e formas de solicita\u00e7\u00e3o do cr\u00e9dito. O material est\u00e1 dispon\u00edvel no <a href=\"http:\/\/gov.br\/mdic\/\">gov.br\/mdic\/<\/a>.<\/p>\n<p><strong>VEJA MAIS:<\/strong><\/p>\n<ul>\n<li><a href=\"https:\/\/brasil61.com\/n\/brasil-e-india-ampliam-parceria-economica-e-abrem-nova-fase-nas-relacoes-bilaterais-apex250075\">Brasil e \u00cdndia ampliam parceria econ\u00f4mica e abrem nova fase nas rela\u00e7\u00f5es bilaterais<\/a><\/li>\n<li><a href=\"https:\/\/brasil61.com\/n\/expo-osaka-2025-pavilhao-brasil-se-destaca-ao-enfatizar-cultura-sustentabilidade-e-cooperacao-entre-os-povos-no-japao-apex250074\">Expo Osaka 2025: Pavilh\u00e3o Brasil se destaca ao enfatizar cultura, sustentabilidade e coopera\u00e7\u00e3o entre os povos no Jap\u00e3o<\/a><\/li>\n<\/ul>\n<p>\t\t\t\t\t\t\t\t\t<img loading=\"lazy\" decoding=\"async\" src=\"https:\/\/brasil61.com\/api\/v1\/serve_pixel\/17677\/85368\" alt=\"Pixel Brasil 61\" class=\"b61_pixel\" width=\"0\" height=\"0\"><\/p>\n<input type=\"hidden\" id=\"baseurl\" value=\"https:\/\/noticiasdestaque.com.br\"><input type=\"hidden\" id=\"audio_nonce\" value=\"6f73a554f1\">","protected":false},"excerpt":{"rendered":"<p>Programa Acredita Exporta\u00e7\u00e3o antecipa efeitos da reforma tribut\u00e1ria e concede ressarcimento de 3% para ampliar rentabilidade e competitividade<\/p>\n","protected":false},"author":1,"featured_media":46918,"comment_status":"open","ping_status":"open","sticky":false,"template":"","format":"standard","meta":{"fifu_image_url":"","fifu_image_alt":"","footnotes":""},"categories":[59],"tags":[],"class_list":["post-46917","post","type-post","status-publish","format-standard","has-post-thumbnail","hentry","category-economia"],"distributor_meta":false,"distributor_terms":false,"distributor_media":false,"distributor_original_site_name":"Noticias em Destaque","distributor_original_site_url":"https:\/\/noticiasdestaque.com.br","push-errors":false,"_links":{"self":[{"href":"https:\/\/noticiasdestaque.com.br\/index.php\/wp-json\/wp\/v2\/posts\/46917","targetHints":{"allow":["GET"]}}],"collection":[{"href":"https:\/\/noticiasdestaque.com.br\/index.php\/wp-json\/wp\/v2\/posts"}],"about":[{"href":"https:\/\/noticiasdestaque.com.br\/index.php\/wp-json\/wp\/v2\/types\/post"}],"author":[{"embeddable":true,"href":"https:\/\/noticiasdestaque.com.br\/index.php\/wp-json\/wp\/v2\/users\/1"}],"replies":[{"embeddable":true,"href":"https:\/\/noticiasdestaque.com.br\/index.php\/wp-json\/wp\/v2\/comments?post=46917"}],"version-history":[{"count":0,"href":"https:\/\/noticiasdestaque.com.br\/index.php\/wp-json\/wp\/v2\/posts\/46917\/revisions"}],"wp:featuredmedia":[{"embeddable":true,"href":"https:\/\/noticiasdestaque.com.br\/index.php\/wp-json\/wp\/v2\/media\/46918"}],"wp:attachment":[{"href":"https:\/\/noticiasdestaque.com.br\/index.php\/wp-json\/wp\/v2\/media?parent=46917"}],"wp:term":[{"taxonomy":"category","embeddable":true,"href":"https:\/\/noticiasdestaque.com.br\/index.php\/wp-json\/wp\/v2\/categories?post=46917"},{"taxonomy":"post_tag","embeddable":true,"href":"https:\/\/noticiasdestaque.com.br\/index.php\/wp-json\/wp\/v2\/tags?post=46917"}],"curies":[{"name":"wp","href":"https:\/\/api.w.org\/{rel}","templated":true}]}}