{"id":46885,"date":"2025-10-21T04:55:00","date_gmt":"2025-10-21T07:55:00","guid":{"rendered":"https:\/\/noticiasdestaque.com.br\/index.php\/2025\/10\/21\/poder-de-compra-do-mei-despenca-78-em-sete-anos-aponta-estudo\/"},"modified":"2025-10-21T04:55:00","modified_gmt":"2025-10-21T07:55:00","slug":"poder-de-compra-do-mei-despenca-78-em-sete-anos-aponta-estudo","status":"publish","type":"post","link":"https:\/\/noticiasdestaque.com.br\/index.php\/2025\/10\/21\/poder-de-compra-do-mei-despenca-78-em-sete-anos-aponta-estudo\/","title":{"rendered":"Poder de compra do MEI despenca 78% em sete anos, aponta estudo"},"content":{"rendered":"<p>\t\t\t\t\t\t\t\t\t\t<audio controls class=\"b61_audio_player\" data-noticia=\"85363\" src=\"https:\/\/brasil61.com\/rails\/active_storage\/blobs\/eyJfcmFpbHMiOnsibWVzc2FnZSI6IkJBaHBBejJ3QXc9PSIsImV4cCI6bnVsbCwicHVyIjoiYmxvYl9pZCJ9fQ==--62d441a9f57770601c3e5940280a4e122cfc43f1\/CACB250074A\"><\/audio><\/p>\n<p>O poder de compra do microempreendedor individual (MEI) encolheu significativamente nos \u00faltimos anos. De acordo com um estudo da Federa\u00e7\u00e3o das Associa\u00e7\u00f5es Comerciais e Empresariais do Paran\u00e1 <a href=\"https:\/\/site.faciap.org.br\/\" target=\"_blank\">(Faciap)<\/a>, o limite de faturamento para enquadramento na categoria, quando comparado ao pre\u00e7o da cesta b\u00e1sica, \u00e9 hoje 78% menor do que em 2018 \u2014 ano do \u00faltimo reajuste na tabela do regime tribut\u00e1rio.<\/p>\n<p>Com o teto anual mantido em R$ 81 mil desde ent\u00e3o, o valor que h\u00e1 sete anos permitia a compra de 171 cestas b\u00e1sicas hoje \u00e9 suficiente para adquirir apenas 96, segundo o levantamento.<\/p>\n<p>Na avalia\u00e7\u00e3o do autor do estudo, o diretor Tribut\u00e1rio da Faciap William Madruga, esse cen\u00e1rio \u00e9 provocado pela infla\u00e7\u00e3o desse per\u00edodo, o que aponta para a necessidade de atualiza\u00e7\u00e3o na tabela do MEI, uma das modalidades do Simples Nacional. Ainda segundo Madruga, o reajuste precisa ser feito anualmente.<\/p>\n<p>\u201cEsse preju\u00edzo \u00e9 gigantesco, porque todas essas empresas tiveram aumento no seu custo. Se antes elas estavam numa segunda faixa do Simples Nacional, por exemplo, s\u00f3 com essa atualiza\u00e7\u00e3o inflacion\u00e1ria j\u00e1 passaram para uma terceira faixa, aumentando significativamente sua al\u00edquota e, automaticamente, o valor final de tributo que essas empresas pagam\u201d, defendeu.<\/p>\n<p>\u201c\u00c9 importante que a gente tenha essa atualiza\u00e7\u00e3o para que essas empresas, que hoje empregam mais de 50% de todo o estoque de empregos no pa\u00eds, possam ter essa justi\u00e7a e possam ter esse f\u00f4lego na sua tributa\u00e7\u00e3o\u201d, complementou o diretor.<\/p>\n<p>Se for levado em conta quantidades mensais, o poder de compra do microempreendedor individual \u00e9 reduzido de 14 para 8 cestas b\u00e1sicas no per\u00edodo. O estudo foi feito com base em um cruzamento de informa\u00e7\u00f5es do Instituto Brasileiro de Geografia e Estat\u00edstica <a href=\"https:\/\/www.ibge.gov.br\/\" target=\"_blank\">(IBGE)<\/a> e do Departamento Intersindical de Estat\u00edstica e Estudos Socioecon\u00f4micos <a href=\"https:\/\/www.dieese.org.br\/\" target=\"_blank\">(Dieese)<\/a>.\u00a0<\/p>\n<p>Madruga tamb\u00e9m pontuou que tanto as microempresas, quanto empresas de pequeno porte e microempreendedores individuais, respondem por 26,5% do Produto Interno Brasileiro (PIB). Al\u00e9m disso, seis de cada dez novas contrata\u00e7\u00f5es em 2025 s\u00e3o de profissionais que atuam nessas categorias. Vale destacar que empresas de pequeno porte e microempresas tamb\u00e9m est\u00e3o inclu\u00eddas no regime do Simples Nacional.<\/p>\n<p><a href=\"https:\/\/brasil61.com\/n\/campanha-eu-sou-pela-micro-e-pequena-empresa-reforca-cobranca-pelo-reajuste-do-simples-nacional-no-congresso-cacb250069\" target=\"_blank\">Campanha \u201cEu sou pela micro e pequena empresa\u201d refor\u00e7a cobran\u00e7a pelo reajuste do Simples Nacional no Congresso<\/a><\/p>\n<p><a href=\"https:\/\/brasil61.com\/n\/reforma-tributaria-associacoes-sem-fins-lucrativos-ficam-isentas-de-novos-tributos-com-aprovacao-da-regulamentacao-no-senado-cacb250067\" target=\"_blank\">Reforma Tribut\u00e1ria: Associa\u00e7\u00f5es sem fins lucrativos ficam isentas de novos tributos<\/a><\/p>\n<p>Os dados foram apresentados no \u00faltimo dia 14 de outubro, <a href=\"https:\/\/www.youtube.com\/watch?app=desktop&amp;v=4neiauT5c64\" target=\"_blank\">durante semin\u00e1rio na C\u00e2mara dos Deputados<\/a>. Na ocasi\u00e3o, o vice-presidente do Conselho Superior da Micro, Pequena e M\u00e9dia Ind\u00fastria da Federa\u00e7\u00e3o das Ind\u00fastrias do Estado de S\u00e3o Paulo <a href=\"https:\/\/www.fiesp.com.br\/\" target=\"_blank\">(Fiesp)<\/a>, Pierre Tamer, refor\u00e7ou que o Simples Nacional \u00adresponde \u00e0 legisla\u00e7\u00e3o que autoriza a institui\u00e7\u00e3o de regimes diferenciados e simplificados para essas categorias.<\/p>\n<p>\u201cO Brasil tamb\u00e9m n\u00e3o tem muito gasto tribut\u00e1rio com o Simples Nacional\u201d, disse Tamer. Ele pontuou, ainda, que o Simples Nacional promove uma arrecada\u00e7\u00e3o de R$ 1,2 trilh\u00e3o, ou seja, R$ 14 bilh\u00f5es a mais do que os demais regimes. Ainda na avalia\u00e7\u00e3o dele, a taxa anual de gera\u00e7\u00e3o empregos dessas empresas aumenta de 4,8% para 8,2% ap\u00f3s a cria\u00e7\u00e3o do sistema simplificado.<\/p>\n<p>\u201cAo empregar e pagar mais, o Simples contribui para um PIB e uma produ\u00e7\u00e3o maior. Se o teto n\u00e3o for atualizado, os riscos s\u00e3o significativos: desest\u00edmulo ao crescimento, desenquadramento da pequena ind\u00fastria, desemprego pela perda de competitividade e fechamento de empresas, al\u00e9m da informalidade, pois os empreendedores podem optar por sair do sistema, em vez de suportar uma carga tribut\u00e1ria maior\u201d, afirmou.<\/p>\n<p>O estudo tamb\u00e9m mostra que essas despesas correspondem a 1,2% do PIB, enquanto a m\u00e9dia de outros 30 pa\u00edses com modelo semelhante \u00e9 de 2,4%.<\/p>\n<h2>Atualiza\u00e7\u00e3o do teto do Simples Nacional<\/h2>\n<p>Desde 2021, tramita no Congresso Nacional o <a href=\"https:\/\/www.camara.leg.br\/proposicoesWeb\/fichadetramitacao?idProposicao=2295251\" target=\"_blank\">projeto de lei 108\/2021<\/a>, de autoria do senador Jayme Campos (Uni\u00e3o -MT). Entre outros pontos, a mat\u00e9ria visa atualizar o teto do Simples Nacional.<\/p>\n<p>A proposta j\u00e1 foi aprovada no Senado e, recentemente, foi pautada para vota\u00e7\u00e3o em regime de urg\u00eancia na C\u00e2mara dos Deputados. No momento, o texto est\u00e1 pronto para ser votado no Plen\u00e1rio da Casa.<\/p>\n<p>Os avan\u00e7os em rela\u00e7\u00e3o ao tr\u00e2mite do projeto ocorrem em meio a uma campanha da Confedera\u00e7\u00e3o das Associa\u00e7\u00f5es Comerciais e Empresariais do Brasil <a href=\"https:\/\/cacb.org.br\/\" target=\"_blank\">(CACB)<\/a> pela atualiza\u00e7\u00e3o do teto do Simples Nacional. O presidente da entidade, Alfredo Cotait, entende que h\u00e1 uma defasagem da tabela que compromete a sobreviv\u00eancia dos pequenos neg\u00f3cios.<\/p>\n<p>\u201cNo Brasil, tudo muda, tudo corrige, mas a tabela do Simples, n\u00e3o. Estamos desde 2018 com essa tabela sem nenhuma atualiza\u00e7\u00e3o e estamos pleiteando a corre\u00e7\u00e3o pela infla\u00e7\u00e3o. Essa mudan\u00e7a vai ajudar muito os empreendedores a n\u00e3o se desenquadrarem para que possam continuar, mesmo atingindo o limite, trabalhando, gerando renda e sem precisar paralisar seus neg\u00f3cios\u201d, afirmou.<\/p>\n<p>Com o reajuste sugerido, o teto anual do MEI passa dos atuais R$ 81 mil para R$ 144,9 mil. Quanto \u00e0 microempresa, o valor passa de R$ 360 mil para R$ 869,4 mil. J\u00e1 em rela\u00e7\u00e3o \u00e0 empresa de pequeno porte, o valor sairia de R$ 4,8 milh\u00f5es para R$ 8,69 milh\u00f5es.<br \/>\n\u00a0<\/p>\n<p>\t\t\t\t\t\t\t\t\t<img loading=\"lazy\" decoding=\"async\" src=\"https:\/\/brasil61.com\/api\/v1\/serve_pixel\/17677\/85363\" alt=\"Pixel Brasil 61\" class=\"b61_pixel\" width=\"0\" height=\"0\"><\/p>\n<input type=\"hidden\" id=\"baseurl\" value=\"https:\/\/noticiasdestaque.com.br\"><input type=\"hidden\" id=\"audio_nonce\" value=\"6f73a554f1\">","protected":false},"excerpt":{"rendered":"<p>Com teto anual congelado em R$ 81 mil desde 2018, microempreendedores conseguem comprar pouco mais da metade das cestas b\u00e1sicas que adquiriam h\u00e1 sete anos<\/p>\n","protected":false},"author":1,"featured_media":46886,"comment_status":"open","ping_status":"open","sticky":false,"template":"","format":"standard","meta":{"fifu_image_url":"","fifu_image_alt":"","footnotes":""},"categories":[59],"tags":[],"class_list":["post-46885","post","type-post","status-publish","format-standard","has-post-thumbnail","hentry","category-economia"],"distributor_meta":false,"distributor_terms":false,"distributor_media":false,"distributor_original_site_name":"Noticias em Destaque","distributor_original_site_url":"https:\/\/noticiasdestaque.com.br","push-errors":false,"_links":{"self":[{"href":"https:\/\/noticiasdestaque.com.br\/index.php\/wp-json\/wp\/v2\/posts\/46885","targetHints":{"allow":["GET"]}}],"collection":[{"href":"https:\/\/noticiasdestaque.com.br\/index.php\/wp-json\/wp\/v2\/posts"}],"about":[{"href":"https:\/\/noticiasdestaque.com.br\/index.php\/wp-json\/wp\/v2\/types\/post"}],"author":[{"embeddable":true,"href":"https:\/\/noticiasdestaque.com.br\/index.php\/wp-json\/wp\/v2\/users\/1"}],"replies":[{"embeddable":true,"href":"https:\/\/noticiasdestaque.com.br\/index.php\/wp-json\/wp\/v2\/comments?post=46885"}],"version-history":[{"count":0,"href":"https:\/\/noticiasdestaque.com.br\/index.php\/wp-json\/wp\/v2\/posts\/46885\/revisions"}],"wp:featuredmedia":[{"embeddable":true,"href":"https:\/\/noticiasdestaque.com.br\/index.php\/wp-json\/wp\/v2\/media\/46886"}],"wp:attachment":[{"href":"https:\/\/noticiasdestaque.com.br\/index.php\/wp-json\/wp\/v2\/media?parent=46885"}],"wp:term":[{"taxonomy":"category","embeddable":true,"href":"https:\/\/noticiasdestaque.com.br\/index.php\/wp-json\/wp\/v2\/categories?post=46885"},{"taxonomy":"post_tag","embeddable":true,"href":"https:\/\/noticiasdestaque.com.br\/index.php\/wp-json\/wp\/v2\/tags?post=46885"}],"curies":[{"name":"wp","href":"https:\/\/api.w.org\/{rel}","templated":true}]}}