{"id":46883,"date":"2025-10-21T04:50:00","date_gmt":"2025-10-21T07:50:00","guid":{"rendered":"https:\/\/noticiasdestaque.com.br\/index.php\/2025\/10\/21\/industria-encerra-3o-trimestre-de-2025-com-producao-estagnada-e-queda-no-emprego\/"},"modified":"2025-10-21T04:50:00","modified_gmt":"2025-10-21T07:50:00","slug":"industria-encerra-3o-trimestre-de-2025-com-producao-estagnada-e-queda-no-emprego","status":"publish","type":"post","link":"https:\/\/noticiasdestaque.com.br\/index.php\/2025\/10\/21\/industria-encerra-3o-trimestre-de-2025-com-producao-estagnada-e-queda-no-emprego\/","title":{"rendered":"Ind\u00fastria encerra 3\u00ba trimestre de 2025 com produ\u00e7\u00e3o estagnada e queda no emprego"},"content":{"rendered":"<p>\t\t\t\t\t\t\t\t\t\t<audio controls class=\"b61_audio_player\" data-noticia=\"85354\" src=\"https:\/\/brasil61.com\/rails\/active_storage\/blobs\/eyJfcmFpbHMiOnsibWVzc2FnZSI6IkJBaHBBMCt3QXc9PSIsImV4cCI6bnVsbCwicHVyIjoiYmxvYl9pZCJ9fQ==--62d62c333527afc1b01a30705637350e8dde542b\/PIND254656B\"><\/audio><\/p>\n<p>A <strong>ind\u00fastria<\/strong> encerrou o terceiro trimestre de 2025 com novos sinais de enfraquecimento. De acordo com a <a href=\"https:\/\/www.portaldaindustria.com.br\/estatisticas\/sondagem-industrial\/?utm_source=jor&amp;utm_medium=agn&amp;utm_campaign=noticia&amp;utm_content=textoevideo-fixo\" target=\"_blank\">Sondagem Industrial<\/a>, divulgada nesta segunda-feira (20) pela <a href=\"https:\/\/cni.portaldaindustria.com.br\/\" target=\"_blank\">Confedera\u00e7\u00e3o Nacional da Ind\u00fastria (CNI)<\/a>, a produ\u00e7\u00e3o do setor ficou <strong>praticamente estagnada em setembro<\/strong>, <strong>os estoques aumentaram e o n\u00famero de trabalhadores recuou<\/strong>. Uma das principais <strong>causas<\/strong>, segundo a entidade, \u00e9 a <strong>demanda interna mais fraca do que a esperada<\/strong> pelos empres\u00e1rios.<\/p>\n<p>O \u00edndice que mede a evolu\u00e7\u00e3o da produ\u00e7\u00e3o industrial ficou em 50,1 pontos \u2014 pr\u00f3ximo da linha divis\u00f3ria de 50 \u2014, indicando estabilidade em rela\u00e7\u00e3o a agosto. J\u00e1 o indicador de emprego foi de 48,9 pontos, sinalizando <strong>redu\u00e7\u00e3o no n\u00famero de postos de trabalho<\/strong>. O resultado foge ao padr\u00e3o hist\u00f3rico: <strong>desde 2020, o m\u00eas de setembro costumava registrar crescimento, com exce\u00e7\u00e3o de 2023<\/strong>.<\/p>\n<p>O n\u00edvel de estoques tamb\u00e9m subiu. O \u00edndice de evolu\u00e7\u00e3o do indicador atingiu 50,8 pontos, e o de estoque efetivo em rela\u00e7\u00e3o ao usual avan\u00e7ou para 50,7 pontos, mostrando ac\u00famulo acima do planejado.\u00a0<\/p>\n<p>\u201c\u00c9 importante notar que esse ac\u00famulo dos estoques indesejados aconteceu mesmo com uma queda da produ\u00e7\u00e3o. Isso \u00e9 um sinal que a demanda surpreendeu negativamente os empres\u00e1rios, pois veio mais fraca ainda do que os empres\u00e1rios anteciparam\u201d, avalia o gerente de An\u00e1lise Econ\u00f4mica da CNI, Marcelo Azevedo.\u00a0<\/p>\n<p>A utiliza\u00e7\u00e3o da capacidade instalada manteve-se em 70%, dois pontos percentuais abaixo do observado em setembro de 2024.<\/p>\n<h2>Situa\u00e7\u00e3o financeira tem leve melhora, mas segue negativa<\/h2>\n<p>O \u00edndice de<strong> satisfa\u00e7\u00e3o com a situa\u00e7\u00e3o financeira das ind\u00fastrias<\/strong> subiu de 48,4 para 48,9 pontos no terceiro trimestre, apontando redu\u00e7\u00e3o na insatisfa\u00e7\u00e3o, mas ainda <strong>abaixo da linha de 50 pontos<\/strong>. O \u00edndice de lucro operacional avan\u00e7ou de 42,8 para 43,6 pontos, recuperando parte da perda registrada entre o primeiro e o segundo trimestres.<\/p>\n<p>O <strong>acesso ao cr\u00e9dito continua restrito<\/strong>. O indicador que mede essa facilidade passou de 39,9 para 40,3 pontos, permanecendo em n\u00edvel baixo. J\u00e1 o \u00edndice de pre\u00e7os das mat\u00e9rias-primas caiu 1,8 ponto, para 55,2, o que indica que os custos seguem em alta, mas em ritmo menor.<\/p>\n<p>\u201cAs condi\u00e7\u00f5es financeiras da ind\u00fastria seguem em sua maioria bastante negativas. Elas at\u00e9 melhoraram um pouco na passagem do segundo para o terceiro trimestre, mas ainda \u00e9 uma insatisfa\u00e7\u00e3o muito grande com rela\u00e7\u00e3o \u00e0s margens de lucro. Esses \u00edndices ainda seguem bastante baixos\u201d, ressalta Azevedo.\u00a0<\/p>\n<h2>Principais entraves: impostos, juros e demanda fraca<\/h2>\n<p>A elevada carga tribut\u00e1ria foi novamente o <strong>principal obst\u00e1culo<\/strong> citado pelos empres\u00e1rios, mencionada por 37,8% dos entrevistados. Em seguida, aparecem a <strong>demanda interna insuficiente<\/strong> (28,8%) e as <strong>altas taxas de juros<\/strong> (27,3%). A <strong>escassez ou o alto custo de trabalhadores qualificados<\/strong> foram lembrados por 22,9% dos industriais, enquanto a <strong>competi\u00e7\u00e3o desleal<\/strong> ficou em quinto lugar, com 19,1%.<\/p>\n<p>De acordo com Azevedo,<strong> um dos principais motivos para a queda da demanda s\u00e3o as taxas de juros elevadas<\/strong>. \u201cNum primeiro momento isso afeta a demanda por bens que s\u00e3o mais caros, que normalmente necessitam de financiamento. No entanto, acaba se espalhando pela economia, as fam\u00edlias come\u00e7am a ter um pouco menos de renda, mais endividamento, \u00e0s vezes at\u00e9 mais inadimpl\u00eancia. A demanda, de uma forma geral, vai caindo e a ind\u00fastria vem sentindo isso\u201d, comenta.\u00a0<\/p>\n<h2>Expectativas mistas para os pr\u00f3ximos meses<\/h2>\n<p>O <strong>\u00edndice de expectativa de exporta\u00e7\u00f5es cresceu dois pontos<\/strong>, para 48,6, ainda abaixo de 50, o que sinaliza proje\u00e7\u00f5es de queda menos intensas nas vendas externas. As expectativas de emprego e de compras de mat\u00e9rias-primas recuaram 0,3 ponto, para 49,3 e 51 pontos, respectivamente. J\u00e1 a expectativa de demanda subiu levemente, de 52,3 para 52,5 pontos, mantendo o otimismo moderado quanto ao consumo dom\u00e9stico.<\/p>\n<p>O \u00edndice de inten\u00e7\u00e3o de investimento avan\u00e7ou de 54,4 para 54,8 pontos, revertendo parte das perdas acumuladas entre dezembro de 2024 e setembro de 2025.<\/p>\n<p>A pesquisa ouviu 1.423 empresas \u2014 592 pequenas, 494 m\u00e9dias e 337 grandes \u2014 entre 1\u00ba e 10 de outubro de 2025.<\/p>\n<p>\t\t\t\t\t\t\t\t\t<img loading=\"lazy\" decoding=\"async\" src=\"https:\/\/brasil61.com\/api\/v1\/serve_pixel\/17677\/85354\" alt=\"Pixel Brasil 61\" class=\"b61_pixel\" width=\"0\" height=\"0\"><\/p>\n<input type=\"hidden\" id=\"baseurl\" value=\"https:\/\/noticiasdestaque.com.br\"><input type=\"hidden\" id=\"audio_nonce\" value=\"6f73a554f1\">","protected":false},"excerpt":{"rendered":"<p>Sondagem da CNI aponta demanda interna fraca, estoques acima do planejado e insatisfa\u00e7\u00e3o com margens de lucro<\/p>\n","protected":false},"author":1,"featured_media":46884,"comment_status":"open","ping_status":"open","sticky":false,"template":"","format":"standard","meta":{"fifu_image_url":"","fifu_image_alt":"","footnotes":""},"categories":[59],"tags":[],"class_list":["post-46883","post","type-post","status-publish","format-standard","has-post-thumbnail","hentry","category-economia"],"distributor_meta":false,"distributor_terms":false,"distributor_media":false,"distributor_original_site_name":"Noticias em Destaque","distributor_original_site_url":"https:\/\/noticiasdestaque.com.br","push-errors":false,"_links":{"self":[{"href":"https:\/\/noticiasdestaque.com.br\/index.php\/wp-json\/wp\/v2\/posts\/46883","targetHints":{"allow":["GET"]}}],"collection":[{"href":"https:\/\/noticiasdestaque.com.br\/index.php\/wp-json\/wp\/v2\/posts"}],"about":[{"href":"https:\/\/noticiasdestaque.com.br\/index.php\/wp-json\/wp\/v2\/types\/post"}],"author":[{"embeddable":true,"href":"https:\/\/noticiasdestaque.com.br\/index.php\/wp-json\/wp\/v2\/users\/1"}],"replies":[{"embeddable":true,"href":"https:\/\/noticiasdestaque.com.br\/index.php\/wp-json\/wp\/v2\/comments?post=46883"}],"version-history":[{"count":0,"href":"https:\/\/noticiasdestaque.com.br\/index.php\/wp-json\/wp\/v2\/posts\/46883\/revisions"}],"wp:featuredmedia":[{"embeddable":true,"href":"https:\/\/noticiasdestaque.com.br\/index.php\/wp-json\/wp\/v2\/media\/46884"}],"wp:attachment":[{"href":"https:\/\/noticiasdestaque.com.br\/index.php\/wp-json\/wp\/v2\/media?parent=46883"}],"wp:term":[{"taxonomy":"category","embeddable":true,"href":"https:\/\/noticiasdestaque.com.br\/index.php\/wp-json\/wp\/v2\/categories?post=46883"},{"taxonomy":"post_tag","embeddable":true,"href":"https:\/\/noticiasdestaque.com.br\/index.php\/wp-json\/wp\/v2\/tags?post=46883"}],"curies":[{"name":"wp","href":"https:\/\/api.w.org\/{rel}","templated":true}]}}