{"id":46879,"date":"2025-10-21T04:15:00","date_gmt":"2025-10-21T07:15:00","guid":{"rendered":"https:\/\/noticiasdestaque.com.br\/index.php\/2025\/10\/21\/13o-salario-empresas-tem-ate-30-de-novembro-para-pagar-primeira-parcela-aos-trabalhadores\/"},"modified":"2025-10-21T04:15:00","modified_gmt":"2025-10-21T07:15:00","slug":"13o-salario-empresas-tem-ate-30-de-novembro-para-pagar-primeira-parcela-aos-trabalhadores","status":"publish","type":"post","link":"https:\/\/noticiasdestaque.com.br\/index.php\/2025\/10\/21\/13o-salario-empresas-tem-ate-30-de-novembro-para-pagar-primeira-parcela-aos-trabalhadores\/","title":{"rendered":"13\u00ba sal\u00e1rio: empresas t\u00eam at\u00e9 30 de novembro para pagar primeira parcela aos trabalhadores"},"content":{"rendered":"<p>\t\t\t\t\t\t\t\t\t\t<audio controls class=\"b61_audio_player\" data-noticia=\"85346\" src=\"https:\/\/brasil61.com\/rails\/active_storage\/blobs\/eyJfcmFpbHMiOnsibWVzc2FnZSI6IkJBaHBBeDJ3QXc9PSIsImV4cCI6bnVsbCwicHVyIjoiYmxvYl9pZCJ9fQ==--f59c55854713988f9dd6642c7140f4eea817c7d7\/BRAS2514974A\"><\/audio><\/p>\n<p>Com a chegada das festas de fim de ano de 2025, os trabalhadores brasileiros j\u00e1 aguardam um refor\u00e7o no or\u00e7amento: o 13\u00ba sal\u00e1rio. As empresas t\u00eam at\u00e9 o dia 30 de novembro para pagar a primeira parcela do benef\u00edcio aos empregados com carteira assinada. Institu\u00eddo pela Lei n\u00ba 4.090, de 13 de julho de 1962, o 13\u00ba garante um sal\u00e1rio extra no encerramento do ano e se tornou um dos principais direitos trabalhistas do pa\u00eds.<\/p>\n<p>Conforme a legisla\u00e7\u00e3o, tem direito ao benef\u00edcio o trabalhador que executou as atividades por 15 dias ou mais durante o ano \u2013 e que n\u00e3o foi demitido por justa causa.<\/p>\n<h2>Como o 13\u00b0 \u00e9 calculado?<\/h2>\n<p>O \u00a0valor da gratifica\u00e7\u00e3o de natal \u00e9 proporcional ao per\u00edodo trabalhado. Ou seja, <strong>se o colaborador trabalhou 12 meses, o valor do 13\u00b0 deve corresponder ao total de seu sal\u00e1rio mensal.<\/strong> J\u00e1 no cen\u00e1rio em que a pessoa trabalhou apenas 6 meses no ano, o b\u00f4nus natalino corresponder\u00e1 a 50% da sua remunera\u00e7\u00e3o.<\/p>\n<p><strong>Confira como fazer o c\u00e1culo da primeira parcela:<\/strong><\/p>\n<ul>\n<li>Dividir o valor do sal\u00e1rio bruto mensal por 12;<\/li>\n<li>Multiplicar o resultado pelo n\u00famero de meses trabalhados;<\/li>\n<li>Dividir o resultado por 2 para obter o valor da primeira parcela do 13\u00ba.<\/li>\n<\/ul>\n<p>O <strong>benef\u00edcio \u00e9 pago em duas parcelas anualmente<\/strong>. A primeira deve ser paga at\u00e9 o dia 30 de novembro de cada ano, considerando o valor bruto da remunera\u00e7\u00e3o mensal. J\u00e1 a segunda parcela pode ser paga at\u00e9 o dia 20 de dezembro. O empregador tamb\u00e9m pode realizar o pagamento integral \u2013 respeitando a primeira data.<\/p>\n<p>O valor da segunda parcela \u00e9 diferente da primeira, considerando que s\u00e3o inclusos no c\u00e1lculo dela os descontos do trabalhador sob as normas da CLT.<\/p>\n<p>O trabalhador tem assegurado que a cada m\u00eas trabalhado tenha o direito de receber o valor extra correspondente a 1\/12 (um doze avos) do seu sal\u00e1rio no ano correspondente.\u00a0<\/p>\n<p>Para calcular a segunda parcela do 13\u00b0, o sal\u00e1rio bruto \u00e9 dividido por 12 e multiplicado pelo n\u00famero de meses trabalhados. Do montante s\u00e3o subtra\u00eddos o Imposto de Renda e a contribui\u00e7\u00e3o para o Instituto Nacional do Seguro Social (INSS) \u2013 conforme como j\u00e1 ocorre com o sal\u00e1rio, m\u00eas a m\u00eas.<\/p>\n<p>\t\t\t\t\t\t\t\t\t<img loading=\"lazy\" decoding=\"async\" src=\"https:\/\/brasil61.com\/api\/v1\/serve_pixel\/17677\/85346\" alt=\"Pixel Brasil 61\" class=\"b61_pixel\" width=\"0\" height=\"0\"><\/p>\n<input type=\"hidden\" id=\"baseurl\" value=\"https:\/\/noticiasdestaque.com.br\"><input type=\"hidden\" id=\"audio_nonce\" value=\"6f73a554f1\">","protected":false},"excerpt":{"rendered":"<p>Previsto pela Lei n\u00ba 4.090\/62, repasse garante remunera\u00e7\u00e3o extra aos trabalhadores brasileiros que t\u00eam carteira assinada; pagamento \u00e9 feito em duas parcelas<\/p>\n","protected":false},"author":1,"featured_media":46880,"comment_status":"open","ping_status":"open","sticky":false,"template":"","format":"standard","meta":{"fifu_image_url":"","fifu_image_alt":"","footnotes":""},"categories":[59],"tags":[],"class_list":["post-46879","post","type-post","status-publish","format-standard","has-post-thumbnail","hentry","category-economia"],"distributor_meta":false,"distributor_terms":false,"distributor_media":false,"distributor_original_site_name":"Noticias em Destaque","distributor_original_site_url":"https:\/\/noticiasdestaque.com.br","push-errors":false,"_links":{"self":[{"href":"https:\/\/noticiasdestaque.com.br\/index.php\/wp-json\/wp\/v2\/posts\/46879","targetHints":{"allow":["GET"]}}],"collection":[{"href":"https:\/\/noticiasdestaque.com.br\/index.php\/wp-json\/wp\/v2\/posts"}],"about":[{"href":"https:\/\/noticiasdestaque.com.br\/index.php\/wp-json\/wp\/v2\/types\/post"}],"author":[{"embeddable":true,"href":"https:\/\/noticiasdestaque.com.br\/index.php\/wp-json\/wp\/v2\/users\/1"}],"replies":[{"embeddable":true,"href":"https:\/\/noticiasdestaque.com.br\/index.php\/wp-json\/wp\/v2\/comments?post=46879"}],"version-history":[{"count":0,"href":"https:\/\/noticiasdestaque.com.br\/index.php\/wp-json\/wp\/v2\/posts\/46879\/revisions"}],"wp:featuredmedia":[{"embeddable":true,"href":"https:\/\/noticiasdestaque.com.br\/index.php\/wp-json\/wp\/v2\/media\/46880"}],"wp:attachment":[{"href":"https:\/\/noticiasdestaque.com.br\/index.php\/wp-json\/wp\/v2\/media?parent=46879"}],"wp:term":[{"taxonomy":"category","embeddable":true,"href":"https:\/\/noticiasdestaque.com.br\/index.php\/wp-json\/wp\/v2\/categories?post=46879"},{"taxonomy":"post_tag","embeddable":true,"href":"https:\/\/noticiasdestaque.com.br\/index.php\/wp-json\/wp\/v2\/tags?post=46879"}],"curies":[{"name":"wp","href":"https:\/\/api.w.org\/{rel}","templated":true}]}}