{"id":46849,"date":"2025-10-20T19:30:00","date_gmt":"2025-10-20T22:30:00","guid":{"rendered":"https:\/\/noticiasdestaque.com.br\/index.php\/2025\/10\/20\/previsao-do-tempo-alerta-de-vendaval-e-chuvas-intensas-para-o-sudeste-nesta-terca-feira-21\/"},"modified":"2025-10-20T19:30:00","modified_gmt":"2025-10-20T22:30:00","slug":"previsao-do-tempo-alerta-de-vendaval-e-chuvas-intensas-para-o-sudeste-nesta-terca-feira-21","status":"publish","type":"post","link":"https:\/\/noticiasdestaque.com.br\/index.php\/2025\/10\/20\/previsao-do-tempo-alerta-de-vendaval-e-chuvas-intensas-para-o-sudeste-nesta-terca-feira-21\/","title":{"rendered":"PREVIS\u00c3O DO TEMPO:  Alerta de vendaval e chuvas intensas para o Sudeste nesta ter\u00e7a-feira (21)"},"content":{"rendered":"<p>\t\t\t\t\t\t\t\t\t\t<audio controls class=\"b61_audio_player\" data-noticia=\"85345\" src=\"https:\/\/brasil61.com\/rails\/active_storage\/blobs\/eyJfcmFpbHMiOnsibWVzc2FnZSI6IkJBaHBBenF3QXc9PSIsImV4cCI6bnVsbCwicHVyIjoiYmxvYl9pZCJ9fQ==--ffe6b0612ea178306dd29e73d20d5cbb53844a0e\/PTSD254227A\"><\/audio><\/p>\n<p>\u00a0<\/p>\n<\/p>\n<p>A previs\u00e3o do tempo para a regi\u00e3o Sudeste do pa\u00eds, nesta ter\u00e7a-feira (21), indica condi\u00e7\u00f5es de vendaval e chuvas acumuladas em alguns estados. O Instituto Nacional de Meteorologia (Inmet) emitiu alerta de perigo para vendaval em S\u00e3o Paulo e Minas Gerais, al\u00e9m de perigo de acumulado de chuva no Esp\u00edrito Santo.<\/p>\n<p>Em S\u00e3o Paulo, a regi\u00e3o que vai de Campinas at\u00e9 o litoral sul ser\u00e1 atingida por nevoeiro, afetando munic\u00edpios como Piracicaba, Cap\u00e3o Bonito, Ponto Feliz e Leme, o que pode reduzir a visibilidade e causar transtornos.\u00a0<\/p>\n<p>J\u00e1 em Minas Gerais, muitas nuvens cobrem a regi\u00e3o central, incluindo cidades como Diamantina, Paulistas e Nova Era, com precipita\u00e7\u00f5es previstas para a regi\u00e3o norte, afetando S\u00e3o Jo\u00e3o do Para\u00edso, Janu\u00e1ria e Monte Azul.\u00a0<\/p>\n<p>No Esp\u00edrito Santo, h\u00e1 possibilidade de chuvas acumuladas em munic\u00edpios como Pinheiros, Montanhas e S\u00e3o Mateus. No Rio de Janeiro, o tempo permanece claro durante todo o dia, com c\u00e9u aberto e sem previs\u00e3o de chuvas.<\/p>\n<p>Entre as capitais, a temperatura m\u00ednima prevista \u00e9 de 10\u00b0C,em S\u00e3o Paulo e Minas Gerais. J\u00e1 a m\u00e1xima pode chegar at\u00e9 26\u00b0C, em Belo Horizonte. A \u00a0umidade relativa do ar varia entre \u00a030% e 100%.<\/p>\n<h2>5 motivos para acompanhar as previs\u00f5es do tempo<\/h2>\n<ul>\n<li>Agricultura: garantia de uma boa colheita;<\/li>\n<li>Marinha: prote\u00e7\u00e3o de marinheiros, navios e passageiros;<\/li>\n<li>Aeron\u00e1utica: seguran\u00e7a de pilotos, aeronaves e passageiros;<\/li>\n<li>Pesca: condi\u00e7\u00f5es favor\u00e1veis e seguras para a atividade;<\/li>\n<li>Turismo: garantia de passeios e viagens tranquilas e agrad\u00e1veis.<\/li>\n<\/ul>\n<h2>Import\u00e2ncia das observa\u00e7\u00f5es meteorol\u00f3gicas no INMET<\/h2>\n<p>As observa\u00e7\u00f5es meteorol\u00f3gicas do INMET s\u00e3o essenciais para previs\u00f5es em tempo real, estat\u00edsticas clim\u00e1ticas e coopera\u00e7\u00e3o internacional. Esses dados precisos ajudam a estudar o clima passado e a produzir Normais Climatol\u00f3gicas conforme a Organiza\u00e7\u00e3o Meteorol\u00f3gica Mundial (<a href=\"https:\/\/worldweather.wmo.int\/pt\/home.html\">OMM<\/a>).<\/p>\n<p>As informa\u00e7\u00f5es s\u00e3o do Instituto Nacional de Meteorologia (<a href=\"https:\/\/portal.inmet.gov.br\/\">Inmet<\/a>).<br \/>\n\u00a0<\/p>\n<p>\t\t\t\t\t\t\t\t\t<img loading=\"lazy\" decoding=\"async\" src=\"https:\/\/brasil61.com\/api\/v1\/serve_pixel\/17677\/85345\" alt=\"Pixel Brasil 61\" class=\"b61_pixel\" width=\"0\" height=\"0\"><\/p>\n<input type=\"hidden\" id=\"baseurl\" value=\"https:\/\/noticiasdestaque.com.br\"><input type=\"hidden\" id=\"audio_nonce\" value=\"6f73a554f1\">","protected":false},"excerpt":{"rendered":"<p>Entre as capitais, a temperatura m\u00ednima prevista \u00e9 de 10\u00b0C, em S\u00e3o Paulo e Minas Gerais. J\u00e1 a m\u00e1xima pode chegar at\u00e9 26\u00b0C, em Belo Horizonte. A  umidade relativa do ar varia entre  30% e 100%<\/p>\n","protected":false},"author":1,"featured_media":46850,"comment_status":"open","ping_status":"open","sticky":false,"template":"","format":"standard","meta":{"fifu_image_url":"","fifu_image_alt":"","footnotes":""},"categories":[58],"tags":[],"class_list":["post-46849","post","type-post","status-publish","format-standard","has-post-thumbnail","hentry","category-cotidiano"],"distributor_meta":false,"distributor_terms":false,"distributor_media":false,"distributor_original_site_name":"Noticias em Destaque","distributor_original_site_url":"https:\/\/noticiasdestaque.com.br","push-errors":false,"_links":{"self":[{"href":"https:\/\/noticiasdestaque.com.br\/index.php\/wp-json\/wp\/v2\/posts\/46849","targetHints":{"allow":["GET"]}}],"collection":[{"href":"https:\/\/noticiasdestaque.com.br\/index.php\/wp-json\/wp\/v2\/posts"}],"about":[{"href":"https:\/\/noticiasdestaque.com.br\/index.php\/wp-json\/wp\/v2\/types\/post"}],"author":[{"embeddable":true,"href":"https:\/\/noticiasdestaque.com.br\/index.php\/wp-json\/wp\/v2\/users\/1"}],"replies":[{"embeddable":true,"href":"https:\/\/noticiasdestaque.com.br\/index.php\/wp-json\/wp\/v2\/comments?post=46849"}],"version-history":[{"count":0,"href":"https:\/\/noticiasdestaque.com.br\/index.php\/wp-json\/wp\/v2\/posts\/46849\/revisions"}],"wp:featuredmedia":[{"embeddable":true,"href":"https:\/\/noticiasdestaque.com.br\/index.php\/wp-json\/wp\/v2\/media\/46850"}],"wp:attachment":[{"href":"https:\/\/noticiasdestaque.com.br\/index.php\/wp-json\/wp\/v2\/media?parent=46849"}],"wp:term":[{"taxonomy":"category","embeddable":true,"href":"https:\/\/noticiasdestaque.com.br\/index.php\/wp-json\/wp\/v2\/categories?post=46849"},{"taxonomy":"post_tag","embeddable":true,"href":"https:\/\/noticiasdestaque.com.br\/index.php\/wp-json\/wp\/v2\/tags?post=46849"}],"curies":[{"name":"wp","href":"https:\/\/api.w.org\/{rel}","templated":true}]}}