{"id":46835,"date":"2025-10-20T04:30:00","date_gmt":"2025-10-20T07:30:00","guid":{"rendered":"https:\/\/noticiasdestaque.com.br\/index.php\/2025\/10\/20\/projeto-de-lei-quer-acelerar-exploracao-de-minerais-estrategicos-no-brasil\/"},"modified":"2025-10-20T04:30:00","modified_gmt":"2025-10-20T07:30:00","slug":"projeto-de-lei-quer-acelerar-exploracao-de-minerais-estrategicos-no-brasil","status":"publish","type":"post","link":"https:\/\/noticiasdestaque.com.br\/index.php\/2025\/10\/20\/projeto-de-lei-quer-acelerar-exploracao-de-minerais-estrategicos-no-brasil\/","title":{"rendered":"Projeto de lei quer acelerar explora\u00e7\u00e3o de minerais estrat\u00e9gicos no Brasil"},"content":{"rendered":"<p>\t\t\t\t\t\t\t\t\t\t<audio controls class=\"b61_audio_player\" data-noticia=\"85302\" src=\"https:\/\/brasil61.com\/rails\/active_storage\/blobs\/eyJfcmFpbHMiOnsibWVzc2FnZSI6IkJBaHBBeUd2QXc9PSIsImV4cCI6bnVsbCwicHVyIjoiYmxvYl9pZCJ9fQ==--b2dce1646c41e18dc62f40ffd07c15fd37bf7d44\/BRAS2514959A\"><\/audio><\/p>\n<p>Um projeto de lei em tramita\u00e7\u00e3o no Congresso Nacional pretende priorizar a an\u00e1lise de projetos relacionados a minerais cr\u00edticos e minerais estrat\u00e9gicos, por parte da Ag\u00eancia Nacional de Minera\u00e7\u00e3o <a href=\"https:\/\/www.gov.br\/anm\/pt-br\" target=\"_blank\">(ANM)<\/a>. Trata-se do <a href=\"https:\/\/www.camara.leg.br\/proposicoesWeb\/fichadetramitacao?idProposicao=2447259\" target=\"_blank\">PL 2780\/2024<\/a>, que institui a cria\u00e7\u00e3o da Pol\u00edtica Nacional de Minerais Cr\u00edticos e Estrat\u00e9gicos (PNMCE).\u00a0<\/p>\n<p>No \u00faltimo dia 14 de outubro, a <a href=\"https:\/\/www2.camara.leg.br\/atividade-legislativa\/comissoes\/comissoes-temporarias\/especiais\/57a-legislatura\/transicao-energetica-e-producao-de-hidrogenio-verde\" target=\"_blank\">comiss\u00e3o especial<\/a> da <a href=\"https:\/\/www.camara.leg.br\/\" target=\"_blank\">C\u00e2mara dos Deputados<\/a> sobre transi\u00e7\u00e3o energ\u00e9tica e produ\u00e7\u00e3o de hidrog\u00eanio reuniu pol\u00edticos e autoridades para debater o tema.\u00a0<\/p>\n<p>Segundo a superintendente de Economia Mineral e Geoinforma\u00e7\u00e3o da ANM, Inara Oliveira Barbosa, a iniciativa legislativa est\u00e1 alinhada com a estrat\u00e9gia adotada pela autarquia, que desde agosto deste ano conta com uma divis\u00e3o espec\u00edfica para tratar do assunto.<\/p>\n<p>\u201cA medida n\u00e3o tem rela\u00e7\u00e3o direta com o PL nem com o recente interesse estrangeiro. Foi algo que nasceu a partir do excesso de demanda que estamos recebendo. Com a cria\u00e7\u00e3o da Divis\u00e3o de Minerais Cr\u00edticos e Estrat\u00e9gicos, todos os processos dentro deste segmento passam a receber uma aten\u00e7\u00e3o especial da ag\u00eancia desde a pesquisa at\u00e9 a lavra\u201d, afirma.\u00a0<\/p>\n<p>Ainda na avalia\u00e7\u00e3o de Inara, a proposta apresenta pontos positivos, como a abordagem estrat\u00e9gica em \u00e2mbito nacional a partir de planos e pol\u00edticas de diferentes setores, como minera\u00e7\u00e3o, ind\u00fastria e fertilizantes. Por\u00e9m, ela ressalta a necessidade de que a mat\u00e9ria crie mais est\u00edmulos para o desenvolvimento do segmento de transforma\u00e7\u00e3o, para agregar maior valor \u00e0 cadeia produtiva miner\u00e1ria.\u00a0<\/p>\n<p>\u201cO texto menciona alguns incentivos, mas todos aparecem como algo volunt\u00e1rio. N\u00e3o est\u00e1 prevista a cria\u00e7\u00e3o de mecanismos mais efetivos, por\u00e9m acredito que isso pode vir em um segundo momento, com a regulamenta\u00e7\u00e3o\u201d, complementa.<\/p>\n<p><a href=\"https:\/\/brasil61.com\/n\/fpm-mais-de-r-1-9-bi-sera-partilhado-entre-municipios-na-segunda-feira-20-bras2514949\" target=\"_blank\">FPM: Mais de R$ 1,9 bilh\u00e3o ser\u00e1 partilhado entre munic\u00edpios na segunda-feira (20)<\/a><\/p>\n<p><a href=\"https:\/\/brasil61.com\/n\/municipios-podem-aderir-a-declaracao-das-cidades-e-firmar-compromissos-ate-a-cop30-bras2514951\" target=\"_blank\">Munic\u00edpios podem aderir \u00e0 Declara\u00e7\u00e3o das Cidades e firmar compromissos at\u00e9 a COP30<\/a><\/p>\n<p>O PL tramita em regime de urg\u00eancia e, atualmente, a mat\u00e9ria est\u00e1 pronta para Pauta no Plen\u00e1rio da Casa. Os projetos com urg\u00eancia podem ser votados diretamente no Plen\u00e1rio, sem antes passar pelas comiss\u00f5es da C\u00e2mara.<\/p>\n<p>\u201cAlguns desses minerais s\u00e3o cr\u00edticos para o Brasil, n\u00e3o apenas em termos de seguran\u00e7a energ\u00e9tica, mas tamb\u00e9m para a seguran\u00e7a alimentar\u201d, defende o autor da proposta, deputado Z\u00e9 Silva (Solidariedade-MG).<\/p>\n<h2>Dados do setor<\/h2>\n<p>No primeiro semestre de 2025, o setor mineral faturou R$ 139,2 bilh\u00f5es. O valor corresponde a um salto de 7,5% em rela\u00e7\u00e3o ao mesmo per\u00edodo de 2024, quando a quantia faturada foi de R$ 129,5 bilh\u00f5es.\u00a0<\/p>\n<p>Os estados de Minas Gerais, Par\u00e1 e Bahia lideraram o faturamento, com participa\u00e7\u00f5es de 39,7%, 34,6% e 4,8%, respectivamente, no faturamento total do setor.<\/p>\n<p>O faturamento de minerais cr\u00edticos foi de R$ 21,6 bilh\u00f5es, ou seja, 41,6% de eleva\u00e7\u00e3o, na compara\u00e7\u00e3o com os seis primeiros meses do ano passado, quando o total foi de R$ 15,2 bilh\u00f5es. As exporta\u00e7\u00f5es desse tipo de minerais somaram U$S 3,64 bilh\u00f5es, correspondente a 3,58 milh\u00f5es de toneladas. Os <a href=\"http:\/\/file:\/\/\/C:\/Users\/Ag%C3%AAncia%20do%20R%C3%A1dio\/Downloads\/Setor-Mineral-1o-semestre-2025-%E2%80%93-1S25-3.pdf\" target=\"_blank\">dados<\/a> s\u00e3o do Instituto Brasileiro de Minera\u00e7\u00e3o <a href=\"https:\/\/ibram.org.br\/\" target=\"_blank\">(IBRAM)<\/a>.<br \/>\n\u00a0<\/p>\n<p>\t\t\t\t\t\t\t\t\t<img loading=\"lazy\" decoding=\"async\" src=\"https:\/\/brasil61.com\/api\/v1\/serve_pixel\/17677\/85302\" alt=\"Pixel Brasil 61\" class=\"b61_pixel\" width=\"0\" height=\"0\"><\/p>\n<input type=\"hidden\" id=\"baseurl\" value=\"https:\/\/noticiasdestaque.com.br\"><input type=\"hidden\" id=\"audio_nonce\" value=\"6a24ca502e\">","protected":false},"excerpt":{"rendered":"<p>Iniciativa prev\u00ea prioridade a pedidos na ANM e integra a agenda de seguran\u00e7a energ\u00e9tica e industrial do pa\u00eds, que registrou alta de 41% no faturamento do setor em 2025<\/p>\n","protected":false},"author":1,"featured_media":46836,"comment_status":"open","ping_status":"open","sticky":false,"template":"","format":"standard","meta":{"fifu_image_url":"","fifu_image_alt":"","footnotes":""},"categories":[59],"tags":[],"class_list":["post-46835","post","type-post","status-publish","format-standard","has-post-thumbnail","hentry","category-economia"],"distributor_meta":false,"distributor_terms":false,"distributor_media":false,"distributor_original_site_name":"Noticias em Destaque","distributor_original_site_url":"https:\/\/noticiasdestaque.com.br","push-errors":false,"_links":{"self":[{"href":"https:\/\/noticiasdestaque.com.br\/index.php\/wp-json\/wp\/v2\/posts\/46835","targetHints":{"allow":["GET"]}}],"collection":[{"href":"https:\/\/noticiasdestaque.com.br\/index.php\/wp-json\/wp\/v2\/posts"}],"about":[{"href":"https:\/\/noticiasdestaque.com.br\/index.php\/wp-json\/wp\/v2\/types\/post"}],"author":[{"embeddable":true,"href":"https:\/\/noticiasdestaque.com.br\/index.php\/wp-json\/wp\/v2\/users\/1"}],"replies":[{"embeddable":true,"href":"https:\/\/noticiasdestaque.com.br\/index.php\/wp-json\/wp\/v2\/comments?post=46835"}],"version-history":[{"count":0,"href":"https:\/\/noticiasdestaque.com.br\/index.php\/wp-json\/wp\/v2\/posts\/46835\/revisions"}],"wp:featuredmedia":[{"embeddable":true,"href":"https:\/\/noticiasdestaque.com.br\/index.php\/wp-json\/wp\/v2\/media\/46836"}],"wp:attachment":[{"href":"https:\/\/noticiasdestaque.com.br\/index.php\/wp-json\/wp\/v2\/media?parent=46835"}],"wp:term":[{"taxonomy":"category","embeddable":true,"href":"https:\/\/noticiasdestaque.com.br\/index.php\/wp-json\/wp\/v2\/categories?post=46835"},{"taxonomy":"post_tag","embeddable":true,"href":"https:\/\/noticiasdestaque.com.br\/index.php\/wp-json\/wp\/v2\/tags?post=46835"}],"curies":[{"name":"wp","href":"https:\/\/api.w.org\/{rel}","templated":true}]}}