{"id":46799,"date":"2025-10-18T04:10:00","date_gmt":"2025-10-18T07:10:00","guid":{"rendered":"https:\/\/noticiasdestaque.com.br\/index.php\/2025\/10\/18\/projeto-que-endurece-regras-para-liberdade-provisoria-avanca-no-senado\/"},"modified":"2025-10-18T04:10:00","modified_gmt":"2025-10-18T07:10:00","slug":"projeto-que-endurece-regras-para-liberdade-provisoria-avanca-no-senado","status":"publish","type":"post","link":"https:\/\/noticiasdestaque.com.br\/index.php\/2025\/10\/18\/projeto-que-endurece-regras-para-liberdade-provisoria-avanca-no-senado\/","title":{"rendered":"Projeto que endurece regras para liberdade provis\u00f3ria avan\u00e7a no Senado"},"content":{"rendered":"<p>\t\t\t\t\t\t\t\t\t\t<audio controls class=\"b61_audio_player\" data-noticia=\"85322\" src=\"https:\/\/brasil61.com\/rails\/active_storage\/blobs\/eyJfcmFpbHMiOnsibWVzc2FnZSI6IkJBaHBBMnl2QXc9PSIsImV4cCI6bnVsbCwicHVyIjoiYmxvYl9pZCJ9fQ==--05b0cc4055bc56c0a96a71b6660fd9b4bafe33a4\/BRAS2514963A\"><\/audio><\/p>\n<p>Est\u00e1 em tramita\u00e7\u00e3o no Senado um projeto de lei que impede a concess\u00e3o de liberdade provis\u00f3ria para pessoas presas em flagrante por crimes considerados graves. A proposta altera o C\u00f3digo de Processo Penal para estabelecer situa\u00e7\u00f5es em que o juiz n\u00e3o poder\u00e1 conceder esse benef\u00edcio.<\/p>\n<h2>O que prop\u00f5e<\/h2>\n<p>O texto determina que, mesmo com aplica\u00e7\u00e3o de medidas cautelares, a liberdade provis\u00f3ria dever\u00e1 ser negada se houver ind\u00edcios razo\u00e1veis de autoria ou materialidade e o acusado se enquadrar em uma das seguintes situa\u00e7\u00f5es:<\/p>\n<ul>\n<li>Reincid\u00eancia criminal;<\/li>\n<li>Pris\u00e3o anterior em flagrante com libera\u00e7\u00e3o por audi\u00eancia de cust\u00f3dia;<\/li>\n<li>Porte ilegal de arma de fogo de uso proibido ou restrito;<\/li>\n<li>Participa\u00e7\u00e3o em fac\u00e7\u00e3o criminosa ou mil\u00edcia;<\/li>\n<li>Cometimento de crime com viol\u00eancia ou grave amea\u00e7a com uso de arma de fogo;<\/li>\n<li>Envolvimento em tr\u00e1fico de drogas com agravantes, como proximidade de escolas ou atua\u00e7\u00e3o interestadual.<\/li>\n<\/ul>\n<p>Al\u00e9m disso, a decis\u00e3o judicial dever\u00e1 considerar a conduta social e os antecedentes do acusado. Caber\u00e1 ao delegado ou ao Minist\u00e9rio P\u00fablico apresentar provas e justificativas que indiquem, por exemplo, liga\u00e7\u00e3o com organiza\u00e7\u00f5es criminosas.<\/p>\n<h2>Audi\u00eancia p\u00fablica e debate<\/h2>\n<p>A proposta foi debatida em audi\u00eancia p\u00fablica na Comiss\u00e3o de Constitui\u00e7\u00e3o e Justi\u00e7a do Senado, com participa\u00e7\u00e3o de especialistas, representantes de institui\u00e7\u00f5es e cidad\u00e3os.<\/p>\n<p>Durante o debate, foi apontado que a audi\u00eancia de cust\u00f3dia, mecanismo que garante a apresenta\u00e7\u00e3o do preso ao juiz em at\u00e9 24 horas, vem sendo utilizada de forma excessiva, permitindo a libera\u00e7\u00e3o imediata de pessoas com hist\u00f3rico de crimes graves.<\/p>\n<p>O projeto busca inverter essa l\u00f3gica, tornando a pris\u00e3o a regra em casos de maior gravidade e dificultando o uso de medidas alternativas \u00e0 deten\u00e7\u00e3o.<\/p>\n<h2>Tramita\u00e7\u00e3o<\/h2>\n<p>O projeto j\u00e1 foi aprovado na C\u00e2mara dos Deputados e atualmente est\u00e1 em an\u00e1lise na Comiss\u00e3o de Constitui\u00e7\u00e3o e Justi\u00e7a do Senado. Caso receba parecer favor\u00e1vel, poder\u00e1 seguir para vota\u00e7\u00e3o no Plen\u00e1rio.<\/p>\n<p>As informa\u00e7\u00f5es s\u00e3o da <a href=\"https:\/\/www12.senado.leg.br\/noticias\/materias\/2025\/10\/14\/debatedores-pedem-rigor-para-liberdade-provisoria-e-criticam-audiencia-de-custodia\" target=\"_blank\">Ag\u00eancia Senado<\/a>.<\/p>\n<p>\t\t\t\t\t\t\t\t\t<img loading=\"lazy\" decoding=\"async\" src=\"https:\/\/brasil61.com\/api\/v1\/serve_pixel\/17677\/85322\" alt=\"Pixel Brasil 61\" class=\"b61_pixel\" width=\"0\" height=\"0\"><\/p>\n<input type=\"hidden\" id=\"baseurl\" value=\"https:\/\/noticiasdestaque.com.br\"><input type=\"hidden\" id=\"audio_nonce\" value=\"6a24ca502e\">","protected":false},"excerpt":{"rendered":"<p>Texto j\u00e1 aprovado pela C\u00e2mara define que ju\u00edzes n\u00e3o poder\u00e3o conceder o benef\u00edcio a acusados reincidentes ou ligados ao crime organizado<\/p>\n","protected":false},"author":1,"featured_media":46800,"comment_status":"open","ping_status":"open","sticky":false,"template":"","format":"standard","meta":{"fifu_image_url":"","fifu_image_alt":"","footnotes":""},"categories":[50],"tags":[],"class_list":["post-46799","post","type-post","status-publish","format-standard","has-post-thumbnail","hentry","category-politica"],"distributor_meta":false,"distributor_terms":false,"distributor_media":false,"distributor_original_site_name":"Noticias em Destaque","distributor_original_site_url":"https:\/\/noticiasdestaque.com.br","push-errors":false,"_links":{"self":[{"href":"https:\/\/noticiasdestaque.com.br\/index.php\/wp-json\/wp\/v2\/posts\/46799","targetHints":{"allow":["GET"]}}],"collection":[{"href":"https:\/\/noticiasdestaque.com.br\/index.php\/wp-json\/wp\/v2\/posts"}],"about":[{"href":"https:\/\/noticiasdestaque.com.br\/index.php\/wp-json\/wp\/v2\/types\/post"}],"author":[{"embeddable":true,"href":"https:\/\/noticiasdestaque.com.br\/index.php\/wp-json\/wp\/v2\/users\/1"}],"replies":[{"embeddable":true,"href":"https:\/\/noticiasdestaque.com.br\/index.php\/wp-json\/wp\/v2\/comments?post=46799"}],"version-history":[{"count":0,"href":"https:\/\/noticiasdestaque.com.br\/index.php\/wp-json\/wp\/v2\/posts\/46799\/revisions"}],"wp:featuredmedia":[{"embeddable":true,"href":"https:\/\/noticiasdestaque.com.br\/index.php\/wp-json\/wp\/v2\/media\/46800"}],"wp:attachment":[{"href":"https:\/\/noticiasdestaque.com.br\/index.php\/wp-json\/wp\/v2\/media?parent=46799"}],"wp:term":[{"taxonomy":"category","embeddable":true,"href":"https:\/\/noticiasdestaque.com.br\/index.php\/wp-json\/wp\/v2\/categories?post=46799"},{"taxonomy":"post_tag","embeddable":true,"href":"https:\/\/noticiasdestaque.com.br\/index.php\/wp-json\/wp\/v2\/tags?post=46799"}],"curies":[{"name":"wp","href":"https:\/\/api.w.org\/{rel}","templated":true}]}}