{"id":46797,"date":"2025-10-18T04:45:00","date_gmt":"2025-10-18T07:45:00","guid":{"rendered":"https:\/\/noticiasdestaque.com.br\/index.php\/2025\/10\/18\/brasil-e-india-ampliam-parceria-economica-e-abrem-nova-fase-nas-relacoes-bilaterais\/"},"modified":"2025-10-18T04:45:00","modified_gmt":"2025-10-18T07:45:00","slug":"brasil-e-india-ampliam-parceria-economica-e-abrem-nova-fase-nas-relacoes-bilaterais","status":"publish","type":"post","link":"https:\/\/noticiasdestaque.com.br\/index.php\/2025\/10\/18\/brasil-e-india-ampliam-parceria-economica-e-abrem-nova-fase-nas-relacoes-bilaterais\/","title":{"rendered":"Brasil e \u00cdndia ampliam parceria econ\u00f4mica e abrem nova fase nas rela\u00e7\u00f5es bilaterais"},"content":{"rendered":"<p>\t\t\t\t\t\t\t\t\t\t<audio controls class=\"b61_audio_player\" data-noticia=\"85329\" src=\"https:\/\/brasil61.com\/rails\/active_storage\/blobs\/eyJfcmFpbHMiOnsibWVzc2FnZSI6IkJBaHBBM092QXc9PSIsImV4cCI6bnVsbCwicHVyIjoiYmxvYl9pZCJ9fQ==--298dba1d0e1b137d7e2840fea91e12a0135ce59a\/APEX250075A\"><\/audio><\/p>\n<p><strong>As rela\u00e7\u00f5es econ\u00f4micas entre Brasil e \u00cdndia se encontram em um ciclo virtuoso. Representantes dos dois pa\u00edses se reuniram em Nova D\u00e9lhi, a capital indiana, nesta quinta (16) e sexta-feira (17), para tratar do com\u00e9rcio bilateral entre as duas na\u00e7\u00f5es, durante o Di\u00e1logo Empresarial \u00cdndia-Brasil 2025.<\/strong><\/p>\n<p>O evento foi organizado pela Ag\u00eancia Brasileira de Promo\u00e7\u00e3o de Exporta\u00e7\u00f5es e Investimentos <a href=\"https:\/\/apexbrasil.com.br\/\" target=\"_blank\">(ApexBrasil)<\/a>, em parceria com a Confedera\u00e7\u00e3o Nacional da Ind\u00fastria <a href=\"https:\/\/cni.portaldaindustria.com.br\/pt\/\" target=\"_blank\">(CNI)<\/a> e a Federation of Indian Chambers of Commerce and Industry <a href=\"https:\/\/ficci.in\/\" target=\"_blank\">(FICCI)<\/a>.<\/p>\n<p><strong>A iniciativa faz parte da miss\u00e3o institucional e empresarial do Minist\u00e9rio do Desenvolvimento, Ind\u00fastria, Com\u00e9rcio e Servi\u00e7os (MDIC) e do Minist\u00e9rio das Rela\u00e7\u00f5es Exteriores (MRE).<\/strong><\/p>\n<p>Segundo o vice-presidente da Rep\u00fablica e ministro do MDIC, Geraldo Alckmin, os dois pa\u00edses compartilham uma vis\u00e3o comum de desenvolvimento sustent\u00e1vel e inclusivo. \u201cEste di\u00e1logo \u00e9 essencial para ampliar investimentos, fortalecer a integra\u00e7\u00e3o produtiva e consolidar novas oportunidades entre nossos pa\u00edses\u201d, disse.<\/p>\n<p>Para a diretora de Neg\u00f3cios da ApexBrasil, Ana Paula Repezza, as conversas foram positivas e apontam para uma aproxima\u00e7\u00e3o mais s\u00f3lida entre os dois pa\u00edses, inclusive com expans\u00e3o de setores beneficiados por poss\u00edveis acordos.<\/p>\n<p>\u201cO grande tom do semin\u00e1rio \u00e9 que existe uma complementaridade muito grande entre \u00cdndia e Brasil e uma vontade muito grande de estabelecer uma nova etapa do nosso relacionamento, em que o pragmatismo seja a grande marca\u201d, pontuou.<\/p>\n<p>\u201cEsse pragmatismo vem n\u00e3o s\u00f3 da necessidade de ampliar e diversificar nossos mercados, mas tamb\u00e9m das oportunidades que existem n\u00e3o s\u00f3 em com\u00e9rcio como em investimentos, tanto no agroneg\u00f3cio quanto m\u00e1quinas, equipamentos, energias renov\u00e1veis e outros tipos de infraestrutura que ajudem no desenvolvimento sustent\u00e1vel dos dois pa\u00edses\u201d, completou a diretora. \u00a0\u00a0<\/p>\n<h2>O evento<\/h2>\n<p>A programa\u00e7\u00e3o do Di\u00e1logo Empresarial \u00cdndia-Brasil 2025 contou com a presen\u00e7a de autoridades e mais de 100 representantes de empresas e institui\u00e7\u00f5es das duas na\u00e7\u00f5es. Ao longo do evento, os participantes assistiram a pain\u00e9is, reuni\u00f5es bilaterais e sess\u00f5es tem\u00e1ticas acerca de investimentos, sustentabilidade e inova\u00e7\u00e3o.<\/p>\n<p><strong>Entre os objetivos da iniciativa est\u00e3o a busca pela amplia\u00e7\u00e3o do com\u00e9rcio, atrair investimentos, gerar empregos e fortalecer a coopera\u00e7\u00e3o entre Brasil e \u00cdndia. <\/strong>Na ocasi\u00e3o, tamb\u00e9m houve debates sobre as possibilidades de expans\u00e3o do Acordo Mercosul-\u00cdndia para inclus\u00e3o de mais setores beneficiados.<\/p>\n<h2>Compromisso conjunto<\/h2>\n<p>Durante o evento, a FICCI fez a entrega do \u201cGreen Certificate\u201d ao vice-presidente da Rep\u00fablica, Geraldo Alckmin, e ao ministro do Com\u00e9rcio e Ind\u00fastria da \u00cdndia, Piyush Goyal, em reconhecimento ao compromisso conjunto dos dois pa\u00edses com o desenvolvimento sustent\u00e1vel.<\/p>\n<p><a href=\"https:\/\/brasil61.com\/n\/expo-osaka-2025-pavilhao-brasil-se-destaca-ao-enfatizar-cultura-sustentabilidade-e-cooperacao-entre-os-povos-no-japao-apex250074\" target=\"_blank\">Expo Osaka 2025: Pavilh\u00e3o Brasil se destaca ao enfatizar cultura, sustentabilidade e coopera\u00e7\u00e3o entre os povos no Jap\u00e3o<\/a><\/p>\n<p><a href=\"https:\/\/brasil61.com\/n\/exporta-mais-brasil-chega-a-40-edicao-com-movimentacao-de-r-665-milhoes-em-expectativa-de-negocios-apex250072\" target=\"_blank\">Exporta Mais Brasil chega \u00e0 40\u00aa edi\u00e7\u00e3o com movimenta\u00e7\u00e3o de R$ 665 milh\u00f5es em expectativa de neg\u00f3cios<\/a><\/p>\n<p>Para a ApexBrasil, a premia\u00e7\u00e3o refor\u00e7a a atua\u00e7\u00e3o conjunta de ambas as na\u00e7\u00f5es no grupo BASIC (Brasil, \u00c1frica do Sul, \u00cdndia e China). O grupo foi formado em 2009, durante a COP 15, e visa \u00e0 coopera\u00e7\u00e3o em quest\u00f5es de mudan\u00e7a clim\u00e1tica, com foco em desenvolvimento sustent\u00e1vel e na necessidade de transi\u00e7\u00f5es justas para sociedades de baixo carbono.<\/p>\n<p>Na ocasi\u00e3o, tamb\u00e9m foi assinado o Termo de Refer\u00eancia do F\u00f3rum Empresarial de L\u00edderes Brasil\u2013\u00cdndia. Trata-se de uma iniciativa da CNI e da FICCI que pretende estreitar o di\u00e1logo entre o setor privado dos dois pa\u00edses e fortalecer a agenda de coopera\u00e7\u00e3o econ\u00f4mica e industrial.<\/p>\n<h2>Movimenta\u00e7\u00e3o econ\u00f4mica entre Brasil e \u00cdndia<\/h2>\n<p><strong>O com\u00e9rcio bilateral entre Brasil e \u00cdndia alcan\u00e7ou US$ 12,1 bilh\u00f5es, em 2024. <\/strong>Destacaram-se as exporta\u00e7\u00f5es brasileiras de a\u00e7\u00facar, petr\u00f3leo bruto, \u00f3leos vegetais e algod\u00e3o. A \u00cdndia, por sua vez, se firmou como um dos principais fornecedores de diesel, produtos farmac\u00eauticos e qu\u00edmicos ao pa\u00eds sul-americano.<\/p>\n<h2>Oportunidades de exporta\u00e7\u00e3o<\/h2>\n<p><strong>Um estudo divulgado pela ApexBrasil \u2013 denominado <a href=\"https:\/\/apexbrasil.com.br\/content\/apexbrasil\/br\/pt\/solucoes\/inteligencia\/estudos-e-publicacoes\/perfil-de-comercio-e-investimentos\/perfil-de-comercio-e-investimentos---india---2025.html\" target=\"_blank\">Perfil de Com\u00e9rcio e Investimentos \u2013 \u00cdndia 2025<\/a> \u2013 identifica 385 oportunidades de exporta\u00e7\u00e3o para empresas brasileiras em setores como prote\u00edna animal, celulose, etanol, pedras preciosas e m\u00e1quinas agr\u00edcolas, refletindo o alto potencial de complementaridade entre as duas economias.<\/strong><br \/>\n\u00a0<\/p>\n<p>\t\t\t\t\t\t\t\t\t<img loading=\"lazy\" decoding=\"async\" src=\"https:\/\/brasil61.com\/api\/v1\/serve_pixel\/17677\/85329\" alt=\"Pixel Brasil 61\" class=\"b61_pixel\" width=\"0\" height=\"0\"><\/p>\n<input type=\"hidden\" id=\"baseurl\" value=\"https:\/\/noticiasdestaque.com.br\"><input type=\"hidden\" id=\"audio_nonce\" value=\"6a24ca502e\">","protected":false},"excerpt":{"rendered":"<p>O com\u00e9rcio bilateral entre os dois pa\u00edses alcan\u00e7ou mais de US$ 12 bi, em 2024, com destaque para exporta\u00e7\u00f5es brasileiras de a\u00e7\u00facar, petr\u00f3leo bruto, \u00f3leos vegetais e algod\u00e3o<\/p>\n","protected":false},"author":1,"featured_media":46798,"comment_status":"open","ping_status":"open","sticky":false,"template":"","format":"standard","meta":{"fifu_image_url":"","fifu_image_alt":"","footnotes":""},"categories":[59],"tags":[],"class_list":["post-46797","post","type-post","status-publish","format-standard","has-post-thumbnail","hentry","category-economia"],"distributor_meta":false,"distributor_terms":false,"distributor_media":false,"distributor_original_site_name":"Noticias em Destaque","distributor_original_site_url":"https:\/\/noticiasdestaque.com.br","push-errors":false,"_links":{"self":[{"href":"https:\/\/noticiasdestaque.com.br\/index.php\/wp-json\/wp\/v2\/posts\/46797","targetHints":{"allow":["GET"]}}],"collection":[{"href":"https:\/\/noticiasdestaque.com.br\/index.php\/wp-json\/wp\/v2\/posts"}],"about":[{"href":"https:\/\/noticiasdestaque.com.br\/index.php\/wp-json\/wp\/v2\/types\/post"}],"author":[{"embeddable":true,"href":"https:\/\/noticiasdestaque.com.br\/index.php\/wp-json\/wp\/v2\/users\/1"}],"replies":[{"embeddable":true,"href":"https:\/\/noticiasdestaque.com.br\/index.php\/wp-json\/wp\/v2\/comments?post=46797"}],"version-history":[{"count":0,"href":"https:\/\/noticiasdestaque.com.br\/index.php\/wp-json\/wp\/v2\/posts\/46797\/revisions"}],"wp:featuredmedia":[{"embeddable":true,"href":"https:\/\/noticiasdestaque.com.br\/index.php\/wp-json\/wp\/v2\/media\/46798"}],"wp:attachment":[{"href":"https:\/\/noticiasdestaque.com.br\/index.php\/wp-json\/wp\/v2\/media?parent=46797"}],"wp:term":[{"taxonomy":"category","embeddable":true,"href":"https:\/\/noticiasdestaque.com.br\/index.php\/wp-json\/wp\/v2\/categories?post=46797"},{"taxonomy":"post_tag","embeddable":true,"href":"https:\/\/noticiasdestaque.com.br\/index.php\/wp-json\/wp\/v2\/tags?post=46797"}],"curies":[{"name":"wp","href":"https:\/\/api.w.org\/{rel}","templated":true}]}}