{"id":46795,"date":"2025-10-18T04:05:00","date_gmt":"2025-10-18T07:05:00","guid":{"rendered":"https:\/\/noticiasdestaque.com.br\/index.php\/2025\/10\/18\/vacinacao-dia-d-mobiliza-pais-neste-sabado-18\/"},"modified":"2025-10-18T04:05:00","modified_gmt":"2025-10-18T07:05:00","slug":"vacinacao-dia-d-mobiliza-pais-neste-sabado-18","status":"publish","type":"post","link":"https:\/\/noticiasdestaque.com.br\/index.php\/2025\/10\/18\/vacinacao-dia-d-mobiliza-pais-neste-sabado-18\/","title":{"rendered":"Vacina\u00e7\u00e3o: Dia D mobiliza pa\u00eds neste s\u00e1bado (18)"},"content":{"rendered":"<p>\t\t\t\t\t\t\t\t\t\t<audio controls class=\"b61_audio_player\" data-noticia=\"85330\" src=\"https:\/\/brasil61.com\/rails\/active_storage\/blobs\/eyJfcmFpbHMiOnsibWVzc2FnZSI6IkJBaHBBM212QXc9PSIsImV4cCI6bnVsbCwicHVyIjoiYmxvYl9pZCJ9fQ==--4e2ea8c022a2c4a281f14ccf8bb247dbf8691c41\/BRAS2514967A\"><\/audio><\/p>\n<p>O <a href=\"https:\/\/www.gov.br\/saude\/pt-br\">Minist\u00e9rio da Sa\u00fade\u00a0(MS)<\/a> promove neste s\u00e1bado (18)\u00a0o <strong>Dia D de mobiliza\u00e7\u00e3o, para atualizar a <a href=\"https:\/\/www.gov.br\/saude\/pt-br\/assuntos\/saude-de-a-a-z\/s\/saude-da-crianca\/caderneta\">caderneta<\/a> de crian\u00e7as e adolescentes menores de 15 anos<\/strong>. Os <strong>postos de sa\u00fade<\/strong> estar\u00e3o <strong>abertos <\/strong>em todo o pa\u00eds.\u00a0\u00a0<\/p>\n<p>A <strong>Campanha Nacional de Multivacina\u00e7\u00e3o<\/strong>, estrelada pela <a href=\"https:\/\/www.gov.br\/saude\/pt-br\/campanhas-da-saude\/2025\/atualizacao-da-caderneta-de-vacinacao\">apresentadora Xuxa Meneghel<\/a>, <strong>segue at\u00e9 o fim de outubro<\/strong>\u00a0e oferece gratuitamente<strong> todas as vacinas previstas no <a href=\"https:\/\/www.gov.br\/saude\/pt-br\/vacinacao\/calendario\">Calend\u00e1rio Nacional de Vacina\u00e7\u00e3o<\/a><\/strong>.\u00a0No total,\u00a0foram distribu\u00eddas 22 milh\u00f5es de doses.<\/p>\n<p>As prioridades ser\u00e3o o <strong>resgate do p\u00fablico infantojuvenil n\u00e3o vacinado contra HPV<\/strong>,<strong> febre amarela <\/strong>e<strong> sarampo<\/strong>.\u00a0<\/p>\n<p><strong>Confira as vacinas disponibilizadas:<\/strong><\/p>\n<ul>\n<li>BC<\/li>\n<li>Covid-19<\/li>\n<li>DTP<\/li>\n<li>Febre amarela<\/li>\n<li>Hepatite A<\/li>\n<li>Hepatite B<\/li>\n<li>HPV<\/li>\n<li>Influenza<\/li>\n<li>Meningoc\u00f3cica C (conjugada) \/ Meningoc\u00f3cica ACWY (conjugada)<\/li>\n<li>Penta (DTP\/Hib\/HB)<\/li>\n<li>Pneumoc\u00f3cica 10 valente (conjugada)<\/li>\n<li>Poliomielite inativada<\/li>\n<li>Rotav\u00edrus<\/li>\n<li>Tr\u00edplice viral (sarampo, caxumba e rub\u00e9ola)<\/li>\n<li>Varicela<\/li>\n<\/ul>\n<h2>Meu SUS Digital<\/h2>\n<p>Pais e respons\u00e1veis podem <strong>acompanhar a situa\u00e7\u00e3o vacinal de crian\u00e7as e adolescentes pelo aplicativo <a href=\"https:\/\/meususdigital.saude.gov.br\/\">Meu SUS Digital<\/a><\/strong>, que permite verificar quais vacinas j\u00e1 foram aplicadas e quais ainda est\u00e3o pendentes. O sistema tamb\u00e9m disponibiliza <strong>alertas sobre as pr\u00f3ximas doses<\/strong>, lembretes e atualiza\u00e7\u00f5es em tempo real.<\/p>\n<h2>Sarampo e febre amarela<\/h2>\n<p>O <strong>MS abrange a vacina\u00e7\u00e3o<\/strong> contra <a href=\"https:\/\/www.gov.br\/saude\/pt-br\/assuntos\/saude-de-a-a-z\/s\/sarampo\">sarampo<\/a> e <a href=\"https:\/\/www.gov.br\/saude\/pt-br\/assuntos\/saude-de-a-a-z\/f\/febre-amarela\">febre amarela<\/a> para <strong>pessoas de at\u00e9 59 anos<\/strong>.\u00a0A imuniza\u00e7\u00e3o contra febre amarela ser\u00e1 <strong>priorizada <\/strong>nos estados de <strong>S\u00e3o Paulo<\/strong>, <strong>Rio de Janeiro<\/strong>, <strong>Minas Gerais<\/strong> e <strong>Paran\u00e1<\/strong>.<\/p>\n<p><strong>VEJA MAIS:\u00a0<\/strong><\/p>\n<ul>\n<li><a href=\"https:\/\/brasil61.com\/n\/vacinacao-6-8-mi-de-doses-serao-distribuidas-para-reforcar-cobertura-entre-criancas-e-adolescentes-bras2514841\">Vacina\u00e7\u00e3o: 6,8 mi de doses ser\u00e3o distribu\u00eddas para refor\u00e7ar cobertura entre crian\u00e7as e adolescentes<\/a><\/li>\n<li><a href=\"https:\/\/brasil61.com\/n\/vacina-para-hpv-reduz-em-ate-58-os-casos-de-cancer-do-colo-do-utero-no-brasil-bras2514912\">Vacina para HPV reduz em at\u00e9 58% os casos de c\u00e2ncer do colo do \u00fatero no Brasil<\/a><\/li>\n<\/ul>\n<p>\t\t\t\t\t\t\t\t\t<img loading=\"lazy\" decoding=\"async\" src=\"https:\/\/brasil61.com\/api\/v1\/serve_pixel\/17677\/85330\" alt=\"Pixel Brasil 61\" class=\"b61_pixel\" width=\"0\" height=\"0\"><\/p>\n<input type=\"hidden\" id=\"baseurl\" value=\"https:\/\/noticiasdestaque.com.br\"><input type=\"hidden\" id=\"audio_nonce\" value=\"6a24ca502e\">","protected":false},"excerpt":{"rendered":"<p>Postos de sa\u00fade estar\u00e3o abertos para atualizar a caderneta de crian\u00e7as e adolescentes menores de 15 anos; a Campanha Nacional de Multivacina\u00e7\u00e3o segue at\u00e9 o fim de outubro<\/p>\n","protected":false},"author":1,"featured_media":46796,"comment_status":"open","ping_status":"open","sticky":false,"template":"","format":"standard","meta":{"fifu_image_url":"","fifu_image_alt":"","footnotes":""},"categories":[51],"tags":[],"class_list":["post-46795","post","type-post","status-publish","format-standard","has-post-thumbnail","hentry","category-saude"],"distributor_meta":false,"distributor_terms":false,"distributor_media":false,"distributor_original_site_name":"Noticias em Destaque","distributor_original_site_url":"https:\/\/noticiasdestaque.com.br","push-errors":false,"_links":{"self":[{"href":"https:\/\/noticiasdestaque.com.br\/index.php\/wp-json\/wp\/v2\/posts\/46795","targetHints":{"allow":["GET"]}}],"collection":[{"href":"https:\/\/noticiasdestaque.com.br\/index.php\/wp-json\/wp\/v2\/posts"}],"about":[{"href":"https:\/\/noticiasdestaque.com.br\/index.php\/wp-json\/wp\/v2\/types\/post"}],"author":[{"embeddable":true,"href":"https:\/\/noticiasdestaque.com.br\/index.php\/wp-json\/wp\/v2\/users\/1"}],"replies":[{"embeddable":true,"href":"https:\/\/noticiasdestaque.com.br\/index.php\/wp-json\/wp\/v2\/comments?post=46795"}],"version-history":[{"count":0,"href":"https:\/\/noticiasdestaque.com.br\/index.php\/wp-json\/wp\/v2\/posts\/46795\/revisions"}],"wp:featuredmedia":[{"embeddable":true,"href":"https:\/\/noticiasdestaque.com.br\/index.php\/wp-json\/wp\/v2\/media\/46796"}],"wp:attachment":[{"href":"https:\/\/noticiasdestaque.com.br\/index.php\/wp-json\/wp\/v2\/media?parent=46795"}],"wp:term":[{"taxonomy":"category","embeddable":true,"href":"https:\/\/noticiasdestaque.com.br\/index.php\/wp-json\/wp\/v2\/categories?post=46795"},{"taxonomy":"post_tag","embeddable":true,"href":"https:\/\/noticiasdestaque.com.br\/index.php\/wp-json\/wp\/v2\/tags?post=46795"}],"curies":[{"name":"wp","href":"https:\/\/api.w.org\/{rel}","templated":true}]}}