{"id":4678,"date":"2022-11-06T10:29:31","date_gmt":"2022-11-06T14:29:31","guid":{"rendered":"https:\/\/www.diariofama.com.br\/?p=4678"},"modified":"2022-11-06T10:29:31","modified_gmt":"2022-11-06T14:29:31","slug":"qual-sera-o-teto-do-mei-em-2023","status":"publish","type":"post","link":"https:\/\/noticiasdestaque.com.br\/index.php\/2022\/11\/06\/qual-sera-o-teto-do-mei-em-2023\/","title":{"rendered":"Qual ser\u00e1 o teto do MEI em 2023?"},"content":{"rendered":"\n<p>Para que um novo teto do MEI em 2023 seja aprovado e entre em vigor, algumas etapas pol\u00edticas s\u00e3o necess\u00e1rias. <\/p>\n\n\n\n<p>Para o Microempreendedor Individual (MEI), o assunto sobre o teto de faturamento anual tem se tornado uma pauta muito importante entre os membros da categoria. Com o aumento do limite de faturamento para R$ 144 mil ao ano, a novidade deixou esperan\u00e7a para que o valor se propague para o pr\u00f3ximo ano.<\/p>\n\n\n\n<p>Contudo, esse aumento favoreceria que o MEI empregue at\u00e9 dois funcion\u00e1rios que, no momento atual, s\u00f3 \u00e9 poss\u00edvel a contrata\u00e7\u00e3o de um. Desta forma, milhares de microempreendedores voltam a se enquadrar na categoria derivado ao novo limite.<\/p>\n\n\n\n<p>Para que um novo teto do MEI seja aprovado e entre em vigor, algumas etapas pol\u00edticas s\u00e3o necess\u00e1rias, afinal, a propostas de amplia\u00e7\u00e3o do faturamento anual \u00e9 projetada atrav\u00e9s do PLP (Projeto de Lei Complementar) 108\/21.<\/p>\n\n\n\n<p>De acordo com o projeto de lei, como determina a constitui\u00e7\u00e3o, para vigorar uma nova atualiza\u00e7\u00e3o no programa \u00e9 preciso que o projeto tenha o aval do congresso nacional, onde a aprova\u00e7\u00e3o \u00e9 dividida entre a c\u00e2mara dos deputados e o senado federal.<\/p>\n\n\n\n<p>Com rela\u00e7\u00e3o ao PLP 108\/21, que estabelece o novo teto de faturamento, a proposta teve aprova\u00e7\u00e3o em junho pela comiss\u00e3o de finan\u00e7as e tributa\u00e7\u00e3o da c\u00e2mara dos deputados. Agora, a medida depende apenas da aprova\u00e7\u00e3o do relator da comiss\u00e3o de constitui\u00e7\u00e3o e justi\u00e7a e, desta forma, sendo analisada, aprovada e posteriormente aprovada pelos deputados.<\/p>\n\n\n\n<p>O procedimento \u00e9 longo, necessita de diversas an\u00e1lises e passa por muitas avalia\u00e7\u00f5es a fim de uma melhor lapida\u00e7\u00e3o da ideia original, assim, ap\u00f3s o aval dos deputados, o pr\u00f3ximo ponto de an\u00e1lise da proposta \u00e9 o\u00a0Senado Federal.<\/p>\n\n\n\n<p>Os senadores far\u00e3o uma vota\u00e7\u00e3o no plen\u00e1rio para aprovar ou n\u00e3o a proposta apresentada. Se houver o aval dos senadores, o texto percorre para a san\u00e7\u00e3o presidencial.<\/p>\n\n\n\n<p>Atualmente, ainda faltam algumas etapas para que o projeto do teto 2023 seja definido, entender seus procedimentos e como funcionam as etapas \u00e9 uma das melhores formas do microempreendedor estar atento como ir\u00e1 funcionar o desenvolvimento do seu neg\u00f3cio para o pr\u00f3ximo ano.<\/p>\n\n\n\n<p>Ainda ser\u00e1 preciso aguardar mais alguns meses para que o novo teto MEI 2023 seja definido.<\/p>\n<input type=\"hidden\" id=\"baseurl\" value=\"https:\/\/noticiasdestaque.com.br\"><input type=\"hidden\" id=\"audio_nonce\" value=\"9fd43fe80e\">","protected":false},"excerpt":{"rendered":"<p>Para que um novo teto do MEI em 2023 seja aprovado e entre em vigor, algumas etapas pol\u00edticas s\u00e3o necess\u00e1rias. Para o Microempreendedor Individual (MEI), o assunto sobre o teto de faturamento anual tem se tornado uma pauta muito importante entre os membros da categoria. Com o aumento do limite de faturamento para R$ 144 [&hellip;]<\/p>\n","protected":false},"author":1,"featured_media":4677,"comment_status":"open","ping_status":"open","sticky":false,"template":"","format":"standard","meta":{"fifu_image_url":"","fifu_image_alt":"","footnotes":""},"categories":[59],"tags":[76,77,78],"class_list":["post-4678","post","type-post","status-publish","format-standard","has-post-thumbnail","hentry","category-economia","tag-mei","tag-simples-nacional","tag-teto-mei-2023"],"distributor_meta":false,"distributor_terms":false,"distributor_media":false,"distributor_original_site_name":"Noticias em Destaque","distributor_original_site_url":"https:\/\/noticiasdestaque.com.br","push-errors":false,"_links":{"self":[{"href":"https:\/\/noticiasdestaque.com.br\/index.php\/wp-json\/wp\/v2\/posts\/4678","targetHints":{"allow":["GET"]}}],"collection":[{"href":"https:\/\/noticiasdestaque.com.br\/index.php\/wp-json\/wp\/v2\/posts"}],"about":[{"href":"https:\/\/noticiasdestaque.com.br\/index.php\/wp-json\/wp\/v2\/types\/post"}],"author":[{"embeddable":true,"href":"https:\/\/noticiasdestaque.com.br\/index.php\/wp-json\/wp\/v2\/users\/1"}],"replies":[{"embeddable":true,"href":"https:\/\/noticiasdestaque.com.br\/index.php\/wp-json\/wp\/v2\/comments?post=4678"}],"version-history":[{"count":0,"href":"https:\/\/noticiasdestaque.com.br\/index.php\/wp-json\/wp\/v2\/posts\/4678\/revisions"}],"wp:featuredmedia":[{"embeddable":true,"href":"https:\/\/noticiasdestaque.com.br\/index.php\/wp-json\/wp\/v2\/media\/4677"}],"wp:attachment":[{"href":"https:\/\/noticiasdestaque.com.br\/index.php\/wp-json\/wp\/v2\/media?parent=4678"}],"wp:term":[{"taxonomy":"category","embeddable":true,"href":"https:\/\/noticiasdestaque.com.br\/index.php\/wp-json\/wp\/v2\/categories?post=4678"},{"taxonomy":"post_tag","embeddable":true,"href":"https:\/\/noticiasdestaque.com.br\/index.php\/wp-json\/wp\/v2\/tags?post=4678"}],"curies":[{"name":"wp","href":"https:\/\/api.w.org\/{rel}","templated":true}]}}