{"id":46775,"date":"2025-10-17T14:00:00","date_gmt":"2025-10-17T17:00:00","guid":{"rendered":"https:\/\/noticiasdestaque.com.br\/index.php\/2025\/10\/17\/doacao-de-orgaos-transplantes-de-intestino-delgado-e-multivisceral-entram-no-sus\/"},"modified":"2025-10-17T14:00:00","modified_gmt":"2025-10-17T17:00:00","slug":"doacao-de-orgaos-transplantes-de-intestino-delgado-e-multivisceral-entram-no-sus","status":"publish","type":"post","link":"https:\/\/noticiasdestaque.com.br\/index.php\/2025\/10\/17\/doacao-de-orgaos-transplantes-de-intestino-delgado-e-multivisceral-entram-no-sus\/","title":{"rendered":"Doa\u00e7\u00e3o de \u00f3rg\u00e3os: transplantes de intestino delgado e multivisceral entram no SUS"},"content":{"rendered":"<p>\t\t\t\t\t\t\t\t\t\t<audio controls class=\"b61_audio_player\" data-noticia=\"85123\" src=\"https:\/\/brasil61.com\/rails\/active_storage\/blobs\/eyJfcmFpbHMiOnsibWVzc2FnZSI6IkJBaHBBNXVxQXc9PSIsImV4cCI6bnVsbCwicHVyIjoiYmxvYl9pZCJ9fQ==--78b321c95d8cafac622630364f54663af0da6c9e\/PDMS252963A\"><\/audio><\/p>\n<p><strong>O <a href=\"https:\/\/www.gov.br\/saude\/pt-br\/sus\">Sistema \u00danico de Sa\u00fade (SUS)<\/a>\u00a0passa a oferecer <a href=\"https:\/\/www.gov.br\/saude\/pt-br\/assuntos\/noticias\/2025\/fevereiro\/sus-passa-a-oferecer-transplante-de-intestino-delgado-e-multivisceral\">transplantes de intestino delgado e multivisceral<\/a><\/strong>, procedimentos de alt\u00edssima complexidade que at\u00e9 ent\u00e3o n\u00e3o estavam dispon\u00edveis na rede p\u00fablica.\u00a0Com essa iniciativa, o <strong>Brasil se posiciona entre os pa\u00edses que mais disponibilizam\u00a0esse tipo de tratamento no sistema p\u00fablico de sa\u00fade<\/strong>.\u00a0<\/p>\n<p><strong>A medida beneficia pacientes com fal\u00eancia intestinal irrevers\u00edvel<\/strong>, condi\u00e7\u00e3o em que o intestino perde a capacidade de digerir e absorver nutrientes essenciais. Com a nova portaria publicada pelo <a href=\"https:\/\/www.gov.br\/saude\/pt-br\">Minist\u00e9rio da Sa\u00fade<\/a>, esses transplantes passam a ser incorporados oficialmente ao SUS.<\/p>\n<p>O ministro da Sa\u00fade, Alexandre Padilha, destacou a import\u00e2ncia estrat\u00e9gica da iniciativa para o <strong>fortalecimento da rede p\u00fablica<\/strong>. \u201cA gente investir no transplante tem um peso enorme para n\u00f3s, enquanto Minist\u00e9rio da Sa\u00fade. N\u00e3o s\u00f3 para salvar vidas \u2014 o que j\u00e1 seria muito importante \u2014 mas tamb\u00e9m para apoiar o trabalho e a dedica\u00e7\u00e3o dos profissionais que se dedicam e estudam tanto em rela\u00e7\u00e3o a isso. Al\u00e9m disso, fortalecer o nosso Programa Nacional de Transplantes provoca impactos positivos no conjunto da nossa rede de sa\u00fade.\u201d<\/p>\n<p>Segundo <a href=\"https:\/\/www.gov.br\/saude\/pt-br\/composicao\/saes\/snt\/lista-de-espera-e-transplantes-realizados-no-brasil-no-ano-recorrente\">dados da pasta<\/a>, em 2025 j\u00e1 foi realizado um transplante multivisceral em S\u00e3o Paulo. O procedimento foi feito em um paciente do sexo masculino, com idade entre 35 e 49 anos. Atualmente, cinco hospitais j\u00e1 realizam esse tipo de interven\u00e7\u00e3o: um no Rio de Janeiro e quatro em S\u00e3o Paulo. A expectativa \u00e9 ampliar esse n\u00famero com novas habilita\u00e7\u00f5es.<\/p>\n<h2>Reabilita\u00e7\u00e3o antes do transplante<\/h2>\n<p>Antes de indicar o transplante, o SUS investe na reabilita\u00e7\u00e3o dos pacientes. Para isso, o Minist\u00e9rio reajustou em 400% o valor da di\u00e1ria do tratamento. Quatro hospitais j\u00e1 est\u00e3o habilitados para essa etapa: tr\u00eas em S\u00e3o Paulo e um em Porto Alegre.<\/p>\n<p>\u201cVoc\u00ea diz sim, o Brasil inteiro agradece\u201d. Converse com sua fam\u00edlia e seja um doador. Para mais informa\u00e7\u00f5es, acesse o site <a href=\"https:\/\/www.gov.br\/saude\/pt-br\">gov.br\/saude<\/a>.<\/p>\n<p>\t\t\t\t\t\t\t\t\t<img loading=\"lazy\" decoding=\"async\" src=\"https:\/\/brasil61.com\/api\/v1\/serve_pixel\/17677\/85123\" alt=\"Pixel Brasil 61\" class=\"b61_pixel\" width=\"0\" height=\"0\"><\/p>\n<input type=\"hidden\" id=\"baseurl\" value=\"https:\/\/noticiasdestaque.com.br\"><input type=\"hidden\" id=\"audio_nonce\" value=\"6f73a554f1\">","protected":false},"excerpt":{"rendered":"<p>Atualmente, cinco hospitais j\u00e1 realizam esse tipo de interven\u00e7\u00e3o: um no Rio de Janeiro e quatro em S\u00e3o Paulo. A expectativa \u00e9 ampliar esse n\u00famero com novas habilita\u00e7\u00f5es.<\/p>\n","protected":false},"author":1,"featured_media":46776,"comment_status":"open","ping_status":"open","sticky":false,"template":"","format":"standard","meta":{"fifu_image_url":"","fifu_image_alt":"","footnotes":""},"categories":[51],"tags":[],"class_list":["post-46775","post","type-post","status-publish","format-standard","has-post-thumbnail","hentry","category-saude"],"distributor_meta":false,"distributor_terms":false,"distributor_media":false,"distributor_original_site_name":"Noticias em Destaque","distributor_original_site_url":"https:\/\/noticiasdestaque.com.br","push-errors":false,"_links":{"self":[{"href":"https:\/\/noticiasdestaque.com.br\/index.php\/wp-json\/wp\/v2\/posts\/46775","targetHints":{"allow":["GET"]}}],"collection":[{"href":"https:\/\/noticiasdestaque.com.br\/index.php\/wp-json\/wp\/v2\/posts"}],"about":[{"href":"https:\/\/noticiasdestaque.com.br\/index.php\/wp-json\/wp\/v2\/types\/post"}],"author":[{"embeddable":true,"href":"https:\/\/noticiasdestaque.com.br\/index.php\/wp-json\/wp\/v2\/users\/1"}],"replies":[{"embeddable":true,"href":"https:\/\/noticiasdestaque.com.br\/index.php\/wp-json\/wp\/v2\/comments?post=46775"}],"version-history":[{"count":0,"href":"https:\/\/noticiasdestaque.com.br\/index.php\/wp-json\/wp\/v2\/posts\/46775\/revisions"}],"wp:featuredmedia":[{"embeddable":true,"href":"https:\/\/noticiasdestaque.com.br\/index.php\/wp-json\/wp\/v2\/media\/46776"}],"wp:attachment":[{"href":"https:\/\/noticiasdestaque.com.br\/index.php\/wp-json\/wp\/v2\/media?parent=46775"}],"wp:term":[{"taxonomy":"category","embeddable":true,"href":"https:\/\/noticiasdestaque.com.br\/index.php\/wp-json\/wp\/v2\/categories?post=46775"},{"taxonomy":"post_tag","embeddable":true,"href":"https:\/\/noticiasdestaque.com.br\/index.php\/wp-json\/wp\/v2\/tags?post=46775"}],"curies":[{"name":"wp","href":"https:\/\/api.w.org\/{rel}","templated":true}]}}