{"id":46771,"date":"2025-10-17T04:30:00","date_gmt":"2025-10-17T07:30:00","guid":{"rendered":"https:\/\/noticiasdestaque.com.br\/index.php\/2025\/10\/17\/por-falta-de-verba-inss-suspende-programa-de-reducao-de-fila\/"},"modified":"2025-10-17T04:30:00","modified_gmt":"2025-10-17T07:30:00","slug":"por-falta-de-verba-inss-suspende-programa-de-reducao-de-fila","status":"publish","type":"post","link":"https:\/\/noticiasdestaque.com.br\/index.php\/2025\/10\/17\/por-falta-de-verba-inss-suspende-programa-de-reducao-de-fila\/","title":{"rendered":"Por falta de verba, INSS suspende programa de redu\u00e7\u00e3o de fila"},"content":{"rendered":"<p>\t\t\t\t\t\t\t\t\t\t<audio controls class=\"b61_audio_player\" data-noticia=\"85282\" src=\"https:\/\/brasil61.com\/rails\/active_storage\/blobs\/eyJfcmFpbHMiOnsibWVzc2FnZSI6IkJBaHBBM2V1QXc9PSIsImV4cCI6bnVsbCwicHVyIjoiYmxvYl9pZCJ9fQ==--dbe2d4ec8172b1238167a7f0f31e11eaf32d23ad\/BRAS2514955A\"><\/audio><\/p>\n<p>O <strong>Instituto Nacional do Seguro Social (<a href=\"https:\/\/meu.inss.gov.br\/#\/login\" target=\"_blank\">INSS<\/a>)<\/strong> <strong>suspendeu o Programa de Gerenciamento de Benef\u00edcios (PGB) por falta de verba<\/strong>. A iniciativa, <strong>criada para reduzir a fila de pedidos de aposentadorias e aux\u00edlios<\/strong>, foi interrompida ap\u00f3s o comunicado oficial emitido pelo \u00f3rg\u00e3o. A medida <strong>tem efeito imediato<\/strong> e afeta diretamente os mais de <strong>2,6 milh\u00f5es de brasileiros que aguardam a libera\u00e7\u00e3o de benef\u00edcios<\/strong>.<\/p>\n<p>O presidente do INSS, Gilberto Waller Junior, solicitou <strong>R$ 89,1 milh\u00f5es ao Minist\u00e9rio da Previd\u00eancia<\/strong> para retomar o programa, que paga b\u00f4nus de produtividade a servidores e peritos para reduzir a fila de pedidos de benef\u00edcios previdenci\u00e1rios.\u00a0O b\u00f4nus \u00e9 pago a quem ultrapassa as metas di\u00e1rias de trabalho, mas o valor total, somando sal\u00e1rio e gratifica\u00e7\u00f5es, n\u00e3o pode ultrapassar o teto do funcionalismo. Ap\u00f3s uma greve de 235 dias de m\u00e9dicos peritos do INSS, a fila de espera aumenta desde o ano passado.\u00a0<\/p>\n<h2>Ap\u00f3s essa determina\u00e7\u00e3o:<\/h2>\n<ul>\n<li>Novas an\u00e1lises ser\u00e3o interrompidas;<\/li>\n<li>Tarefas em andamento retornam \u00e0s filas ordin\u00e1rias;<\/li>\n<li>Agendamentos do Servi\u00e7o Social fora do expediente ser\u00e3o suspensos ou remarcados.<\/li>\n<\/ul>\n<p>O PGB, <strong><a href=\"https:\/\/www.gov.br\/previdencia\/pt-br\/noticias\/2025\/setembro\/governo-cria-programa-para-reduzir-fila-de-espera-dos-cidadaos-por-beneficios-da-previdencia-social\" target=\"_blank\">criado em 2024<\/a> e transformado em lei em 2025<\/strong>, tinha <strong>or\u00e7amento de R$ 200 milh\u00f5es<\/strong>\u00a0para este ano, previa <strong>b\u00f4nus de R$ 68 a R$ 75 por processo<\/strong>, e sua continuidade era esperada\u00a0at\u00e9 31 de dezembro de 2026.\u00a0A falta de recursos reflete o ajuste fiscal do governo\u00a0e <strong>especialistas alertam que a fila deve crescer<\/strong>, impactando aposentados, pensionistas e benefici\u00e1rios do BPC.\u00a0<\/p>\n<p>\t\t\t\t\t\t\t\t\t<img loading=\"lazy\" decoding=\"async\" src=\"https:\/\/brasil61.com\/api\/v1\/serve_pixel\/17677\/85282\" alt=\"Pixel Brasil 61\" class=\"b61_pixel\" width=\"0\" height=\"0\"><\/p>\n<input type=\"hidden\" id=\"baseurl\" value=\"https:\/\/noticiasdestaque.com.br\"><input type=\"hidden\" id=\"audio_nonce\" value=\"6f73a554f1\">","protected":false},"excerpt":{"rendered":"<p>A medida tem efeito imediato e afeta cerca de 2,6 milh\u00f5es de brasileiros que aguardam por benef\u00edcios<\/p>\n","protected":false},"author":1,"featured_media":46772,"comment_status":"open","ping_status":"open","sticky":false,"template":"","format":"standard","meta":{"fifu_image_url":"","fifu_image_alt":"","footnotes":""},"categories":[48],"tags":[],"class_list":["post-46771","post","type-post","status-publish","format-standard","has-post-thumbnail","hentry","category-mundo"],"distributor_meta":false,"distributor_terms":false,"distributor_media":false,"distributor_original_site_name":"Noticias em Destaque","distributor_original_site_url":"https:\/\/noticiasdestaque.com.br","push-errors":false,"_links":{"self":[{"href":"https:\/\/noticiasdestaque.com.br\/index.php\/wp-json\/wp\/v2\/posts\/46771","targetHints":{"allow":["GET"]}}],"collection":[{"href":"https:\/\/noticiasdestaque.com.br\/index.php\/wp-json\/wp\/v2\/posts"}],"about":[{"href":"https:\/\/noticiasdestaque.com.br\/index.php\/wp-json\/wp\/v2\/types\/post"}],"author":[{"embeddable":true,"href":"https:\/\/noticiasdestaque.com.br\/index.php\/wp-json\/wp\/v2\/users\/1"}],"replies":[{"embeddable":true,"href":"https:\/\/noticiasdestaque.com.br\/index.php\/wp-json\/wp\/v2\/comments?post=46771"}],"version-history":[{"count":0,"href":"https:\/\/noticiasdestaque.com.br\/index.php\/wp-json\/wp\/v2\/posts\/46771\/revisions"}],"wp:featuredmedia":[{"embeddable":true,"href":"https:\/\/noticiasdestaque.com.br\/index.php\/wp-json\/wp\/v2\/media\/46772"}],"wp:attachment":[{"href":"https:\/\/noticiasdestaque.com.br\/index.php\/wp-json\/wp\/v2\/media?parent=46771"}],"wp:term":[{"taxonomy":"category","embeddable":true,"href":"https:\/\/noticiasdestaque.com.br\/index.php\/wp-json\/wp\/v2\/categories?post=46771"},{"taxonomy":"post_tag","embeddable":true,"href":"https:\/\/noticiasdestaque.com.br\/index.php\/wp-json\/wp\/v2\/tags?post=46771"}],"curies":[{"name":"wp","href":"https:\/\/api.w.org\/{rel}","templated":true}]}}