{"id":46749,"date":"2025-10-16T18:00:00","date_gmt":"2025-10-16T21:00:00","guid":{"rendered":"https:\/\/noticiasdestaque.com.br\/index.php\/2025\/10\/16\/previsao-do-tempo-sudeste-com-tempo-firme-nesta-sexta-feira-17\/"},"modified":"2025-10-16T18:00:00","modified_gmt":"2025-10-16T21:00:00","slug":"previsao-do-tempo-sudeste-com-tempo-firme-nesta-sexta-feira-17","status":"publish","type":"post","link":"https:\/\/noticiasdestaque.com.br\/index.php\/2025\/10\/16\/previsao-do-tempo-sudeste-com-tempo-firme-nesta-sexta-feira-17\/","title":{"rendered":"PREVIS\u00c3O DO TEMPO: Sudeste com tempo firme nesta sexta-feira (17)"},"content":{"rendered":"<p>\t\t\t\t\t\t\t\t\t\t<audio controls class=\"b61_audio_player\" data-noticia=\"85265\" src=\"https:\/\/brasil61.com\/rails\/active_storage\/blobs\/eyJfcmFpbHMiOnsibWVzc2FnZSI6IkJBaHBBMVN1QXc9PSIsImV4cCI6bnVsbCwicHVyIjoiYmxvYl9pZCJ9fQ==--2ff2b1208b2219079d9f3298729fee2de38b1909\/PTSD254223A\"><\/audio><\/p>\n<p>A <strong>previs\u00e3o do tempo para a regi\u00e3o Sudeste<\/strong> do pa\u00eds, nesta <strong>sexta-feira (17)<\/strong>, \u00e9 de tempo firme.<\/p>\n<p>De manh\u00e3, predominam poucas e muitas nuvens nos estados de Minas Gerais, S\u00e3o Paulo, Rio de Janeiro e no sul do Esp\u00edrito Santo. O dia come\u00e7a com possibilidade de pancadas de chuvas isoladas ao norte do territ\u00f3rio capixaba, em S\u00e3o Mateus e Pinheiros, e em Presidente Prudente, S\u00e3o Paulo.\u00a0<\/p>\n<p>\u00c0 tarde, segue\u00a0dominante\u00a0o c\u00e9u com muitas nuvens em todos estados. As pancadas avan\u00e7am e cobrem todo o norte do estado de S\u00e3o Paulo, enquanto no munic\u00edpio de Rosana h\u00e1 a possibilidade de queda de granizo. As pancadas tamb\u00e9m afetam as cidades de Frutal e Carneirinho, em Minas.<\/p>\n<p>A noite \u00e9 marcada por chuvas isoladas em parte da costa do Esp\u00edrito Santo, do tri\u00e2ngulo mineiro ao noroeste de Minas\u00a0e na totalidade do estado de S\u00e3o Paulo. As pancadas de chuvas fortes atingem a regi\u00e3o paulista que fica na divisa com o Paran\u00e1, como em Taciba e Itapeva. O norte de Minas e o Rio de Janeiro seguem com muitas nuvens.<\/p>\n<p>Entre as capitais, a temperatura <strong>m\u00ednima prevista \u00e9 de 15\u00b0C em S\u00e3o Paulo<\/strong>. J\u00e1 a <strong>m\u00e1xima pode chegar at\u00e9 33\u00b0C em Belo Horizonte e 34\u00b0C em S\u00e3o Paulo<\/strong>. A umidade relativa do ar varia entre <strong>30% e 100%<\/strong>.<\/p>\n<h2>5 motivos para acompanhar as previs\u00f5es do tempo<\/h2>\n<ul>\n<li>Agricultura: garantia de uma boa colheita;<\/li>\n<li>Marinha: prote\u00e7\u00e3o de marinheiros, navios e passageiros;<\/li>\n<li>Aeron\u00e1utica: seguran\u00e7a de pilotos, aeronaves e passageiros;<\/li>\n<li>Pesca: condi\u00e7\u00f5es favor\u00e1veis e seguras para a atividade;<\/li>\n<li>Turismo: garantia de passeios e viagens tranquilas e agrad\u00e1veis.<\/li>\n<\/ul>\n<h2>Import\u00e2ncia das observa\u00e7\u00f5es meteorol\u00f3gicas no INMET<\/h2>\n<p>As observa\u00e7\u00f5es meteorol\u00f3gicas do INMET s\u00e3o essenciais para previs\u00f5es em tempo real, estat\u00edsticas clim\u00e1ticas e coopera\u00e7\u00e3o internacional. Esses dados precisos ajudam a estudar o clima passado e a produzir Normais Climatol\u00f3gicas conforme a Organiza\u00e7\u00e3o Meteorol\u00f3gica Mundial (<a href=\"https:\/\/worldweather.wmo.int\/pt\/home.html\">OMM<\/a>).<\/p>\n<p>As informa\u00e7\u00f5es s\u00e3o do Instituto Nacional de Meteorologia (<a href=\"https:\/\/portal.inmet.gov.br\/\">Inmet<\/a>).<\/p>\n<p>\t\t\t\t\t\t\t\t\t<img loading=\"lazy\" decoding=\"async\" src=\"https:\/\/brasil61.com\/api\/v1\/serve_pixel\/17677\/85265\" alt=\"Pixel Brasil 61\" class=\"b61_pixel\" width=\"0\" height=\"0\"><\/p>\n<input type=\"hidden\" id=\"baseurl\" value=\"https:\/\/noticiasdestaque.com.br\"><input type=\"hidden\" id=\"audio_nonce\" value=\"6f73a554f1\">","protected":false},"excerpt":{"rendered":"<p>Entre as capitais, a temperatura m\u00ednima prevista \u00e9 de 15\u00b0C em S\u00e3o Paulo. J\u00e1 a m\u00e1xima pode chegar at\u00e9 33\u00b0C em Belo Horizonte e 34\u00b0C em S\u00e3o Paulo. A umidade relativa do ar varia entre 30% e 100%<\/p>\n","protected":false},"author":1,"featured_media":46750,"comment_status":"open","ping_status":"open","sticky":false,"template":"","format":"standard","meta":{"fifu_image_url":"","fifu_image_alt":"","footnotes":""},"categories":[58],"tags":[],"class_list":["post-46749","post","type-post","status-publish","format-standard","has-post-thumbnail","hentry","category-cotidiano"],"distributor_meta":false,"distributor_terms":false,"distributor_media":false,"distributor_original_site_name":"Noticias em Destaque","distributor_original_site_url":"https:\/\/noticiasdestaque.com.br","push-errors":false,"_links":{"self":[{"href":"https:\/\/noticiasdestaque.com.br\/index.php\/wp-json\/wp\/v2\/posts\/46749","targetHints":{"allow":["GET"]}}],"collection":[{"href":"https:\/\/noticiasdestaque.com.br\/index.php\/wp-json\/wp\/v2\/posts"}],"about":[{"href":"https:\/\/noticiasdestaque.com.br\/index.php\/wp-json\/wp\/v2\/types\/post"}],"author":[{"embeddable":true,"href":"https:\/\/noticiasdestaque.com.br\/index.php\/wp-json\/wp\/v2\/users\/1"}],"replies":[{"embeddable":true,"href":"https:\/\/noticiasdestaque.com.br\/index.php\/wp-json\/wp\/v2\/comments?post=46749"}],"version-history":[{"count":0,"href":"https:\/\/noticiasdestaque.com.br\/index.php\/wp-json\/wp\/v2\/posts\/46749\/revisions"}],"wp:featuredmedia":[{"embeddable":true,"href":"https:\/\/noticiasdestaque.com.br\/index.php\/wp-json\/wp\/v2\/media\/46750"}],"wp:attachment":[{"href":"https:\/\/noticiasdestaque.com.br\/index.php\/wp-json\/wp\/v2\/media?parent=46749"}],"wp:term":[{"taxonomy":"category","embeddable":true,"href":"https:\/\/noticiasdestaque.com.br\/index.php\/wp-json\/wp\/v2\/categories?post=46749"},{"taxonomy":"post_tag","embeddable":true,"href":"https:\/\/noticiasdestaque.com.br\/index.php\/wp-json\/wp\/v2\/tags?post=46749"}],"curies":[{"name":"wp","href":"https:\/\/api.w.org\/{rel}","templated":true}]}}