{"id":4673,"date":"2022-11-04T11:23:28","date_gmt":"2022-11-04T15:23:28","guid":{"rendered":"https:\/\/www.diariofama.com.br\/?p=4673"},"modified":"2022-11-04T11:23:28","modified_gmt":"2022-11-04T15:23:28","slug":"musk-diz-que-nao-vai-rever-conta-de-trump-no-twiter-por-enquanto","status":"publish","type":"post","link":"https:\/\/noticiasdestaque.com.br\/index.php\/2022\/11\/04\/musk-diz-que-nao-vai-rever-conta-de-trump-no-twiter-por-enquanto\/","title":{"rendered":"Musk diz que n\u00e3o vai rever conta de Trump no Twiter, por enquanto"},"content":{"rendered":"\n<p>Apesar de ganhar um novo conjunto de regras desde a compra do Twitter do empres\u00e1rio\u00a0Elon Musk\u00a0na semana passada, parece que o gigante social n\u00e3o vai receber de volta o ex-presidente e\u00a0usu\u00e1rio notavelmente banido\u00a0, Donald Trump, t\u00e3o cedo \u2013 especialmente antes das elei\u00e7\u00f5es de meio de mandato da pr\u00f3xima semana. , de acordo com o magnata da SpaceX.<\/p>\n\n\n\n<p>Na quarta-feira, 2 de novembro, o empres\u00e1rio foi \u00e0 sua\u00a0plataforma de m\u00eddia social rec\u00e9m-adquirida\u00a0, explicando que os usu\u00e1rios inicializados anteriormente \u2013 45 aparentemente inclu\u00eddos \u2013 aparentemente n\u00e3o recuperar\u00e3o o acesso \u00e0s suas contas at\u00e9 que um protocolo adequado seja desenvolvido.O artigo continua abaixo do an\u00fancio<\/p>\n\n\n\n<p>\u201cO Twitter n\u00e3o permitir\u00e1 que ningu\u00e9m que tenha sido desplataformado por violar as regras do Twitter volte \u00e0 plataforma at\u00e9 que tenhamos um processo claro para faz\u00ea-lo, o que levar\u00e1 pelo menos mais algumas semanas\u201d, escreveu Musk, observando que discutiu t\u00f3picos como combate \u201c \u00f3dio e ass\u00e9dio\u201d e as \u201cpol\u00edticas de integridade eleitoral\u201d do aplicativo com \u201cl\u00edderes da sociedade civil\u201d.<\/p>\n\n\n\n<p>O post esclarecedor de Musk\u00a0sobre o status de Trump na plataforma vem quase meio ano depois que ele prometeu restabelecer a p\u00e1gina do ex-comandante-em-chefe ap\u00f3s sua proibi\u00e7\u00e3o permanente no in\u00edcio de 2021, uma decis\u00e3o que o magnata da Neuralink condenou publicamente.O artigo continua abaixo do an\u00fancio.<\/p>\n\n\n\n<p>\u201cAcho que n\u00e3o foi correto banir Donald Trump, acho que foi um erro\u201d, explicou Musk enquanto participava da confer\u00eancia Future of the Car do&nbsp;<em>Financial Times<\/em>&nbsp;, acrescentando que se ele comprasse a plataforma, ele \u201cinverteria o perma -banimento.&#8221;<\/p>\n\n\n\n<p>\u201cMas minha opini\u00e3o, e\u00a0<strong>Jack Dorsey<\/strong>\u00a0, quero deixar claro, compartilha essa opini\u00e3o, \u00e9 que n\u00e3o devemos ter banimentos permanentes\u201d, acrescentou, referindo-se ao controverso cofundador e CEO de longa data do Twitter, que\u00a0deixou seu cargo\u00a0na \u00faltima vez .\u00a0Novembro.<\/p>\n\n\n\n<p>O ex-POTUS recebeu inicialmente a inicializa\u00e7\u00e3o do Twitter logo ap\u00f3s o\u00a0ataque ao Capit\u00f3lio em 6 de janeiro de 2021\u00a0, uma declara\u00e7\u00e3o oficial da plataforma citando &#8220;o risco de mais incita\u00e7\u00e3o \u00e0 viol\u00eancia&#8221; como o catalisador por tr\u00e1s de sua decis\u00e3o.<\/p>\n\n\n\n<p>\u201cAp\u00f3s uma an\u00e1lise detalhada dos tweets recentes da conta @realDonaldTrump e do contexto em torno deles \u2013 especificamente como eles est\u00e3o sendo recebidos e interpretados dentro e fora do Twitter \u2013 suspendemos permanentemente a conta devido ao risco de incita\u00e7\u00e3o \u00e0 viol\u00eancia\u201d, a plataforma explicou da suspens\u00e3o permanente em 8 de janeiro.<\/p>\n<input type=\"hidden\" id=\"baseurl\" value=\"https:\/\/noticiasdestaque.com.br\"><input type=\"hidden\" id=\"audio_nonce\" value=\"62ca87eee3\">","protected":false},"excerpt":{"rendered":"<p>Apesar de ganhar um novo conjunto de regras desde a compra do Twitter do empres\u00e1rio\u00a0Elon Musk\u00a0na semana passada, parece que o gigante social n\u00e3o vai receber de volta o ex-presidente e\u00a0usu\u00e1rio notavelmente banido\u00a0, Donald Trump, t\u00e3o cedo \u2013 especialmente antes das elei\u00e7\u00f5es de meio de mandato da pr\u00f3xima semana. , de acordo com o magnata [&hellip;]<\/p>\n","protected":false},"author":1,"featured_media":4674,"comment_status":"open","ping_status":"open","sticky":false,"template":"","format":"standard","meta":{"fifu_image_url":"","fifu_image_alt":"","footnotes":""},"categories":[48,50],"tags":[],"class_list":["post-4673","post","type-post","status-publish","format-standard","has-post-thumbnail","hentry","category-mundo","category-politica"],"distributor_meta":false,"distributor_terms":false,"distributor_media":false,"distributor_original_site_name":"Noticias em Destaque","distributor_original_site_url":"https:\/\/noticiasdestaque.com.br","push-errors":false,"_links":{"self":[{"href":"https:\/\/noticiasdestaque.com.br\/index.php\/wp-json\/wp\/v2\/posts\/4673","targetHints":{"allow":["GET"]}}],"collection":[{"href":"https:\/\/noticiasdestaque.com.br\/index.php\/wp-json\/wp\/v2\/posts"}],"about":[{"href":"https:\/\/noticiasdestaque.com.br\/index.php\/wp-json\/wp\/v2\/types\/post"}],"author":[{"embeddable":true,"href":"https:\/\/noticiasdestaque.com.br\/index.php\/wp-json\/wp\/v2\/users\/1"}],"replies":[{"embeddable":true,"href":"https:\/\/noticiasdestaque.com.br\/index.php\/wp-json\/wp\/v2\/comments?post=4673"}],"version-history":[{"count":0,"href":"https:\/\/noticiasdestaque.com.br\/index.php\/wp-json\/wp\/v2\/posts\/4673\/revisions"}],"wp:featuredmedia":[{"embeddable":true,"href":"https:\/\/noticiasdestaque.com.br\/index.php\/wp-json\/wp\/v2\/media\/4674"}],"wp:attachment":[{"href":"https:\/\/noticiasdestaque.com.br\/index.php\/wp-json\/wp\/v2\/media?parent=4673"}],"wp:term":[{"taxonomy":"category","embeddable":true,"href":"https:\/\/noticiasdestaque.com.br\/index.php\/wp-json\/wp\/v2\/categories?post=4673"},{"taxonomy":"post_tag","embeddable":true,"href":"https:\/\/noticiasdestaque.com.br\/index.php\/wp-json\/wp\/v2\/tags?post=4673"}],"curies":[{"name":"wp","href":"https:\/\/api.w.org\/{rel}","templated":true}]}}