{"id":46723,"date":"2025-10-15T18:20:00","date_gmt":"2025-10-15T21:20:00","guid":{"rendered":"https:\/\/noticiasdestaque.com.br\/index.php\/2025\/10\/15\/previsao-do-tempo-variacao-de-chuva-e-sol-marcam-o-norte-nesta-quinta-feira-16\/"},"modified":"2025-10-15T18:20:00","modified_gmt":"2025-10-15T21:20:00","slug":"previsao-do-tempo-variacao-de-chuva-e-sol-marcam-o-norte-nesta-quinta-feira-16","status":"publish","type":"post","link":"https:\/\/noticiasdestaque.com.br\/index.php\/2025\/10\/15\/previsao-do-tempo-variacao-de-chuva-e-sol-marcam-o-norte-nesta-quinta-feira-16\/","title":{"rendered":"PREVIS\u00c3O DO TEMPO: Varia\u00e7\u00e3o de chuva e sol marcam o Norte nesta quinta-feira (16)"},"content":{"rendered":"<p>\t\t\t\t\t\t\t\t\t\t<audio controls class=\"b61_audio_player\" data-noticia=\"85243\" src=\"https:\/\/brasil61.com\/rails\/active_storage\/blobs\/eyJfcmFpbHMiOnsibWVzc2FnZSI6IkJBaHBBeCt0QXc9PSIsImV4cCI6bnVsbCwicHVyIjoiYmxvYl9pZCJ9fQ==--9ca4efac3a373c3ae79c046af40a1c54213cf526\/PTRN254583A\"><\/audio><\/p>\n<p>A quinta-feira (16) ser\u00e1 de instabilidade em boa parte da Regi\u00e3o Norte. No Amazonas, a previs\u00e3o indica pancadas de chuva desde as primeiras horas do dia em cidades como Manaus, Coari e Tef\u00e9. O tempo segue fechado tamb\u00e9m no oeste do estado, com risco de trovoadas isoladas. \u00c0 tarde, a chuva persiste em \u00e1reas centrais e no sul amazonense, como em Atalaia do Norte, Barcelos e S\u00e3o Gabriel da Cachoeira.<\/p>\n<\/p>\n<p>No Acre e em Rond\u00f4nia, o dia come\u00e7a com tempo abafado e pancadas localizadas. Em Rio Branco, Cruzeiro do Sul e Porto Velho, h\u00e1 previs\u00e3o de chuva passageira, principalmente no per\u00edodo da manh\u00e3. Durante a tarde, o sol aparece entre nuvens.<\/p>\n<p>No Par\u00e1, o tempo varia conforme a regi\u00e3o. No norte e nordeste, em munic\u00edpios como Bel\u00e9m, Castanhal e Salin\u00f3polis, o sol predomina ao longo do dia, com poucas nuvens. J\u00e1 no oeste e sudoeste, incluindo Santar\u00e9m e Altamira, h\u00e1 possibilidade de pancadas isoladas no fim da tarde.<\/p>\n<p>Em Roraima, o tempo segue inst\u00e1vel, com pancadas de chuva principalmente em Boa Vista e regi\u00f5es pr\u00f3ximas \u00e0 fronteira com a Venezuela. No Amap\u00e1, o sol predomina durante boa parte do dia, mas h\u00e1 chance de chuva leve e r\u00e1pida em Macap\u00e1 e Oiapoque no fim da tarde.<\/p>\n<p>Em Tocantins, o tempo continua firme, com sol forte em cidades como Palmas, Gurupi e Aragua\u00edna.\u00a0<\/p>\n<p>Entre as capitais, a temperatura m\u00ednima prevista \u00e9 de 23\u00b0C, em Rio Branco, Manaus e Bel\u00e9m. J\u00e1 a m\u00e1xima pode chegar a 34\u00b0C, em Palmas, Bel\u00e9m e Macap\u00e1. A umidade relativa do ar varia entre 40% e 98%.<\/p>\n<h2>5 motivos para acompanhar as previs\u00f5es do tempo<\/h2>\n<ul>\n<li>Agricultura: garantia de uma boa colheita;<\/li>\n<li>Marinha: prote\u00e7\u00e3o de marinheiros, navios e passageiros;<\/li>\n<li>Aeron\u00e1utica: seguran\u00e7a de pilotos, aeronaves e passageiros;<\/li>\n<li>Pesca: condi\u00e7\u00f5es favor\u00e1veis e seguras para a atividade;<\/li>\n<li>Turismo: garantia de passeios e viagens tranquilas e agrad\u00e1veis.<\/li>\n<\/ul>\n<h2>Import\u00e2ncia das observa\u00e7\u00f5es meteorol\u00f3gicas no INMET<\/h2>\n<p>As observa\u00e7\u00f5es meteorol\u00f3gicas do INMET s\u00e3o essenciais para previs\u00f5es em tempo real, estat\u00edsticas clim\u00e1ticas e coopera\u00e7\u00e3o internacional. Esses dados precisos ajudam a estudar o clima passado e a produzir Normais Climatol\u00f3gicas conforme a Organiza\u00e7\u00e3o Meteorol\u00f3gica Mundial (<a href=\"https:\/\/worldweather.wmo.int\/pt\/home.html\">OMM<\/a>).<\/p>\n<p>As informa\u00e7\u00f5es s\u00e3o do Instituto Nacional de Meteorologia (<a href=\"https:\/\/portal.inmet.gov.br\/\">Inmet<\/a>).<br \/>\n\u00a0<\/p>\n<p>\t\t\t\t\t\t\t\t\t<img loading=\"lazy\" decoding=\"async\" src=\"https:\/\/brasil61.com\/api\/v1\/serve_pixel\/17677\/85243\" alt=\"Pixel Brasil 61\" class=\"b61_pixel\" width=\"0\" height=\"0\"><\/p>\n<input type=\"hidden\" id=\"baseurl\" value=\"https:\/\/noticiasdestaque.com.br\"><input type=\"hidden\" id=\"audio_nonce\" value=\"6f73a554f1\">","protected":false},"excerpt":{"rendered":"<p>Em Roraima, o tempo segue inst\u00e1vel, com pancadas de chuva principalmente em Boa Vista e regi\u00f5es pr\u00f3ximas \u00e0 fronteira com a Venezuela<\/p>\n","protected":false},"author":1,"featured_media":46724,"comment_status":"open","ping_status":"open","sticky":false,"template":"","format":"standard","meta":{"fifu_image_url":"","fifu_image_alt":"","footnotes":""},"categories":[58],"tags":[],"class_list":["post-46723","post","type-post","status-publish","format-standard","has-post-thumbnail","hentry","category-cotidiano"],"distributor_meta":false,"distributor_terms":false,"distributor_media":false,"distributor_original_site_name":"Noticias em Destaque","distributor_original_site_url":"https:\/\/noticiasdestaque.com.br","push-errors":false,"_links":{"self":[{"href":"https:\/\/noticiasdestaque.com.br\/index.php\/wp-json\/wp\/v2\/posts\/46723","targetHints":{"allow":["GET"]}}],"collection":[{"href":"https:\/\/noticiasdestaque.com.br\/index.php\/wp-json\/wp\/v2\/posts"}],"about":[{"href":"https:\/\/noticiasdestaque.com.br\/index.php\/wp-json\/wp\/v2\/types\/post"}],"author":[{"embeddable":true,"href":"https:\/\/noticiasdestaque.com.br\/index.php\/wp-json\/wp\/v2\/users\/1"}],"replies":[{"embeddable":true,"href":"https:\/\/noticiasdestaque.com.br\/index.php\/wp-json\/wp\/v2\/comments?post=46723"}],"version-history":[{"count":0,"href":"https:\/\/noticiasdestaque.com.br\/index.php\/wp-json\/wp\/v2\/posts\/46723\/revisions"}],"wp:featuredmedia":[{"embeddable":true,"href":"https:\/\/noticiasdestaque.com.br\/index.php\/wp-json\/wp\/v2\/media\/46724"}],"wp:attachment":[{"href":"https:\/\/noticiasdestaque.com.br\/index.php\/wp-json\/wp\/v2\/media?parent=46723"}],"wp:term":[{"taxonomy":"category","embeddable":true,"href":"https:\/\/noticiasdestaque.com.br\/index.php\/wp-json\/wp\/v2\/categories?post=46723"},{"taxonomy":"post_tag","embeddable":true,"href":"https:\/\/noticiasdestaque.com.br\/index.php\/wp-json\/wp\/v2\/tags?post=46723"}],"curies":[{"name":"wp","href":"https:\/\/api.w.org\/{rel}","templated":true}]}}