{"id":46721,"date":"2025-10-15T18:10:00","date_gmt":"2025-10-15T21:10:00","guid":{"rendered":"https:\/\/noticiasdestaque.com.br\/index.php\/2025\/10\/15\/previsao-do-tempo-chuvas-atingem-o-litoral-do-nordeste-nesta-quinta-feira-16\/"},"modified":"2025-10-15T18:10:00","modified_gmt":"2025-10-15T21:10:00","slug":"previsao-do-tempo-chuvas-atingem-o-litoral-do-nordeste-nesta-quinta-feira-16","status":"publish","type":"post","link":"https:\/\/noticiasdestaque.com.br\/index.php\/2025\/10\/15\/previsao-do-tempo-chuvas-atingem-o-litoral-do-nordeste-nesta-quinta-feira-16\/","title":{"rendered":"PREVIS\u00c3O DO TEMPO: Chuvas atingem o litoral do Nordeste nesta quinta-feira (16)"},"content":{"rendered":"<p>\t\t\t\t\t\t\t\t\t\t<audio controls class=\"b61_audio_player\" data-noticia=\"85244\" src=\"https:\/\/brasil61.com\/rails\/active_storage\/blobs\/eyJfcmFpbHMiOnsibWVzc2FnZSI6IkJBaHBBeUN0QXc9PSIsImV4cCI6bnVsbCwicHVyIjoiYmxvYl9pZCJ9fQ==--028b8a4b4475de1c3a238754ae3c0f2e482c4938\/PTND254833A\"><\/audio><\/p>\n<p>A manh\u00e3 desta quinta-feira (16) ser\u00e1 de tempo firme e sol entre poucas nuvens em grande parte da Regi\u00e3o Nordeste. No Maranh\u00e3o, o sol predomina em S\u00e3o Lu\u00eds, Imperatriz e Caxias, mas \u00e1reas do oeste do estado podem registrar chuva isolada afetando munic\u00edpios como\u00a0S\u00e3o Jo\u00e3o do Para\u00edso, Riach\u00e3o e Balsas.<\/p>\n<\/p>\n<p>No Piau\u00ed, o tempo segue seco, com c\u00e9u claro em Teresina e Parna\u00edba.<\/p>\n<p>No Cear\u00e1, o sol aparece com for\u00e7a em Fortaleza, Sobral e Juazeiro do Norte, sem expectativa de chuva. O Rio Grande do Norte tamb\u00e9m ter\u00e1 manh\u00e3 ensolarada em Natal e Mossor\u00f3.<\/p>\n<p>J\u00e1 nas \u00e1reas litor\u00e2neas da Para\u00edba, Pernambuco, Alagoas e Sergipe, h\u00e1 condi\u00e7\u00f5es de pancadas passageiras de chuva, especialmente em Jo\u00e3o Pessoa, Recife, Macei\u00f3 e Aracaju. No interior desses estados, o tempo permanece firme, com sol predominando ao longo da manh\u00e3.<\/p>\n<p>Na Bahia, o sol aparece entre nuvens em Salvador, Feira de Santana e Vit\u00f3ria da Conquista, mas h\u00e1 possibilidade de chuva isolada no litoral sul e no extremo oeste, pr\u00f3ximo a Barreiras.<\/p>\n<p>Durante a tarde, o tempo continua est\u00e1vel em boa parte do interior nordestino, com predom\u00ednio de sol em Teresina, Fortaleza e Juazeiro do Norte. No entanto, a faixa litor\u00e2nea de Pernambuco, Alagoas, Sergipe e Bahia ainda pode registrar chuvas r\u00e1pidas e isoladas, principalmente em \u00e1reas costeiras.<\/p>\n<p>Entre as capitais, a temperatura m\u00ednima prevista \u00e9 de 22\u00b0C, em Macei\u00f3 e Salvador. J\u00e1 a m\u00e1xima deve atingir at\u00e9 39\u00b0C, em Teresina. A umidade relativa do ar varia entre 25% e 100%.<\/p>\n<h2>5 motivos para acompanhar as previs\u00f5es do tempo<\/h2>\n<ul>\n<li>Agricultura: garantia de uma boa colheita;<\/li>\n<li>Marinha: prote\u00e7\u00e3o de marinheiros, navios e passageiros;<\/li>\n<li>Aeron\u00e1utica: seguran\u00e7a de pilotos, aeronaves e passageiros;<\/li>\n<li>Pesca: condi\u00e7\u00f5es favor\u00e1veis e seguras para a atividade;<\/li>\n<li>Turismo: garantia de passeios e viagens tranquilas e agrad\u00e1veis.<\/li>\n<\/ul>\n<h2>Import\u00e2ncia das observa\u00e7\u00f5es meteorol\u00f3gicas no INMET<\/h2>\n<p>As observa\u00e7\u00f5es meteorol\u00f3gicas do INMET s\u00e3o essenciais para previs\u00f5es em tempo real, estat\u00edsticas clim\u00e1ticas e coopera\u00e7\u00e3o internacional. Esses dados precisos ajudam a estudar o clima passado e a produzir Normais Climatol\u00f3gicas conforme a Organiza\u00e7\u00e3o Meteorol\u00f3gica Mundial (<a href=\"https:\/\/worldweather.wmo.int\/pt\/home.html\">OMM<\/a>).<\/p>\n<p>As informa\u00e7\u00f5es s\u00e3o do Instituto Nacional de Meteorologia <a href=\"https:\/\/portal.inmet.gov.br\/\">(Inmet<\/a>).<br \/>\n\u00a0<\/p>\n<p>\t\t\t\t\t\t\t\t\t<img loading=\"lazy\" decoding=\"async\" src=\"https:\/\/brasil61.com\/api\/v1\/serve_pixel\/17677\/85244\" alt=\"Pixel Brasil 61\" class=\"b61_pixel\" width=\"0\" height=\"0\"><\/p>\n<input type=\"hidden\" id=\"baseurl\" value=\"https:\/\/noticiasdestaque.com.br\"><input type=\"hidden\" id=\"audio_nonce\" value=\"6f73a554f1\">","protected":false},"excerpt":{"rendered":"<p>Na Bahia, o sol aparece entre nuvens em Salvador, Feira de Santana e Vit\u00f3ria da Conquista, mas h\u00e1 possibilidade de chuva isolada no litoral sul e no extremo oeste, pr\u00f3ximo a Barreiras<\/p>\n","protected":false},"author":1,"featured_media":46722,"comment_status":"open","ping_status":"open","sticky":false,"template":"","format":"standard","meta":{"fifu_image_url":"","fifu_image_alt":"","footnotes":""},"categories":[58],"tags":[],"class_list":["post-46721","post","type-post","status-publish","format-standard","has-post-thumbnail","hentry","category-cotidiano"],"distributor_meta":false,"distributor_terms":false,"distributor_media":false,"distributor_original_site_name":"Noticias em Destaque","distributor_original_site_url":"https:\/\/noticiasdestaque.com.br","push-errors":false,"_links":{"self":[{"href":"https:\/\/noticiasdestaque.com.br\/index.php\/wp-json\/wp\/v2\/posts\/46721","targetHints":{"allow":["GET"]}}],"collection":[{"href":"https:\/\/noticiasdestaque.com.br\/index.php\/wp-json\/wp\/v2\/posts"}],"about":[{"href":"https:\/\/noticiasdestaque.com.br\/index.php\/wp-json\/wp\/v2\/types\/post"}],"author":[{"embeddable":true,"href":"https:\/\/noticiasdestaque.com.br\/index.php\/wp-json\/wp\/v2\/users\/1"}],"replies":[{"embeddable":true,"href":"https:\/\/noticiasdestaque.com.br\/index.php\/wp-json\/wp\/v2\/comments?post=46721"}],"version-history":[{"count":0,"href":"https:\/\/noticiasdestaque.com.br\/index.php\/wp-json\/wp\/v2\/posts\/46721\/revisions"}],"wp:featuredmedia":[{"embeddable":true,"href":"https:\/\/noticiasdestaque.com.br\/index.php\/wp-json\/wp\/v2\/media\/46722"}],"wp:attachment":[{"href":"https:\/\/noticiasdestaque.com.br\/index.php\/wp-json\/wp\/v2\/media?parent=46721"}],"wp:term":[{"taxonomy":"category","embeddable":true,"href":"https:\/\/noticiasdestaque.com.br\/index.php\/wp-json\/wp\/v2\/categories?post=46721"},{"taxonomy":"post_tag","embeddable":true,"href":"https:\/\/noticiasdestaque.com.br\/index.php\/wp-json\/wp\/v2\/tags?post=46721"}],"curies":[{"name":"wp","href":"https:\/\/api.w.org\/{rel}","templated":true}]}}