{"id":46701,"date":"2025-10-14T18:00:00","date_gmt":"2025-10-14T21:00:00","guid":{"rendered":"https:\/\/noticiasdestaque.com.br\/index.php\/2025\/10\/14\/previsao-do-tempo-quarta-feira-15-instavel-na-regiao-sudeste\/"},"modified":"2025-10-14T18:00:00","modified_gmt":"2025-10-14T21:00:00","slug":"previsao-do-tempo-quarta-feira-15-instavel-na-regiao-sudeste","status":"publish","type":"post","link":"https:\/\/noticiasdestaque.com.br\/index.php\/2025\/10\/14\/previsao-do-tempo-quarta-feira-15-instavel-na-regiao-sudeste\/","title":{"rendered":"PREVIS\u00c3O DO TEMPO: quarta-feira (15) inst\u00e1vel na Regi\u00e3o Sudeste"},"content":{"rendered":"<p>\t\t\t\t\t\t\t\t\t\t<audio controls class=\"b61_audio_player\" data-noticia=\"85212\" src=\"https:\/\/brasil61.com\/rails\/active_storage\/blobs\/eyJfcmFpbHMiOnsibWVzc2FnZSI6IkJBaHBBNXVzQXc9PSIsImV4cCI6bnVsbCwicHVyIjoiYmxvYl9pZCJ9fQ==--d62f0b444653a23e3cd4f672884ad4ec88895c98\/PTSD254220A\"><\/audio><\/p>\n<p>\u00a0<\/p>\n<\/p>\n<p style=\"text-align: justify\">O <strong>Instituto Nacional de Meteorologia (Inmet)<\/strong> emitiu alerta de chuvas intensas para partes da <strong>Regi\u00e3o Sudeste<\/strong>, com possibilidade de corte de energia el\u00e9trica, alagamentos e descargas el\u00e9tricas.\u00a0<\/p>\n<p style=\"text-align: justify\">No <strong>Esp\u00edrito Santo<\/strong>, o dia ser\u00e1 de muitas nuvens, com fortes chuvas nas Regi\u00f5es Central e Sul do estado.\u00a0<\/p>\n<p style=\"text-align: justify\">Em <strong>Minas Gerais<\/strong>, h\u00e1 varia\u00e7\u00f5es de nuvens e alerta de chuva intensa para regi\u00f5es da Zona da Mata, Campo das Vertentes, Vale do Rio do Doce e Metropolitana de Belo Horizonte.<\/p>\n<p style=\"text-align: justify\">O<strong> Rio de Janeiro<\/strong> tamb\u00e9m est\u00e1 sob aviso de chuvas intensas, principalmente para o Norte, Noroeste e Centro Fluminense, com o dia permanecendo nublado.\u00a0<\/p>\n<p style=\"text-align: justify\">J\u00e1 <strong>S\u00e3o Paulo<\/strong> ter\u00e1 predom\u00ednio de sol e poucas nuvens ao longo do per\u00edodo.\u00a0<\/p>\n<p style=\"text-align: justify\">Entre as capitais, a temperatura m\u00ednima prevista ser\u00e1 de 17\u00b0C, em <strong>S\u00e3o Paulo e Belo Horizonte<\/strong>. J\u00e1 a m\u00e1xima ser\u00e1 de 29\u00b0C, em <strong>Belo Horizonte<\/strong>. A umidade relativa do ar varia entre 50% e 100%.\u00a0<\/p>\n<p style=\"text-align: justify\">As informa\u00e7\u00f5es s\u00e3o do Instituto Nacional de Meteorologia (<a href=\"https:\/\/portal.inmet.gov.br\/\" target=\"_blank\">Inmet<\/a>)<br \/>\n\u00a0<\/p>\n<p>\t\t\t\t\t\t\t\t\t<img loading=\"lazy\" decoding=\"async\" src=\"https:\/\/brasil61.com\/api\/v1\/serve_pixel\/17677\/85212\" alt=\"Pixel Brasil 61\" class=\"b61_pixel\" width=\"0\" height=\"0\"><\/p>\n<input type=\"hidden\" id=\"baseurl\" value=\"https:\/\/noticiasdestaque.com.br\"><input type=\"hidden\" id=\"audio_nonce\" value=\"6f73a554f1\">","protected":false},"excerpt":{"rendered":"<p>O tempo segue inst\u00e1vel com chuvas e sol nos estados do Sudeste<\/p>\n","protected":false},"author":1,"featured_media":46702,"comment_status":"open","ping_status":"open","sticky":false,"template":"","format":"standard","meta":{"fifu_image_url":"","fifu_image_alt":"","footnotes":""},"categories":[58],"tags":[],"class_list":["post-46701","post","type-post","status-publish","format-standard","has-post-thumbnail","hentry","category-cotidiano"],"distributor_meta":false,"distributor_terms":false,"distributor_media":false,"distributor_original_site_name":"Noticias em Destaque","distributor_original_site_url":"https:\/\/noticiasdestaque.com.br","push-errors":false,"_links":{"self":[{"href":"https:\/\/noticiasdestaque.com.br\/index.php\/wp-json\/wp\/v2\/posts\/46701","targetHints":{"allow":["GET"]}}],"collection":[{"href":"https:\/\/noticiasdestaque.com.br\/index.php\/wp-json\/wp\/v2\/posts"}],"about":[{"href":"https:\/\/noticiasdestaque.com.br\/index.php\/wp-json\/wp\/v2\/types\/post"}],"author":[{"embeddable":true,"href":"https:\/\/noticiasdestaque.com.br\/index.php\/wp-json\/wp\/v2\/users\/1"}],"replies":[{"embeddable":true,"href":"https:\/\/noticiasdestaque.com.br\/index.php\/wp-json\/wp\/v2\/comments?post=46701"}],"version-history":[{"count":0,"href":"https:\/\/noticiasdestaque.com.br\/index.php\/wp-json\/wp\/v2\/posts\/46701\/revisions"}],"wp:featuredmedia":[{"embeddable":true,"href":"https:\/\/noticiasdestaque.com.br\/index.php\/wp-json\/wp\/v2\/media\/46702"}],"wp:attachment":[{"href":"https:\/\/noticiasdestaque.com.br\/index.php\/wp-json\/wp\/v2\/media?parent=46701"}],"wp:term":[{"taxonomy":"category","embeddable":true,"href":"https:\/\/noticiasdestaque.com.br\/index.php\/wp-json\/wp\/v2\/categories?post=46701"},{"taxonomy":"post_tag","embeddable":true,"href":"https:\/\/noticiasdestaque.com.br\/index.php\/wp-json\/wp\/v2\/tags?post=46701"}],"curies":[{"name":"wp","href":"https:\/\/api.w.org\/{rel}","templated":true}]}}