{"id":46699,"date":"2025-10-14T18:00:00","date_gmt":"2025-10-14T21:00:00","guid":{"rendered":"https:\/\/noticiasdestaque.com.br\/index.php\/2025\/10\/14\/previsao-do-tempo-quarta-feira-15-com-sol-e-baixa-umidade-na-regiao-nordeste\/"},"modified":"2025-10-14T18:00:00","modified_gmt":"2025-10-14T21:00:00","slug":"previsao-do-tempo-quarta-feira-15-com-sol-e-baixa-umidade-na-regiao-nordeste","status":"publish","type":"post","link":"https:\/\/noticiasdestaque.com.br\/index.php\/2025\/10\/14\/previsao-do-tempo-quarta-feira-15-com-sol-e-baixa-umidade-na-regiao-nordeste\/","title":{"rendered":"PREVIS\u00c3O DO TEMPO: quarta-feira (15) com sol e baixa umidade na Regi\u00e3o Nordeste"},"content":{"rendered":"<p>\t\t\t\t\t\t\t\t\t\t<audio controls class=\"b61_audio_player\" data-noticia=\"85208\" src=\"https:\/\/brasil61.com\/rails\/active_storage\/blobs\/eyJfcmFpbHMiOnsibWVzc2FnZSI6IkJBaHBBNmVzQXc9PSIsImV4cCI6bnVsbCwicHVyIjoiYmxvYl9pZCJ9fQ==--e4c71c52d3d9ca91b08e2c2d0eaff09bb7c4b407\/PTND254832A\"><\/audio><\/p>\n<p>\u00a0<\/p>\n<\/p>\n<p style=\"text-align: justify\">O <strong>Instituto Nacional de Meteorologia (Inmet)<\/strong> emitiu alerta para baixa umidade em diversas \u00e1reas da <strong>Regi\u00e3o Nordeste<\/strong>, com \u00edndices que podem ficar abaixo de 30%. A orienta\u00e7\u00e3o \u00e9 aumentar a ingest\u00e3o de \u00e1gua e evitar atividades f\u00edsicas intensas.\u00a0<\/p>\n<p style=\"text-align: justify\">Nos estados do <strong>Maranh\u00e3o<\/strong>, <strong>Piau\u00ed<\/strong>, <strong>Cear\u00e1<\/strong>, <strong>Rio Grande do Norte<\/strong>, <strong>Para\u00edba<\/strong>, <strong>Pernambuco<\/strong>, <strong>Alagoas<\/strong>, <strong>Sergipe <\/strong>e <strong>Bahia<\/strong>, o dia \u00a0ser\u00e1 de sol, c\u00e9u claro e poucas varia\u00e7\u00f5es de nuvens ao longo do per\u00edodo.\u00a0<\/p>\n<p style=\"text-align: justify\">Entre as capitais, a temperatura m\u00ednima prevista ser\u00e1 de 22\u00b0C, em <strong>Macei\u00f3 <\/strong>e <strong>Fortaleza<\/strong>. J\u00e1 a m\u00e1xima ser\u00e1 de 39\u00b0C, em <strong>Teresina<\/strong>. A umidade relativa do ar varia entre 25% e 95%.\u00a0<\/p>\n<p style=\"text-align: justify\">As informa\u00e7\u00f5es s\u00e3o do Instituto Nacional de Meteorologia (<a href=\"https:\/\/portal.inmet.gov.br\/\" target=\"_blank\">Inmet<\/a>). \u00a0<br \/>\n\u00a0<\/p>\n<p>\t\t\t\t\t\t\t\t\t<img loading=\"lazy\" decoding=\"async\" src=\"https:\/\/brasil61.com\/api\/v1\/serve_pixel\/17677\/85208\" alt=\"Pixel Brasil 61\" class=\"b61_pixel\" width=\"0\" height=\"0\"><\/p>\n<input type=\"hidden\" id=\"baseurl\" value=\"https:\/\/noticiasdestaque.com.br\"><input type=\"hidden\" id=\"audio_nonce\" value=\"6f73a554f1\">","protected":false},"excerpt":{"rendered":"<p>O tempo segue firme e seco em grande parte do Nordeste, com alerta para baixa umidade<\/p>\n","protected":false},"author":1,"featured_media":46700,"comment_status":"open","ping_status":"open","sticky":false,"template":"","format":"standard","meta":{"fifu_image_url":"","fifu_image_alt":"","footnotes":""},"categories":[58],"tags":[],"class_list":["post-46699","post","type-post","status-publish","format-standard","has-post-thumbnail","hentry","category-cotidiano"],"distributor_meta":false,"distributor_terms":false,"distributor_media":false,"distributor_original_site_name":"Noticias em Destaque","distributor_original_site_url":"https:\/\/noticiasdestaque.com.br","push-errors":false,"_links":{"self":[{"href":"https:\/\/noticiasdestaque.com.br\/index.php\/wp-json\/wp\/v2\/posts\/46699","targetHints":{"allow":["GET"]}}],"collection":[{"href":"https:\/\/noticiasdestaque.com.br\/index.php\/wp-json\/wp\/v2\/posts"}],"about":[{"href":"https:\/\/noticiasdestaque.com.br\/index.php\/wp-json\/wp\/v2\/types\/post"}],"author":[{"embeddable":true,"href":"https:\/\/noticiasdestaque.com.br\/index.php\/wp-json\/wp\/v2\/users\/1"}],"replies":[{"embeddable":true,"href":"https:\/\/noticiasdestaque.com.br\/index.php\/wp-json\/wp\/v2\/comments?post=46699"}],"version-history":[{"count":0,"href":"https:\/\/noticiasdestaque.com.br\/index.php\/wp-json\/wp\/v2\/posts\/46699\/revisions"}],"wp:featuredmedia":[{"embeddable":true,"href":"https:\/\/noticiasdestaque.com.br\/index.php\/wp-json\/wp\/v2\/media\/46700"}],"wp:attachment":[{"href":"https:\/\/noticiasdestaque.com.br\/index.php\/wp-json\/wp\/v2\/media?parent=46699"}],"wp:term":[{"taxonomy":"category","embeddable":true,"href":"https:\/\/noticiasdestaque.com.br\/index.php\/wp-json\/wp\/v2\/categories?post=46699"},{"taxonomy":"post_tag","embeddable":true,"href":"https:\/\/noticiasdestaque.com.br\/index.php\/wp-json\/wp\/v2\/tags?post=46699"}],"curies":[{"name":"wp","href":"https:\/\/api.w.org\/{rel}","templated":true}]}}