{"id":46687,"date":"2025-10-14T04:55:00","date_gmt":"2025-10-14T07:55:00","guid":{"rendered":"https:\/\/noticiasdestaque.com.br\/index.php\/2025\/10\/14\/confianca-do-empresario-industrial-sobe-em-outubro-mas-segue-abaixo-da-linha-de-otimismo\/"},"modified":"2025-10-14T04:55:00","modified_gmt":"2025-10-14T07:55:00","slug":"confianca-do-empresario-industrial-sobe-em-outubro-mas-segue-abaixo-da-linha-de-otimismo","status":"publish","type":"post","link":"https:\/\/noticiasdestaque.com.br\/index.php\/2025\/10\/14\/confianca-do-empresario-industrial-sobe-em-outubro-mas-segue-abaixo-da-linha-de-otimismo\/","title":{"rendered":"Confian\u00e7a do empres\u00e1rio industrial sobe em outubro, mas segue abaixo da linha de otimismo"},"content":{"rendered":"<p>\t\t\t\t\t\t\t\t\t\t<audio controls class=\"b61_audio_player\" data-noticia=\"85202\" src=\"https:\/\/brasil61.com\/rails\/active_storage\/blobs\/eyJfcmFpbHMiOnsibWVzc2FnZSI6IkJBaHBBKzJyQXc9PSIsImV4cCI6bnVsbCwicHVyIjoiYmxvYl9pZCJ9fQ==--52f961e6e5cf8f89bd5166efcb80b206cd1f7cce\/PIND254649B\"><\/audio><\/p>\n<p>O<strong> <a href=\"https:\/\/www.portaldaindustria.com.br\/cni\/?utm_source=jor&amp;utm_medium=comunique&amp;utm_campaign=release&amp;utm_content=texto-fixo\" target=\"_blank\">\u00cdndice de Confian\u00e7a do Empres\u00e1rio Industrial (ICEI)<\/a><\/strong> subiu um ponto em <strong>outubro<\/strong> e chegou a 47,2 pontos. Apesar da alta, o <strong>indicador permanece abaixo da linha de 50 pontos, que separa confian\u00e7a de falta de confian\u00e7a<\/strong>. O setor acumula <strong>10 meses seguidos de pessimismo<\/strong>. Os dados foram divulgados pela <a href=\"https:\/\/www.portaldaindustria.com.br\/estatisticas\/icei-indice-de-confianca-do-empresario-industrial\" target=\"_blank\">Confedera\u00e7\u00e3o Nacional da Ind\u00fastria (CNI)<\/a> nesta segunda-feira (13).<\/p>\n<p>Para o gerente de An\u00e1lise Econ\u00f4mica da CNI, Marcelo Azevedo, ainda n\u00e3o \u00e9 poss\u00edvel afirmar que houve uma revers\u00e3o do quadro. \u201cO <strong>final do ano costuma ser o per\u00edodo mais favor\u00e1vel para a ind\u00fastria<\/strong>, e isso costuma se refletir nas expectativas. Ent\u00e3o \u00e9 poss\u00edvel que tenha uma melhora, por conta at\u00e9 do per\u00edodo do ano, mas <strong>n\u00e3o necessariamente uma revers\u00e3o dessa falta de confian\u00e7a<\/strong> que a gente vem observando desde o in\u00edcio do ano\u201d, explica.<\/p>\n<p>O levantamento mostra que os dois componentes do \u00edndice melhoraram em outubro, na compara\u00e7\u00e3o com setembro. O <strong>\u00cdndice de Condi\u00e7\u00f5es Atuais <\/strong>avan\u00e7ou 1,3 ponto, de 41,9 para <strong>43,2 pontos<\/strong>, impulsionado por uma percep\u00e7\u00e3o menos negativa sobre o momento das empresas e da economia. Mesmo assim, o resultado segue abaixo dos 50 pontos, o que indica condi\u00e7\u00f5es piores do que h\u00e1 seis meses.<\/p>\n<p>O <strong>\u00cdndice de Expectativas<\/strong> teve alta de 2,9 pontos, a terceira consecutiva, e chegou a <strong>49,1 pontos<\/strong>. O patamar mostra que os empres\u00e1rios continuam com perspectivas negativas para os pr\u00f3ximos seis meses, embora menos pessimistas do que em setembro.<\/p>\n<p>A CNI aponta que a leve melhora reflete uma vis\u00e3o menos desfavor\u00e1vel sobre o futuro da economia e mais positiva em rela\u00e7\u00e3o \u00e0s pr\u00f3prias empresas.<\/p>\n<h2>Juros\u00a0<\/h2>\n<p>De acordo com o economista-chefe da <a href=\"https:\/\/analiseeconomica.com.br\/\" target=\"_blank\">An\u00e1lise Econ\u00f4mica<\/a>, Andr\u00e9 Galhardo, <strong>a falta de confian\u00e7a est\u00e1 relacionada \u00e0 taxa de juros alta<\/strong>, que impacta a ind\u00fastria e outros setores produtivos. \u201cEsse n\u00edvel elevado dificulta investimentos, capta\u00e7\u00e3o de capital de giro, onera demais o custo do cr\u00e9dito no pa\u00eds e isso acaba impactando a ind\u00fastria, o varejo e a economia brasileira de modo geral\u201d, detalha.\u00a0<\/p>\n<p>Galhardo pontua que, embora tenham melhorado, os \u00edndices ainda est\u00e3o abaixo dos 50 pontos. \u201cN\u00e3o se trata s\u00f3 de uma corre\u00e7\u00e3o depois de uma queda muito forte, a principal explica\u00e7\u00e3o est\u00e1 na trajet\u00f3ria da economia brasileira. Se pud\u00e9ssemos dizer que essa eleva\u00e7\u00e3o da taxa de juros provocou um vale na economia brasileira, nesse momento n\u00f3s estamos escalando, saindo da parte mais baixa desse vale e mais perto agora do in\u00edcio do ciclo de cortes de juros do que est\u00e1vamos h\u00e1 algum tempo\u201d, avalia.<\/p>\n<p>A explica\u00e7\u00e3o, segundo o especialista, \u00e9 a <strong>expectativa<\/strong> de que o Comit\u00ea de Pol\u00edtica Monet\u00e1ria do Banco Central <strong>(<a href=\"https:\/\/www.bcb.gov.br\/controleinflacao\/copom\" target=\"_blank\">Copom<\/a>) inicie um ciclo de cortes de juros j\u00e1 na pr\u00f3xima reuni\u00e3o, em dezembro, ou no primeiro trimestre de 2026.<\/strong><\/p>\n<p>Em <a href=\"https:\/\/noticias.portaldaindustria.com.br\/artigos\/ricardo-alban\/juros-abusivos-o-inimigo-invisivel-que-condena-o-brasil-ao-atraso\/\" target=\"_blank\">artigo publicado recentemente no jornal O Globo<\/a>, o presidente da CNI, Ricardo Alban, afirmou que os <strong>juros praticados no Brasil s\u00e3o uma &#8220;barreira intranspon\u00edvel ao desenvolvimento&#8221;<\/strong>. &#8220;N\u00e3o existe crescimento sustent\u00e1vel com juros estratosf\u00e9ricos.<strong> N\u00e3o h\u00e1 espa\u00e7o para inova\u00e7\u00e3o, reindustrializa\u00e7\u00e3o e cr\u00e9dito acess\u00edvel.<\/strong> O que se v\u00ea \u00e9 a paralisia dos investimentos produtivos, com sequelas para toda a sociedade.&#8221;, escreveu Alban. No texto, o dirigente da confedera\u00e7\u00e3o antecipou a cria\u00e7\u00e3o do pacto Brasil +25 \u2014 uma mobiliza\u00e7\u00e3o que reunir\u00e1 empres\u00e1rios, trabalhadores e lideran\u00e7as pol\u00edticas para propor reformas e pol\u00edticas de Estado voltadas a conter a escalada dos juros.<\/p>\n<p>ICEI<\/p>\n<p>O ICEI \u00e9 uma pesquisa mensal da CNI que mede a confian\u00e7a dos empres\u00e1rios da ind\u00fastria. Nesta edi\u00e7\u00e3o, a pesquisa ouviu 1.164 empresas entre 1\u00ba e 7 de outubro de 2025, sendo 458 de pequeno porte, 444 de m\u00e9dio porte e 262 de grande porte.<br \/>\n\u00a0<\/p>\n<p>\t\t\t\t\t\t\t\t\t<img loading=\"lazy\" decoding=\"async\" src=\"https:\/\/brasil61.com\/api\/v1\/serve_pixel\/17677\/85202\" alt=\"Pixel Brasil 61\" class=\"b61_pixel\" width=\"0\" height=\"0\"><\/p>\n<input type=\"hidden\" id=\"baseurl\" value=\"https:\/\/noticiasdestaque.com.br\"><input type=\"hidden\" id=\"audio_nonce\" value=\"6f73a554f1\">","protected":false},"excerpt":{"rendered":"<p>Apesar da alta, indicador permanece abaixo dos 50 pontos e registra 10 meses seguidos de pessimismo entre industriais<\/p>\n","protected":false},"author":1,"featured_media":46688,"comment_status":"open","ping_status":"open","sticky":false,"template":"","format":"standard","meta":{"fifu_image_url":"","fifu_image_alt":"","footnotes":""},"categories":[59],"tags":[],"class_list":["post-46687","post","type-post","status-publish","format-standard","has-post-thumbnail","hentry","category-economia"],"distributor_meta":false,"distributor_terms":false,"distributor_media":false,"distributor_original_site_name":"Noticias em Destaque","distributor_original_site_url":"https:\/\/noticiasdestaque.com.br","push-errors":false,"_links":{"self":[{"href":"https:\/\/noticiasdestaque.com.br\/index.php\/wp-json\/wp\/v2\/posts\/46687","targetHints":{"allow":["GET"]}}],"collection":[{"href":"https:\/\/noticiasdestaque.com.br\/index.php\/wp-json\/wp\/v2\/posts"}],"about":[{"href":"https:\/\/noticiasdestaque.com.br\/index.php\/wp-json\/wp\/v2\/types\/post"}],"author":[{"embeddable":true,"href":"https:\/\/noticiasdestaque.com.br\/index.php\/wp-json\/wp\/v2\/users\/1"}],"replies":[{"embeddable":true,"href":"https:\/\/noticiasdestaque.com.br\/index.php\/wp-json\/wp\/v2\/comments?post=46687"}],"version-history":[{"count":0,"href":"https:\/\/noticiasdestaque.com.br\/index.php\/wp-json\/wp\/v2\/posts\/46687\/revisions"}],"wp:featuredmedia":[{"embeddable":true,"href":"https:\/\/noticiasdestaque.com.br\/index.php\/wp-json\/wp\/v2\/media\/46688"}],"wp:attachment":[{"href":"https:\/\/noticiasdestaque.com.br\/index.php\/wp-json\/wp\/v2\/media?parent=46687"}],"wp:term":[{"taxonomy":"category","embeddable":true,"href":"https:\/\/noticiasdestaque.com.br\/index.php\/wp-json\/wp\/v2\/categories?post=46687"},{"taxonomy":"post_tag","embeddable":true,"href":"https:\/\/noticiasdestaque.com.br\/index.php\/wp-json\/wp\/v2\/tags?post=46687"}],"curies":[{"name":"wp","href":"https:\/\/api.w.org\/{rel}","templated":true}]}}