{"id":46575,"date":"2025-10-09T18:35:00","date_gmt":"2025-10-09T21:35:00","guid":{"rendered":"https:\/\/noticiasdestaque.com.br\/index.php\/2025\/10\/09\/previsao-do-tempo-sudeste-com-ceu-encoberto-nesta-sexta-feira-10\/"},"modified":"2025-10-09T18:35:00","modified_gmt":"2025-10-09T21:35:00","slug":"previsao-do-tempo-sudeste-com-ceu-encoberto-nesta-sexta-feira-10","status":"publish","type":"post","link":"https:\/\/noticiasdestaque.com.br\/index.php\/2025\/10\/09\/previsao-do-tempo-sudeste-com-ceu-encoberto-nesta-sexta-feira-10\/","title":{"rendered":"PREVIS\u00c3O DO TEMPO: Sudeste com c\u00e9u encoberto nesta sexta-feira (10)"},"content":{"rendered":"<p>\t\t\t\t\t\t\t\t\t\t<audio controls class=\"b61_audio_player\" data-noticia=\"85102\" src=\"https:\/\/brasil61.com\/rails\/active_storage\/blobs\/eyJfcmFpbHMiOnsibWVzc2FnZSI6IkJBaHBBOFNwQXc9PSIsImV4cCI6bnVsbCwicHVyIjoiYmxvYl9pZCJ9fQ==--0541397544bdb2b2fbe8deb583e65f09d4856fa4\/PTSD254215A\"><\/audio><\/p>\n<p>A <strong>previs\u00e3o do tempo para a regi\u00e3o Sudeste<\/strong> do pa\u00eds, nesta <strong>sexta-feira (10)<\/strong>, indica chuvas isoladas em diversas partes da regi\u00e3o.<\/p>\n<p>O <strong>Instituto Nacional de Meteorologia (Inmet) alerta para perigo potencial de acumulado de chuva<\/strong> no litoral sul paulista, em Santos e no Guaruj\u00e1. H\u00e1 tamb\u00e9m o <strong>alerta para perigo potencial de baixa umidade em Minas Gerais<\/strong>, afetando os munic\u00edpios de Montes Claros e Uberl\u00e2ndia.\u00a0\u00a0<\/p>\n<p>De manh\u00e3, predominam poucas e muitas nuvens nos estados de Minas Gerais e de S\u00e3o Paulo, e em partes do Rio de Janeiro e do Esp\u00edrito Santo. O dia come\u00e7a com possibilidade de chuvas isoladas em boa parte do territ\u00f3rio fluminense e capixaba. A capital S\u00e3o Paulo e a regi\u00e3o do litoral paulista sofrem com pancadas de chuvas e trovoadas isoladas.<\/p>\n<p>\u00c0 tarde, as pancadas avan\u00e7am e cobrem quase todo estado de S\u00e3o Paulo, exceto na cidade de Aparecida, que permanece com muitas nuvens. Em parte do estado mineiro tamb\u00e9m avan\u00e7am as chuvas, como no munic\u00edpio de Uberaba, mas o restante permanece com muitas nuvens, como tamb\u00e9m o interior do Rio de Janeiro e do Esp\u00edrito Santo. As chuvas isoladas seguem na costa fluminense e capixaba.\u00a0<\/p>\n<p>A noite \u00e9 marcada por pancadas de chuvas em todos os quatro estados, principalmente no Rio de Janeiro. A condi\u00e7\u00e3o se manifesta de Mar\u00edlia \u00e0 capital S\u00e3o Paulo e no litoral paulista, do tri\u00e2ngulo mineiro \u00e0 Zona da Mata de Minas e no sul capixaba. Chuvas isoladas cobrem o litoral do Esp\u00edrito Santo, enquanto no restante do estado e em S\u00e3o Paulo a noite tem muitas nuvens.\u00a0O norte de Minas segue com poucas nuvens.\u00a0<\/p>\n<p>Entre as capitais, a temperatura <strong>m\u00ednima prevista \u00e9 de 14\u00b0C em S\u00e3o Paulo<\/strong>. J\u00e1 a <strong>m\u00e1xima pode chegar at\u00e9 29\u00b0C em Belo Horizonte<\/strong>. A umidade relativa do ar varia entre <strong>30% e 100%<\/strong>.<\/p>\n<h2>5 motivos para acompanhar as previs\u00f5es do tempo<\/h2>\n<ul>\n<li>Agricultura: garantia de uma boa colheita;<\/li>\n<li>Marinha: prote\u00e7\u00e3o de marinheiros, navios e passageiros;<\/li>\n<li>Aeron\u00e1utica: seguran\u00e7a de pilotos, aeronaves e passageiros;<\/li>\n<li>Pesca: condi\u00e7\u00f5es favor\u00e1veis e seguras para a atividade;<\/li>\n<li>Turismo: garantia de passeios e viagens tranquilas e agrad\u00e1veis.<\/li>\n<\/ul>\n<h2>Import\u00e2ncia das observa\u00e7\u00f5es meteorol\u00f3gicas no INMET<\/h2>\n<p>As observa\u00e7\u00f5es meteorol\u00f3gicas do INMET s\u00e3o essenciais para previs\u00f5es em tempo real, estat\u00edsticas clim\u00e1ticas e coopera\u00e7\u00e3o internacional. Esses dados precisos ajudam a estudar o clima passado e a produzir Normais Climatol\u00f3gicas conforme a Organiza\u00e7\u00e3o Meteorol\u00f3gica Mundial (<a href=\"https:\/\/worldweather.wmo.int\/pt\/home.html\">OMM<\/a>).<\/p>\n<p>As informa\u00e7\u00f5es s\u00e3o do Instituto Nacional de Meteorologia (<a href=\"https:\/\/portal.inmet.gov.br\/\">Inmet<\/a>).<\/p>\n<p>\t\t\t\t\t\t\t\t\t<img loading=\"lazy\" decoding=\"async\" src=\"https:\/\/brasil61.com\/api\/v1\/serve_pixel\/17677\/85102\" alt=\"Pixel Brasil 61\" class=\"b61_pixel\" width=\"0\" height=\"0\"><\/p>\n<input type=\"hidden\" id=\"baseurl\" value=\"https:\/\/noticiasdestaque.com.br\"><input type=\"hidden\" id=\"audio_nonce\" value=\"6f73a554f1\">","protected":false},"excerpt":{"rendered":"<p>Inmet alerta para perigo potencial de baixa umidade em Minas e de acumulado de chuva no litoral sul paulista; temperaturas variam entre 14\u00b0C e 29\u00b0C<\/p>\n","protected":false},"author":1,"featured_media":46576,"comment_status":"open","ping_status":"open","sticky":false,"template":"","format":"standard","meta":{"fifu_image_url":"","fifu_image_alt":"","footnotes":""},"categories":[58],"tags":[],"class_list":["post-46575","post","type-post","status-publish","format-standard","has-post-thumbnail","hentry","category-cotidiano"],"distributor_meta":false,"distributor_terms":false,"distributor_media":false,"distributor_original_site_name":"Noticias em Destaque","distributor_original_site_url":"https:\/\/noticiasdestaque.com.br","push-errors":false,"_links":{"self":[{"href":"https:\/\/noticiasdestaque.com.br\/index.php\/wp-json\/wp\/v2\/posts\/46575","targetHints":{"allow":["GET"]}}],"collection":[{"href":"https:\/\/noticiasdestaque.com.br\/index.php\/wp-json\/wp\/v2\/posts"}],"about":[{"href":"https:\/\/noticiasdestaque.com.br\/index.php\/wp-json\/wp\/v2\/types\/post"}],"author":[{"embeddable":true,"href":"https:\/\/noticiasdestaque.com.br\/index.php\/wp-json\/wp\/v2\/users\/1"}],"replies":[{"embeddable":true,"href":"https:\/\/noticiasdestaque.com.br\/index.php\/wp-json\/wp\/v2\/comments?post=46575"}],"version-history":[{"count":0,"href":"https:\/\/noticiasdestaque.com.br\/index.php\/wp-json\/wp\/v2\/posts\/46575\/revisions"}],"wp:featuredmedia":[{"embeddable":true,"href":"https:\/\/noticiasdestaque.com.br\/index.php\/wp-json\/wp\/v2\/media\/46576"}],"wp:attachment":[{"href":"https:\/\/noticiasdestaque.com.br\/index.php\/wp-json\/wp\/v2\/media?parent=46575"}],"wp:term":[{"taxonomy":"category","embeddable":true,"href":"https:\/\/noticiasdestaque.com.br\/index.php\/wp-json\/wp\/v2\/categories?post=46575"},{"taxonomy":"post_tag","embeddable":true,"href":"https:\/\/noticiasdestaque.com.br\/index.php\/wp-json\/wp\/v2\/tags?post=46575"}],"curies":[{"name":"wp","href":"https:\/\/api.w.org\/{rel}","templated":true}]}}