{"id":46569,"date":"2025-10-09T18:20:00","date_gmt":"2025-10-09T21:20:00","guid":{"rendered":"https:\/\/noticiasdestaque.com.br\/index.php\/2025\/10\/09\/previsao-do-tempo-sexta-feira-10-de-poucas-nuvens-no-nordeste\/"},"modified":"2025-10-09T18:20:00","modified_gmt":"2025-10-09T21:20:00","slug":"previsao-do-tempo-sexta-feira-10-de-poucas-nuvens-no-nordeste","status":"publish","type":"post","link":"https:\/\/noticiasdestaque.com.br\/index.php\/2025\/10\/09\/previsao-do-tempo-sexta-feira-10-de-poucas-nuvens-no-nordeste\/","title":{"rendered":"PREVIS\u00c3O DO TEMPO: sexta-feira (10) de poucas nuvens no Nordeste"},"content":{"rendered":"<p>\t\t\t\t\t\t\t\t\t\t<audio controls class=\"b61_audio_player\" data-noticia=\"85105\" src=\"https:\/\/brasil61.com\/rails\/active_storage\/blobs\/eyJfcmFpbHMiOnsibWVzc2FnZSI6IkJBaHBBOEdwQXc9PSIsImV4cCI6bnVsbCwicHVyIjoiYmxvYl9pZCJ9fQ==--d4db0b6868a59a71ec985168e9002e4aeb9faad7\/PTND254827A\"><\/audio><\/p>\n<p>A <strong>previs\u00e3o do tempo para a regi\u00e3o Nordeste<\/strong> do pa\u00eds, nesta <strong>sexta-feira (10)<\/strong>, indica c\u00e9u com poucas nuvens e chuvas isoladas.<\/p>\n<p>O <strong>Instituto Nacional de Meteorologia (Inmet) alerta para perigo potencial de baixa umidade<\/strong> no oeste da <strong>Bahia<\/strong>, em boa parte do <strong>Piau\u00ed<\/strong> e no sul do <strong>Cear\u00e1<\/strong>. A condi\u00e7\u00e3o deve afetar os munic\u00edpios de Xique-Xique, Itain\u00f3polis e Iracema, respectivamente.<\/p>\n<p>Na Bahia, o tempo \u00e9 de c\u00e9u claro e com poucas nuvens ao longo do dia em boa parte do estado, com chuvas isoladas na costa baiana. A capital, Salvador, passa o dia com o c\u00e9u encoberto e com chuvas isoladas. \u00c0 noite, a condi\u00e7\u00e3o se repete.<\/p>\n<p>A manh\u00e3 e a tarde nos estados do Rio Grande do Norte, Para\u00edba, Pernambuco, Alagoas e em Sergipe \u00e9 de c\u00e9u com poucas nuvens no interior e chuvas isoladas no litoral. \u00c0 tarde, chuvas atingem as costas paraibana, pernambucana e alagoana. De noite, as chuvas isoladas se concentram nas capitais Jo\u00e3o Pessoa, Recife, Macei\u00f3 e Aracaju.<\/p>\n<p>No Piau\u00ed e no Cear\u00e1, o dia e a noite s\u00e3o de poucas nuvens.\u00a0\u00a0<\/p>\n<p>A manh\u00e3 no Maranh\u00e3o \u00e9 de muitas nuvens, enquanto predominam pancadas de chuvas por todo o estado no per\u00edodo da tarde. A noite \u00e9 marcada por muitas e poucas nuvens no c\u00e9u maranhense.<\/p>\n<p>Entre as capitais, a temperatura <strong>m\u00ednima prevista \u00e9 de 22\u00b0C em Salvador e Aracaju<\/strong>. J\u00e1 a <strong>m\u00e1xima pode chegar at\u00e9 38\u00b0C em Teresina<\/strong>. A umidade relativa do ar varia entre <strong>30% e 95%<\/strong>.<\/p>\n<h2>5 motivos para acompanhar as previs\u00f5es do tempo<\/h2>\n<ul>\n<li>Agricultura: garantia de uma boa colheita;<\/li>\n<li>Marinha: prote\u00e7\u00e3o de marinheiros, navios e passageiros;<\/li>\n<li>Aeron\u00e1utica: seguran\u00e7a de pilotos, aeronaves e passageiros;<\/li>\n<li>Pesca: condi\u00e7\u00f5es favor\u00e1veis e seguras para a atividade;<\/li>\n<li>Turismo: garantia de passeios e viagens tranquilas e agrad\u00e1veis.<\/li>\n<\/ul>\n<h2>Import\u00e2ncia das observa\u00e7\u00f5es meteorol\u00f3gicas no INMET<\/h2>\n<p>As observa\u00e7\u00f5es meteorol\u00f3gicas do INMET s\u00e3o essenciais para previs\u00f5es em tempo real, estat\u00edsticas clim\u00e1ticas e coopera\u00e7\u00e3o internacional. Esses dados precisos ajudam a estudar o clima passado e a produzir Normais Climatol\u00f3gicas conforme a Organiza\u00e7\u00e3o Meteorol\u00f3gica Mundial (<a href=\"https:\/\/worldweather.wmo.int\/pt\/home.html\">OMM<\/a>).<\/p>\n<p>As informa\u00e7\u00f5es s\u00e3o do Instituto Nacional de Meteorologia (<a href=\"https:\/\/portal.inmet.gov.br\/\">Inmet<\/a>).<\/p>\n<p>\u00a0<\/p>\n<p>\t\t\t\t\t\t\t\t\t<img loading=\"lazy\" decoding=\"async\" src=\"https:\/\/brasil61.com\/api\/v1\/serve_pixel\/17677\/85105\" alt=\"Pixel Brasil 61\" class=\"b61_pixel\" width=\"0\" height=\"0\"><\/p>\n<input type=\"hidden\" id=\"baseurl\" value=\"https:\/\/noticiasdestaque.com.br\"><input type=\"hidden\" id=\"audio_nonce\" value=\"6f73a554f1\">","protected":false},"excerpt":{"rendered":"<p>Inmet alerta para perigo potencial de chuvas intensas no oeste do Maranh\u00e3o; temperaturas variam entre 22\u00b0C e 38\u00b0C<\/p>\n","protected":false},"author":1,"featured_media":46570,"comment_status":"open","ping_status":"open","sticky":false,"template":"","format":"standard","meta":{"fifu_image_url":"","fifu_image_alt":"","footnotes":""},"categories":[58],"tags":[],"class_list":["post-46569","post","type-post","status-publish","format-standard","has-post-thumbnail","hentry","category-cotidiano"],"distributor_meta":false,"distributor_terms":false,"distributor_media":false,"distributor_original_site_name":"Noticias em Destaque","distributor_original_site_url":"https:\/\/noticiasdestaque.com.br","push-errors":false,"_links":{"self":[{"href":"https:\/\/noticiasdestaque.com.br\/index.php\/wp-json\/wp\/v2\/posts\/46569","targetHints":{"allow":["GET"]}}],"collection":[{"href":"https:\/\/noticiasdestaque.com.br\/index.php\/wp-json\/wp\/v2\/posts"}],"about":[{"href":"https:\/\/noticiasdestaque.com.br\/index.php\/wp-json\/wp\/v2\/types\/post"}],"author":[{"embeddable":true,"href":"https:\/\/noticiasdestaque.com.br\/index.php\/wp-json\/wp\/v2\/users\/1"}],"replies":[{"embeddable":true,"href":"https:\/\/noticiasdestaque.com.br\/index.php\/wp-json\/wp\/v2\/comments?post=46569"}],"version-history":[{"count":0,"href":"https:\/\/noticiasdestaque.com.br\/index.php\/wp-json\/wp\/v2\/posts\/46569\/revisions"}],"wp:featuredmedia":[{"embeddable":true,"href":"https:\/\/noticiasdestaque.com.br\/index.php\/wp-json\/wp\/v2\/media\/46570"}],"wp:attachment":[{"href":"https:\/\/noticiasdestaque.com.br\/index.php\/wp-json\/wp\/v2\/media?parent=46569"}],"wp:term":[{"taxonomy":"category","embeddable":true,"href":"https:\/\/noticiasdestaque.com.br\/index.php\/wp-json\/wp\/v2\/categories?post=46569"},{"taxonomy":"post_tag","embeddable":true,"href":"https:\/\/noticiasdestaque.com.br\/index.php\/wp-json\/wp\/v2\/tags?post=46569"}],"curies":[{"name":"wp","href":"https:\/\/api.w.org\/{rel}","templated":true}]}}