{"id":46567,"date":"2025-10-09T04:00:00","date_gmt":"2025-10-09T07:00:00","guid":{"rendered":"https:\/\/noticiasdestaque.com.br\/index.php\/2025\/10\/09\/previsao-do-tempo-sul-com-tempo-firme-nesta-sexta-feira-10\/"},"modified":"2025-10-09T04:00:00","modified_gmt":"2025-10-09T07:00:00","slug":"previsao-do-tempo-sul-com-tempo-firme-nesta-sexta-feira-10","status":"publish","type":"post","link":"https:\/\/noticiasdestaque.com.br\/index.php\/2025\/10\/09\/previsao-do-tempo-sul-com-tempo-firme-nesta-sexta-feira-10\/","title":{"rendered":"PREVIS\u00c3O DO TEMPO: Sul com tempo firme nesta sexta-feira (10)"},"content":{"rendered":"<p>\t\t\t\t\t\t\t\t\t\t<audio controls class=\"b61_audio_player\" data-noticia=\"85101\" src=\"https:\/\/brasil61.com\/rails\/active_storage\/blobs\/eyJfcmFpbHMiOnsibWVzc2FnZSI6IkJBaHBBNytwQXc9PSIsImV4cCI6bnVsbCwicHVyIjoiYmxvYl9pZCJ9fQ==--0528f44748c18c561817c330c992fbc730627855\/PTRS254092A\"><\/audio><\/p>\n<p>A <strong>previs\u00e3o do tempo para a regi\u00e3o Sul<\/strong> do pa\u00eds, nesta <strong>sexta-feira (10)<\/strong>, indica poucas nuvens em boa parte da regi\u00e3o.<\/p>\n<p>O <strong>Instituto Nacional de Meteorologia (Inmet) alerta para perigo potencial de acumulado de chuva<\/strong> na <strong>regi\u00e3o costeira do Paran\u00e1<\/strong> e em parte da <strong>costa de Santa Catarina<\/strong>, que atinge o munic\u00edpio de Joinville. O <strong>Inmet tamb\u00e9m adverte sobre perigo potencial de chuvas intensas<\/strong> em uma <strong>pequena parcela do Paran\u00e1<\/strong>, pr\u00f3ximo ao munic\u00edpio de Siqueira Campos.<\/p>\n<p>A manh\u00e3 \u00e9 marcada por poucas nuvens no Rio Grande do Sul e muitas nuvens no Paran\u00e1 e em Santa Catarina. Pancadas de chuvas podem ser avistadas em Paranagu\u00e1.<\/p>\n<p>O per\u00edodo da tarde\u00a0segue\u00a0com poucas nuvens no territ\u00f3rio ga\u00facho e muitas nuvens na regi\u00e3o catarinense e paranaense. Pancadas de chuvas se concentram na divisa do Paran\u00e1 com S\u00e3o Paulo, em munic\u00edpios como Bandeirantes.<\/p>\n<p>\u00c0 noite, muitas e poucas nuvens ocupam boa parte dos estados sulistas, exceto na costa paranaense e em quase todo litoral de Santa Catarina, em que est\u00e3o previstas chuvas isoladas, como tamb\u00e9m na capital Florian\u00f3polis.\u00a0<\/p>\n<p>Entre as capitais, a temperatura <strong>m\u00ednima prevista \u00e9 de 11\u00b0C em Curitiba<\/strong>. J\u00e1 a <strong>m\u00e1xima pode chegar at\u00e9 25\u00b0C, em Porto Alegre<\/strong>. A umidade relativa do ar varia entre <strong>50% a 100%<\/strong>.<\/p>\n<h2>5 motivos para acompanhar as previs\u00f5es do tempo<\/h2>\n<ul>\n<li>Agricultura: garantia de uma boa colheita;<\/li>\n<li>Marinha: prote\u00e7\u00e3o de marinheiros, navios e passageiros;<\/li>\n<li>Aeron\u00e1utica: seguran\u00e7a de pilotos, aeronaves e passageiros;<\/li>\n<li>Pesca: condi\u00e7\u00f5es favor\u00e1veis e seguras para a atividade;<\/li>\n<li>Turismo: garantia de passeios e viagens tranquilas e agrad\u00e1veis.<\/li>\n<\/ul>\n<h2>Import\u00e2ncia das observa\u00e7\u00f5es meteorol\u00f3gicas no INMET<\/h2>\n<p>As observa\u00e7\u00f5es meteorol\u00f3gicas do INMET s\u00e3o essenciais para previs\u00f5es em tempo real, estat\u00edsticas clim\u00e1ticas e coopera\u00e7\u00e3o internacional. Esses dados precisos ajudam a estudar o clima passado e a produzir Normais Climatol\u00f3gicas conforme a Organiza\u00e7\u00e3o Meteorol\u00f3gica Mundial (<a href=\"https:\/\/worldweather.wmo.int\/pt\/home.html\">OMM<\/a>).<\/p>\n<p>As informa\u00e7\u00f5es s\u00e3o do Instituto Nacional de Meteorologia (<a href=\"https:\/\/portal.inmet.gov.br\/\">Inmet<\/a>).<\/p>\n<p>\u00a0<\/p>\n<p>\t\t\t\t\t\t\t\t\t<img loading=\"lazy\" decoding=\"async\" src=\"https:\/\/brasil61.com\/api\/v1\/serve_pixel\/17677\/85101\" alt=\"Pixel Brasil 61\" class=\"b61_pixel\" width=\"0\" height=\"0\"><\/p>\n<input type=\"hidden\" id=\"baseurl\" value=\"https:\/\/noticiasdestaque.com.br\"><input type=\"hidden\" id=\"audio_nonce\" value=\"6a24ca502e\">","protected":false},"excerpt":{"rendered":"<p>Inmet alerta para perigo potencial de chuvas intensas no Paran\u00e1; temperaturas variam entre 11\u00b0C e 25\u00b0C<\/p>\n","protected":false},"author":1,"featured_media":46568,"comment_status":"open","ping_status":"open","sticky":false,"template":"","format":"standard","meta":{"fifu_image_url":"","fifu_image_alt":"","footnotes":""},"categories":[58],"tags":[],"class_list":["post-46567","post","type-post","status-publish","format-standard","has-post-thumbnail","hentry","category-cotidiano"],"distributor_meta":false,"distributor_terms":false,"distributor_media":false,"distributor_original_site_name":"Noticias em Destaque","distributor_original_site_url":"https:\/\/noticiasdestaque.com.br","push-errors":false,"_links":{"self":[{"href":"https:\/\/noticiasdestaque.com.br\/index.php\/wp-json\/wp\/v2\/posts\/46567","targetHints":{"allow":["GET"]}}],"collection":[{"href":"https:\/\/noticiasdestaque.com.br\/index.php\/wp-json\/wp\/v2\/posts"}],"about":[{"href":"https:\/\/noticiasdestaque.com.br\/index.php\/wp-json\/wp\/v2\/types\/post"}],"author":[{"embeddable":true,"href":"https:\/\/noticiasdestaque.com.br\/index.php\/wp-json\/wp\/v2\/users\/1"}],"replies":[{"embeddable":true,"href":"https:\/\/noticiasdestaque.com.br\/index.php\/wp-json\/wp\/v2\/comments?post=46567"}],"version-history":[{"count":0,"href":"https:\/\/noticiasdestaque.com.br\/index.php\/wp-json\/wp\/v2\/posts\/46567\/revisions"}],"wp:featuredmedia":[{"embeddable":true,"href":"https:\/\/noticiasdestaque.com.br\/index.php\/wp-json\/wp\/v2\/media\/46568"}],"wp:attachment":[{"href":"https:\/\/noticiasdestaque.com.br\/index.php\/wp-json\/wp\/v2\/media?parent=46567"}],"wp:term":[{"taxonomy":"category","embeddable":true,"href":"https:\/\/noticiasdestaque.com.br\/index.php\/wp-json\/wp\/v2\/categories?post=46567"},{"taxonomy":"post_tag","embeddable":true,"href":"https:\/\/noticiasdestaque.com.br\/index.php\/wp-json\/wp\/v2\/tags?post=46567"}],"curies":[{"name":"wp","href":"https:\/\/api.w.org\/{rel}","templated":true}]}}