{"id":46565,"date":"2025-10-09T12:00:00","date_gmt":"2025-10-09T15:00:00","guid":{"rendered":"https:\/\/noticiasdestaque.com.br\/index.php\/2025\/10\/09\/anuga-2025-agricultura-familiar-do-nordeste-e-destaque-na-maior-feira-de-alimentos-e-bebidas-do-mundo\/"},"modified":"2025-10-09T12:00:00","modified_gmt":"2025-10-09T15:00:00","slug":"anuga-2025-agricultura-familiar-do-nordeste-e-destaque-na-maior-feira-de-alimentos-e-bebidas-do-mundo","status":"publish","type":"post","link":"https:\/\/noticiasdestaque.com.br\/index.php\/2025\/10\/09\/anuga-2025-agricultura-familiar-do-nordeste-e-destaque-na-maior-feira-de-alimentos-e-bebidas-do-mundo\/","title":{"rendered":"Anuga 2025: agricultura familiar do Nordeste \u00e9 destaque na maior feira de alimentos e bebidas do mundo"},"content":{"rendered":"<p>\t\t\t\t\t\t\t\t\t\t<audio controls class=\"b61_audio_player\" data-noticia=\"85100\" src=\"https:\/\/brasil61.com\/rails\/active_storage\/blobs\/eyJfcmFpbHMiOnsibWVzc2FnZSI6IkJBaHBBeENwQXc9PSIsImV4cCI6bnVsbCwicHVyIjoiYmxvYl9pZCJ9fQ==--419130e3eabe7b19b80bdf78aff44dc52e52a227\/APEX250073B\"><\/audio><\/p>\n<p>O Brasil participou da Anuga 2025, a maior feira de alimentos e bebidas do mundo, entre os dias 4 e 8 de outubro, em Col\u00f4nia, na Alemanha. A presen\u00e7a brasileira, neste ano, se caracterizou por promover a inser\u00e7\u00e3o internacional da agricultura nordestina, ao concretizar a Miss\u00e3o Internacional da Agricultura Familiar do Nordeste.\u00a0<\/p>\n<p>Essa iniciativa foi concebida pela Ag\u00eancia Brasileira de Promo\u00e7\u00e3o de Exporta\u00e7\u00f5es e Investimentos <a href=\"https:\/\/apexbrasil.com.br\/solucoes?utm_source=google&amp;utm_medium=social&amp;utm_campaign=aon&amp;utm_term=search_institucional_solucoes_outubro_cpc&amp;utm_content=naugm-aon0513NSB2025010193190094&amp;gad_source=1&amp;gad_campaignid=23075192337&amp;gbraid=0AAAAA_Ng8IOqU3ZEHZJrRX5NP9iDv8e5P&amp;gclid=Cj0KCQjwl5jHBhDHARIsAB0YqjwKXe0oltOlMkwc1AlpFaploXJWXw-KsDOl7G4EbZFRdI9plFPYvPAaApzWEALw_wcB\" target=\"_blank\">(ApexBrasil)<\/a>, em parceria com o <a href=\"https:\/\/www.consorcionordeste.gov.br\/\" target=\"_blank\">Cons\u00f3rcio Nordeste<\/a>, o <a href=\"https:\/\/sebrae.com.br\/sites\/PortalSebrae\/\" target=\"_blank\">Sebrae Nacional<\/a> e a Uni\u00e3o Nacional das Cooperativas de Agricultura Familiar e Economia Solid\u00e1ria <a href=\"https:\/\/unicafes.org.br\/home\" target=\"_blank\">(Unicafes)<\/a>, com o objetivo de abrir mercados para a produ\u00e7\u00e3o agropecu\u00e1ria e agroindustrial dos estados do Nordeste.\u00a0<\/p>\n<p>Ao todo, 27 cooperativas dos nove estados nordestinos apresentaram ao p\u00fablico europeu produtos t\u00edpicos da regi\u00e3o, como caf\u00e9s, chocolates, caju\u00edna, mel, castanhas, farinhas especiais, flores e goma fresca de tapioca.<\/p>\n<p>Para Alexandre Lima, coordenador do Cons\u00f3rcio Nordeste e secret\u00e1rio da agricultura familiar potiguar, h\u00e1 um largo potencial econ\u00f4mico na internacionaliza\u00e7\u00e3o das cooperativas nordestinas e o apoio da ApexBrasil, nesse sentido, tem sido fundamental:<\/p>\n<p>\u201cTemos aqui produtos de excel\u00eancia, preparados para qualquer mercado do mundo. Essa nova fase da agricultura familiar \u00e9 fruto dos investimentos em agroindustrializa\u00e7\u00e3o e do trabalho conjunto dos governos\u201d, pontuou.<\/p>\n<p><a href=\"https:\/\/brasil61.com\/n\/exporta-mais-brasil-chega-a-40-edicao-com-movimentacao-de-r-665-milhoes-em-expectativa-de-negocios-apex250072\" target=\"_blank\">Exporta Mais Brasil chega \u00e0 40\u00aa edi\u00e7\u00e3o com movimenta\u00e7\u00e3o de R$ 665 milh\u00f5es em expectativa de neg\u00f3cios<\/a><\/p>\n<p><a href=\"https:\/\/brasil61.com\/n\/tarifaco-estudo-da-apexbrasil-aponta-mercados-alternativos-para-195-produtos-brasileiros-apex250070\" target=\"_blank\">TARIFA\u00c7O: Estudo da ApexBrasil aponta mercados alternativos para 195 produtos brasileiros<\/a><\/p>\n<p>Segundo ele, a iniciativa representa, tamb\u00e9m, o reconhecimento, pela ApexBrasil, de que a agricultura familiar do Nordeste tem forte apelo em diversos mercados mundo afora, se beneficiando do crescimento da demanda por bens sustent\u00e1veis, tanto do ponto de vista social quanto do ecol\u00f3gico.<\/p>\n<p>\u201cO presidente [da ApexBrasil] Jorge Viana recebeu a ideia e a ag\u00eancia deu um apoio fundamental para que se tornasse realidade\u201d, complementou.<br \/>\nPara o gerente de Agroneg\u00f3cios da ApexBrasil, Laudemir M\u00fcller, a presen\u00e7a das cooperativas nordestinas na Anuga contribuiu para o fortalecimento do setor em n\u00edvel global.<\/p>\n<p>\u201cO mais importante, al\u00e9m do nosso tamanho, \u00e9 a representatividade que a gente est\u00e1 trazendo. Temos aqui desde produtores, cooperativas, empresas m\u00e9dias, grandes. Estamos trazendo quem est\u00e1 come\u00e7ando e quem j\u00e1 \u00e9 bastante experiente. Ent\u00e3o \u00e9 ApexBrasil, promovendo o Brasil, gerando emprego no Brasil, exportando e oferecendo seguran\u00e7a alimentar para o mundo\u201d, afirmou.<\/p>\n<h2>Ampla participa\u00e7\u00e3o<\/h2>\n<p>Este ano, <a href=\"https:\/\/apexbrasil.com.br\/content\/apexbrasil\/br\/pt\/conteudo\/noticias\/brasil-tera-participacao-recorde-na-anuga-2025-com-destaque-para.html\" target=\"_blank\">a delega\u00e7\u00e3o brasileria contou com 350 empresas<\/a>, das quais 142 expositoras estiveram distribu\u00eddas em seis pavilh\u00f5es. Algumas delas s\u00e3o de outras regi\u00f5es do pa\u00eds, como a Bom Princ\u00edpio Alimentos, do Rio Grande do Sul.<\/p>\n<p>O gerente de exporta\u00e7\u00e3o da empresa, Vinicius Paiva, avaliou a experi\u00eancia como positiva e destacou a oportunidade de ampliar neg\u00f3cios:<\/p>\n<p>\u201cEstamos aqui no pavilh\u00e3o brasileiro, com o apoio da ApexBrasil. \u00c9 muito importante estarmos aqui, mostrando o que o Brasil tem de melhor para o mundo, entre v\u00e1rias categorias de produtos. Nos sentimos lisonjeados por estar aqui podendo representar nossa empresa e nossa marca mundo afora\u201d, considerou.\u00a0<\/p>\n<h2>Anuga: outras atividades<\/h2>\n<p>A programa\u00e7\u00e3o da comitiva brasileira tamb\u00e9m incluiu visitas t\u00e9cnicas a redes varejistas e empresas na Alemanha, como Edeka Zurheide, Rewe, Lidl e Rossmann. Para a ApexBrasil, o objetivo foi compreender o funcionamento do mercado europeu e identificar oportunidades para os produtos brasileiros.<\/p>\n<p>A Alemanha \u00e9 o maior mercado consumidor de alimentos da Europa, com destaque para produtos naturais, org\u00e2nicos, veganos e sustent\u00e1veis \u2013 segmentos em que a agricultura familiar nordestina apresenta vantagem competitiva.<\/p>\n<p>Segundo a Ag\u00eancia , em 2024, a Alemanha foi destino de 15,9% das exporta\u00e7\u00f5es brasileiras de alimentos, totalizando USD 17, 6 bilh\u00f5es, dentro do universo de quase USD 106 bilh\u00f5es exportados a Uni\u00e3o Europeia (UE) no per\u00edodo. Atualmente, 13% de todos os alimentos e bebidas importados pela UE s\u00e3o oriundos do Brasil, no que se destacam o caf\u00e9 verde, o farelo de soja, a soja em gr\u00e3os e os sucos de frutas.\u00a0<\/p>\n<h2>Pr\u00f3ximo destino<\/h2>\n<p>Ap\u00f3s a participa\u00e7\u00e3o na Alemanha, a comitiva seguiu para Lisboa, em Portugal, onde participa de um workshop sobre exporta\u00e7\u00e3o que vai at\u00e9 sexta-feira (10). O evento inclui encontros com potenciais importadores e debates sobre modelos de organiza\u00e7\u00e3o e comercializa\u00e7\u00e3o de cooperativas no mercado europeu.<\/p>\n<p>Em Portugal, os participantes tamb\u00e9m acompanham uma apresenta\u00e7\u00e3o sobre a experi\u00eancia da Unicafes-BA, em parceria com a ApexBrasil, no desenvolvimento de um projeto de exporta\u00e7\u00e3o bem-sucedido de produtos da agricultura familiar.<\/p>\n<h2>Anuga<\/h2>\n<p>A Anuga Alemanha \u00e9 um evento realizado a cada dois anos, apontado como a maior feira de alimentos e bebidas do mundo. O evento exp\u00f5e as principais tend\u00eancias de mercado nesse setor, al\u00e9m de mobilizar formadores de opini\u00e3o e m\u00eddia especializada.<br \/>\n\u00a0<\/p>\n<p>\t\t\t\t\t\t\t\t\t<img loading=\"lazy\" decoding=\"async\" src=\"https:\/\/brasil61.com\/api\/v1\/serve_pixel\/17677\/85100\" alt=\"Pixel Brasil 61\" class=\"b61_pixel\" width=\"0\" height=\"0\"><\/p>\n<input type=\"hidden\" id=\"baseurl\" value=\"https:\/\/noticiasdestaque.com.br\"><input type=\"hidden\" id=\"audio_nonce\" value=\"6a24ca502e\">","protected":false},"excerpt":{"rendered":"<p>Durante a feira, cooperativas dos nove estados nordestinos apresentaram produtos t\u00edpicos da regi\u00e3o. Entre os itens est\u00e3o caf\u00e9s, chocolates, caju\u00edna, mel e castanhas<\/p>\n","protected":false},"author":1,"featured_media":46566,"comment_status":"open","ping_status":"open","sticky":false,"template":"","format":"standard","meta":{"fifu_image_url":"","fifu_image_alt":"","footnotes":""},"categories":[59],"tags":[],"class_list":["post-46565","post","type-post","status-publish","format-standard","has-post-thumbnail","hentry","category-economia"],"distributor_meta":false,"distributor_terms":false,"distributor_media":false,"distributor_original_site_name":"Noticias em Destaque","distributor_original_site_url":"https:\/\/noticiasdestaque.com.br","push-errors":false,"_links":{"self":[{"href":"https:\/\/noticiasdestaque.com.br\/index.php\/wp-json\/wp\/v2\/posts\/46565","targetHints":{"allow":["GET"]}}],"collection":[{"href":"https:\/\/noticiasdestaque.com.br\/index.php\/wp-json\/wp\/v2\/posts"}],"about":[{"href":"https:\/\/noticiasdestaque.com.br\/index.php\/wp-json\/wp\/v2\/types\/post"}],"author":[{"embeddable":true,"href":"https:\/\/noticiasdestaque.com.br\/index.php\/wp-json\/wp\/v2\/users\/1"}],"replies":[{"embeddable":true,"href":"https:\/\/noticiasdestaque.com.br\/index.php\/wp-json\/wp\/v2\/comments?post=46565"}],"version-history":[{"count":0,"href":"https:\/\/noticiasdestaque.com.br\/index.php\/wp-json\/wp\/v2\/posts\/46565\/revisions"}],"wp:featuredmedia":[{"embeddable":true,"href":"https:\/\/noticiasdestaque.com.br\/index.php\/wp-json\/wp\/v2\/media\/46566"}],"wp:attachment":[{"href":"https:\/\/noticiasdestaque.com.br\/index.php\/wp-json\/wp\/v2\/media?parent=46565"}],"wp:term":[{"taxonomy":"category","embeddable":true,"href":"https:\/\/noticiasdestaque.com.br\/index.php\/wp-json\/wp\/v2\/categories?post=46565"},{"taxonomy":"post_tag","embeddable":true,"href":"https:\/\/noticiasdestaque.com.br\/index.php\/wp-json\/wp\/v2\/tags?post=46565"}],"curies":[{"name":"wp","href":"https:\/\/api.w.org\/{rel}","templated":true}]}}