{"id":46555,"date":"2025-10-09T04:15:00","date_gmt":"2025-10-09T07:15:00","guid":{"rendered":"https:\/\/noticiasdestaque.com.br\/index.php\/2025\/10\/09\/agora-a-gente-existe-no-mapa-programa-leva-cep-a-todas-as-favelas-do-pais\/"},"modified":"2025-10-09T04:15:00","modified_gmt":"2025-10-09T07:15:00","slug":"agora-a-gente-existe-no-mapa-programa-leva-cep-a-todas-as-favelas-do-pais","status":"publish","type":"post","link":"https:\/\/noticiasdestaque.com.br\/index.php\/2025\/10\/09\/agora-a-gente-existe-no-mapa-programa-leva-cep-a-todas-as-favelas-do-pais\/","title":{"rendered":"\u201cAgora a gente existe no mapa\u201d: programa leva CEP a todas as favelas do pa\u00eds"},"content":{"rendered":"<p>\t\t\t\t\t\t\t\t\t\t<audio controls class=\"b61_audio_player\" data-noticia=\"85078\" src=\"https:\/\/brasil61.com\/rails\/active_storage\/blobs\/eyJfcmFpbHMiOnsibWVzc2FnZSI6IkJBaHBBK0NvQXc9PSIsImV4cCI6bnVsbCwicHVyIjoiYmxvYl9pZCJ9fQ==--582f7b6edf161a84c04023c3d17f5cebe0513932\/BRAS2514881A\"><\/audio><\/p>\n<p>\u201cQuando eu fazia um pedido pela internet, n\u00e3o chegava. Nem a carteirinha do posto de sa\u00fade eu conseguia fazer, porque o sistema dizia que meu endere\u00e7o n\u00e3o existia.\u201d<\/p>\n<p>O desabafo \u00e9 de Thamires Santos, moradora h\u00e1 18 anos da comunidade Fazendinha, na periferia do Recife (PE). Como ela, <strong>milhares de fam\u00edlias em favelas de todo o pa\u00eds enfrentavam dificuldades para acessar servi\u00e7os b\u00e1sicos \u2014 at\u00e9 agora.<\/strong><\/p>\n<p>O governo federal <strong>anunciou o cumprimento da primeira meta do programa CEP para Todos, que garante endere\u00e7amento oficial a todas as favelas brasileiras \u2014 cerca de 12 mil. <\/strong>A iniciativa \u00e9 conduzida pelo Minist\u00e9rio das Cidades, por meio da Secretaria Nacional de Periferias, e pelo Minist\u00e9rio das Comunica\u00e7\u00f5es, em parceria com os Correios.<\/p>\n<p>De acordo com o ministro das Cidades, Jader Filho, a a\u00e7\u00e3o representa um passo hist\u00f3rico na inclus\u00e3o social. \u201cTer um CEP \u00e9 mais do que receber correspond\u00eancia. \u00c9 garantir dignidade, acesso a pol\u00edticas p\u00fablicas e o reconhecimento de que essas pessoas fazem parte da cidade.\u201d<\/p>\n<h2>Primeira meta conclu\u00edda<\/h2>\n<p>O programa tem <strong>tr\u00eas metas principais<\/strong>. A primeira \u2014 <strong>o endere\u00e7amento de todas as favelas do pa\u00eds <\/strong>\u2014 foi conclu\u00edda um ano antes do prazo previsto. Agora, o governo avan\u00e7a para <strong>as pr\u00f3ximas etapas, que devem ser cumpridas at\u00e9 2026.<\/strong><\/p>\n<p>O secret\u00e1rio nacional de Periferias, Guilherme Sim\u00f5es, explica os pr\u00f3ximos passos. \u00a0\u201c<strong>Nos territ\u00f3rios perif\u00e9ricos do programa Periferia Viva \u2014 s\u00e3o 59 territ\u00f3rios que abrangem cerca de 300 favelas e comunidades urbanas \u2014 vamos endere\u00e7ar rua por rua, organizar o arruamento e promover o atendimento dos Correios por meio do Correio Essencial. <\/strong>Essa \u00e9 a meta dois, que deve ser conclu\u00edda at\u00e9 o final do ano que vem.\u201d<\/p>\n<p>Sim\u00f5es detalha ainda a etapa final do projeto. \u201cA <strong>meta tr\u00eas prev\u00ea o mesmo processo em mais 100 favelas e comunidades do pa\u00eds.<\/strong> Levar o endere\u00e7amento significa dinamizar a economia desses territ\u00f3rios. Imagine o impacto de a popula\u00e7\u00e3o das favelas poder consumir via internet, algo que hoje ainda \u00e9 negado a muita gente. N\u00e3o \u00e9 apenas a garantia de um direito, mas tamb\u00e9m a inser\u00e7\u00e3o dessa popula\u00e7\u00e3o no mercado de consumo.\u201d<\/p>\n<h2>Muito al\u00e9m do endere\u00e7o<\/h2>\n<p>Com o CEP oficial, moradores de \u00e1reas antes invis\u00edveis no mapa passam a ter acesso a uma s\u00e9rie de servi\u00e7os: podem abrir contas banc\u00e1rias, receber entregas, acessar sa\u00fade, educa\u00e7\u00e3o e programas sociais.<\/p>\n<p>O governo afirma que o CEP para Todos \u00e9 parte de um esfor\u00e7o mais amplo para reconhecer e integrar as periferias \u00e0 vida urbana, promovendo inclus\u00e3o, mobilidade e desenvolvimento.<\/p>\n<p>Para Tamires, que foi citada l\u00e1\u00a0no comecinho da reportagem, o impacto \u00e9 imediato. \u201cAgora eu posso colocar meu endere\u00e7o completo em qualquer cadastro. \u00c9 como se a gente finalmente existisse no mapa.\u201d<\/p>\n<p>\t\t\t\t\t\t\t\t\t<img loading=\"lazy\" decoding=\"async\" src=\"https:\/\/brasil61.com\/api\/v1\/serve_pixel\/17677\/85078\" alt=\"Pixel Brasil 61\" class=\"b61_pixel\" width=\"0\" height=\"0\"><\/p>\n<input type=\"hidden\" id=\"baseurl\" value=\"https:\/\/noticiasdestaque.com.br\"><input type=\"hidden\" id=\"audio_nonce\" value=\"6a24ca502e\">","protected":false},"excerpt":{"rendered":"<p>Programa coordenado pelos minist\u00e9rios das Cidades e das Comunica\u00e7\u00f5es garante CEP para 12 mil comunidades em todo o Brasil e amplia o acesso a direitos, servi\u00e7os p\u00fablicos e oportunidades econ\u00f4micas<\/p>\n","protected":false},"author":1,"featured_media":46556,"comment_status":"open","ping_status":"open","sticky":false,"template":"","format":"standard","meta":{"fifu_image_url":"","fifu_image_alt":"","footnotes":""},"categories":[48],"tags":[],"class_list":["post-46555","post","type-post","status-publish","format-standard","has-post-thumbnail","hentry","category-mundo"],"distributor_meta":false,"distributor_terms":false,"distributor_media":false,"distributor_original_site_name":"Noticias em Destaque","distributor_original_site_url":"https:\/\/noticiasdestaque.com.br","push-errors":false,"_links":{"self":[{"href":"https:\/\/noticiasdestaque.com.br\/index.php\/wp-json\/wp\/v2\/posts\/46555","targetHints":{"allow":["GET"]}}],"collection":[{"href":"https:\/\/noticiasdestaque.com.br\/index.php\/wp-json\/wp\/v2\/posts"}],"about":[{"href":"https:\/\/noticiasdestaque.com.br\/index.php\/wp-json\/wp\/v2\/types\/post"}],"author":[{"embeddable":true,"href":"https:\/\/noticiasdestaque.com.br\/index.php\/wp-json\/wp\/v2\/users\/1"}],"replies":[{"embeddable":true,"href":"https:\/\/noticiasdestaque.com.br\/index.php\/wp-json\/wp\/v2\/comments?post=46555"}],"version-history":[{"count":0,"href":"https:\/\/noticiasdestaque.com.br\/index.php\/wp-json\/wp\/v2\/posts\/46555\/revisions"}],"wp:featuredmedia":[{"embeddable":true,"href":"https:\/\/noticiasdestaque.com.br\/index.php\/wp-json\/wp\/v2\/media\/46556"}],"wp:attachment":[{"href":"https:\/\/noticiasdestaque.com.br\/index.php\/wp-json\/wp\/v2\/media?parent=46555"}],"wp:term":[{"taxonomy":"category","embeddable":true,"href":"https:\/\/noticiasdestaque.com.br\/index.php\/wp-json\/wp\/v2\/categories?post=46555"},{"taxonomy":"post_tag","embeddable":true,"href":"https:\/\/noticiasdestaque.com.br\/index.php\/wp-json\/wp\/v2\/tags?post=46555"}],"curies":[{"name":"wp","href":"https:\/\/api.w.org\/{rel}","templated":true}]}}