{"id":46529,"date":"2025-10-08T04:25:00","date_gmt":"2025-10-08T07:25:00","guid":{"rendered":"https:\/\/noticiasdestaque.com.br\/index.php\/2025\/10\/08\/banco-da-amazonia-destina-r-1-bi-em-microcredito-para-o-norte-e-inaugura-nova-unidade-no-amapa\/"},"modified":"2025-10-08T04:25:00","modified_gmt":"2025-10-08T07:25:00","slug":"banco-da-amazonia-destina-r-1-bi-em-microcredito-para-o-norte-e-inaugura-nova-unidade-no-amapa","status":"publish","type":"post","link":"https:\/\/noticiasdestaque.com.br\/index.php\/2025\/10\/08\/banco-da-amazonia-destina-r-1-bi-em-microcredito-para-o-norte-e-inaugura-nova-unidade-no-amapa\/","title":{"rendered":"Banco da Amaz\u00f4nia destina R$ 1 bi em microcr\u00e9dito para o Norte e inaugura nova unidade no Amap\u00e1"},"content":{"rendered":"<p>\t\t\t\t\t\t\t\t\t\t<audio controls class=\"b61_audio_player\" data-noticia=\"85073\" src=\"https:\/\/brasil61.com\/rails\/active_storage\/blobs\/eyJfcmFpbHMiOnsibWVzc2FnZSI6IkJBaHBBL3luQXc9PSIsImV4cCI6bnVsbCwicHVyIjoiYmxvYl9pZCJ9fQ==--05f2cd91e8d994f662d3c91e04a48715bc76c6ed\/BASA250103A\"><\/audio><\/p>\n<p>O <strong><a href=\"https:\/\/www.bancoamazonia.com.br\/\">Banco da Amaz\u00f4nia <\/a>vai destinar R$ 1 bi em microcr\u00e9dito para a Regi\u00e3o Norte<\/strong>. O an\u00fancio foi feito nesta ter\u00e7a-feira (7), durante a <strong>inaugura\u00e7\u00e3o nova unidade do Basa Acredita no Amap\u00e1<\/strong><\/p>\n<p><strong>A iniciativa deve beneficiar mais de 20 mil empreendedores amapaenses, fortalecendo a economia local e ampliando o acesso ao cr\u00e9dito produtivo.<\/strong><\/p>\n<p>Desse total, <strong>R$ 673 milh\u00f5es s\u00e3o oriundos do Fundo Constitucional do Norte (FNO), R$ 500 milh\u00f5es ser\u00e3o repassados para a Caixa Econ\u00f4mica Federal, e o restante vir\u00e1 de recursos pr\u00f3prios da institui\u00e7\u00e3o<\/strong>. O objetivo \u00e9 <strong>fortalecer a economia regional por meio da gera\u00e7\u00e3o de renda e da inclus\u00e3o produtiva<\/strong>.<\/p>\n<p>Os financiamentos ser\u00e3o ofertados por meio do <strong><a href=\"https:\/\/www.bancoamazonia.com.br\/basa-acredita\">programa Basa Acredita<\/a><\/strong>, iniciativa do Governo Federal em parceria com o Banco da Amaz\u00f4nia. As <strong>linhas de cr\u00e9dito oferecem valores de at\u00e9 R$ 21 mil, com prazos estendidos, condi\u00e7\u00f5es facilitadas e orienta\u00e7\u00e3o t\u00e9cnica especializada para a melhor aplica\u00e7\u00e3o dos recursos<\/strong>. Empreendedores inscritos no Cad\u00danico t\u00eam acesso a condi\u00e7\u00f5es ainda mais vantajosas.\u00a0<\/p>\n<p>Atualmente, o <strong>programa j\u00e1 movimenta R$ 23,9 milh\u00f5es em cr\u00e9dito no Amap\u00e1, distribu\u00eddos em 7.794 opera\u00e7\u00f5es, sendo 58% delas destinadas a mulheres empreendedoras<\/strong>. \u00c9 o caso da costureira Maria Cleide Santos, moradora de Macap\u00e1, que foi contemplada com o cr\u00e9dito para investir no pr\u00f3prio neg\u00f3cio. \u201cVou adquirir novas m\u00e1quinas e fazer um curso de qualifica\u00e7\u00e3o para melhorar minhas t\u00e9cnicas e aumentar a produ\u00e7\u00e3o. Foi muito f\u00e1cil e r\u00e1pido acessar o cr\u00e9dito, eu recomendo\u201d, conta Maria.<\/p>\n<p>A expectativa \u00e9 de que o programa apoie pelo menos 20 mil empreendedores amapaenses nos pr\u00f3ximos 12 meses, impulsionando pequenos neg\u00f3cios e estimulando novas oportunidades de renda no estado. O pedreiro Adelmo Rodrigues, do bairro Brasil Novo, tamb\u00e9m aderiu ao Basa Acredita. \u201cSoube do programa por um amigo e vi uma oportunidade de conseguir o recurso que precisava para comprar novas ferramentas e tocar mais um projeto\u201d, afirmou.<\/p>\n<h2>Nova unidade do Basa Acredita em Macap\u00e1<\/h2>\n<p>Para ampliar o atendimento, o <strong>Banco da Amaz\u00f4nia inaugurou uma nova unidade em Macap\u00e1, elevando para tr\u00eas o n\u00famero de ag\u00eancias voltadas ao microcr\u00e9dito no estado: Amazoncred, Crenorte e PopBank<\/strong>. A cerim\u00f4nia de repasse e inaugura\u00e7\u00e3o ocorreu na nova sede do banco, a Amazoncred, com a presen\u00e7a do presidente do Banco da Amaz\u00f4nia, Lu\u00eds Lessa; do ministro da Integra\u00e7\u00e3o e do Desenvolvimento Regional, Waldez G\u00f3es; e do governador do Amap\u00e1, Cl\u00e9cio Lu\u00eds.<\/p>\n<p>Al\u00e9m das novas estruturas urbanas, o Amap\u00e1 j\u00e1 conta com uma unidade rural, e h\u00e1 projetos em andamento para novos pontos de atendimento, incluindo uma unidade m\u00f3vel e instala\u00e7\u00f5es no munic\u00edpio de Oiapoque. Segundo o presidente Lu\u00eds Lessa, a expans\u00e3o amplia a capacidade de atendimento e aproxima o cr\u00e9dito de quem mais precisa.\u00a0<\/p>\n<p>\u201cTemos agora a possibilidade de atender muito mais gente. Estamos cumprindo a pol\u00edtica p\u00fablica de levar o microcr\u00e9dito a quem precisa. Investimos em tecnologia, e as pessoas j\u00e1 saem com o contrato assinado e o dinheiro na conta. Com as unidades m\u00f3veis, faremos mutir\u00f5es e palestras para orientar os empreendedores\u201d, destacou.<\/p>\n<p>O ministro Waldez G\u00f3es ressaltou o papel social do cr\u00e9dito no desenvolvimento regional. \u201cO Brasil est\u00e1 crescendo, gerando empregos e investimentos, e as pessoas menores n\u00e3o podem ficar para tr\u00e1s. O cr\u00e9dito orientado permite que elas participem desse processo, com oportunidade e autonomia. A abertura de novas ag\u00eancias mostra o compromisso do governo em garantir que o cr\u00e9dito chegue a quem mais precisa\u201d, afirmou.<\/p>\n<p>O governador Cl\u00e9cio Lu\u00eds destacou o impacto do microcr\u00e9dito na economia estadual. \u201cNos \u00faltimos dois anos e meio, o Amap\u00e1 gerou 25% a mais de empregos formais. Isso aumentou o poder de compra e abriu espa\u00e7o para o empreendedorismo. O Banco da Amaz\u00f4nia est\u00e1 ampliando o acesso ao cr\u00e9dito, e isso tem um impacto direto na qualidade de vida das pessoas. Aqui, quem tem um sonho e um projeto encontra o recurso para crescer\u201d, ressaltou.<\/p>\n<h2>Novas parcerias<\/h2>\n<p>Durante o evento, foi assinado o <strong>conv\u00eanio de repasse de R$ 500 milh\u00f5es \u00e0 Caixa Econ\u00f4mica Federal, com recursos do Fundo Constitucional do Norte, gerido pelo Banco da Amaz\u00f4nia. A cerim\u00f4nia ocorreu no audit\u00f3rio do Sebrae Amap\u00e1<\/strong>. \u201c\u00c9 com muita satisfa\u00e7\u00e3o que refor\u00e7amos o compromisso de desenvolvimento da Amaz\u00f4nia e da melhoria da vida de cada cidad\u00e3o. Essa parceria garante que o dinheiro circule nas m\u00e3os de quem quer empreender, gerar emprego e mudar de vida para melhor\u201d, afirmou Lu\u00eds Lessa.<\/p>\n<p>Para o novo ciclo, o <strong>Banco da Amaz\u00f4nia projeta pelo menos R$ 150 milh\u00f5es em contrata\u00e7\u00f5es no Amap\u00e1<\/strong>, valor considerado piso m\u00ednimo, que poder\u00e1 ser ampliado conforme a demanda.<\/p>\n<p>\t\t\t\t\t\t\t\t\t<img loading=\"lazy\" decoding=\"async\" src=\"https:\/\/brasil61.com\/api\/v1\/serve_pixel\/17677\/85073\" alt=\"Pixel Brasil 61\" class=\"b61_pixel\" width=\"0\" height=\"0\"><\/p>\n<input type=\"hidden\" id=\"baseurl\" value=\"https:\/\/noticiasdestaque.com.br\"><input type=\"hidden\" id=\"audio_nonce\" value=\"6f73a554f1\">","protected":false},"excerpt":{"rendered":"<p>Iniciativa deve beneficiar mais de 20 mil empreendedores amapaenses, fortalecendo a economia local  e ampliando o acesso ao cr\u00e9dito produtivo.<\/p>\n","protected":false},"author":1,"featured_media":46530,"comment_status":"open","ping_status":"open","sticky":false,"template":"","format":"standard","meta":{"fifu_image_url":"","fifu_image_alt":"","footnotes":""},"categories":[59],"tags":[],"class_list":["post-46529","post","type-post","status-publish","format-standard","has-post-thumbnail","hentry","category-economia"],"distributor_meta":false,"distributor_terms":false,"distributor_media":false,"distributor_original_site_name":"Noticias em Destaque","distributor_original_site_url":"https:\/\/noticiasdestaque.com.br","push-errors":false,"_links":{"self":[{"href":"https:\/\/noticiasdestaque.com.br\/index.php\/wp-json\/wp\/v2\/posts\/46529","targetHints":{"allow":["GET"]}}],"collection":[{"href":"https:\/\/noticiasdestaque.com.br\/index.php\/wp-json\/wp\/v2\/posts"}],"about":[{"href":"https:\/\/noticiasdestaque.com.br\/index.php\/wp-json\/wp\/v2\/types\/post"}],"author":[{"embeddable":true,"href":"https:\/\/noticiasdestaque.com.br\/index.php\/wp-json\/wp\/v2\/users\/1"}],"replies":[{"embeddable":true,"href":"https:\/\/noticiasdestaque.com.br\/index.php\/wp-json\/wp\/v2\/comments?post=46529"}],"version-history":[{"count":0,"href":"https:\/\/noticiasdestaque.com.br\/index.php\/wp-json\/wp\/v2\/posts\/46529\/revisions"}],"wp:featuredmedia":[{"embeddable":true,"href":"https:\/\/noticiasdestaque.com.br\/index.php\/wp-json\/wp\/v2\/media\/46530"}],"wp:attachment":[{"href":"https:\/\/noticiasdestaque.com.br\/index.php\/wp-json\/wp\/v2\/media?parent=46529"}],"wp:term":[{"taxonomy":"category","embeddable":true,"href":"https:\/\/noticiasdestaque.com.br\/index.php\/wp-json\/wp\/v2\/categories?post=46529"},{"taxonomy":"post_tag","embeddable":true,"href":"https:\/\/noticiasdestaque.com.br\/index.php\/wp-json\/wp\/v2\/tags?post=46529"}],"curies":[{"name":"wp","href":"https:\/\/api.w.org\/{rel}","templated":true}]}}