{"id":46519,"date":"2025-10-07T20:55:00","date_gmt":"2025-10-07T23:55:00","guid":{"rendered":"https:\/\/noticiasdestaque.com.br\/index.php\/2025\/10\/07\/previsao-do-tempo-sul-com-poucas-nuvens-nesta-quarta-feira-8\/"},"modified":"2025-10-07T20:55:00","modified_gmt":"2025-10-07T23:55:00","slug":"previsao-do-tempo-sul-com-poucas-nuvens-nesta-quarta-feira-8","status":"publish","type":"post","link":"https:\/\/noticiasdestaque.com.br\/index.php\/2025\/10\/07\/previsao-do-tempo-sul-com-poucas-nuvens-nesta-quarta-feira-8\/","title":{"rendered":"PREVIS\u00c3O DO TEMPO: Sul com poucas nuvens nesta quarta-feira (8)"},"content":{"rendered":"<p>\t\t\t\t\t\t\t\t\t\t<audio controls class=\"b61_audio_player\" data-noticia=\"85055\" src=\"https:\/\/brasil61.com\/rails\/active_storage\/blobs\/eyJfcmFpbHMiOnsibWVzc2FnZSI6IkJBaHBBLzZuQXc9PSIsImV4cCI6bnVsbCwicHVyIjoiYmxvYl9pZCJ9fQ==--9243ef30be0ab6c75b17fbc99df7507bb2ab2d6b\/PTRS254090A\"><\/audio><\/p>\n<p>A <strong>previs\u00e3o do tempo para a regi\u00e3o Sul<\/strong> do pa\u00eds, <strong>nesta quarta-feira (8)<\/strong>, indica poucas nuvens em boa parte da regi\u00e3o.<\/p>\n<p>O <strong>Instituto Nacional de Meteorologia (Inmet) alerta para perigo potencial de tempestade<\/strong> em boa parte da extens\u00e3o do <strong>Paran\u00e1<\/strong>. A condi\u00e7\u00e3o deve afetar os munic\u00edpios de Terra Rica e Santa F\u00e9.<\/p>\n<p>A manh\u00e3 \u00e9 marcada por poss\u00edvel geada no interior do estado do Rio Grande do Sul e de Santa Catarina. Entretanto, a previs\u00e3o \u00e9 de c\u00e9u claro nos dois estados. A possibilidade de chuvas isoladas atinge\u00a0o territ\u00f3rio paranaense, afetando as cidades de Formosa do Oeste e Alto Paran\u00e1.\u00a0\u00a0<\/p>\n<p>No per\u00edodo da tarde, pancadas de chuvas com trovoadas cobrem o norte do Paran\u00e1, nos munic\u00edpios de Camb\u00e9 e Boa Esperan\u00e7a. Em todo restante da Regi\u00e3o Sul \u00e9 previsto c\u00e9u com poucas nuvens.\u00a0<\/p>\n<p>\u00c0 noite, as pancadas de chuvas avan\u00e7am em quase todo Paran\u00e1, como tamb\u00e9m na capital, Curitiba. As demais \u00e1reas\u00a0da regi\u00e3o anoitece com\u00a0poucas e muitas nuvens.\u00a0<\/p>\n<p>Entre as capitais, a temperatura <strong>m\u00ednima prevista \u00e9 de 10\u00b0C em Porto Alegre e Curitiba<\/strong>. J\u00e1 a <strong>m\u00e1xima pode chegar at\u00e9 21\u00b0C, tamb\u00e9m em Porto Alegre<\/strong>. A umidade relativa do ar varia entre <strong>45% a 95%<\/strong>.<\/p>\n<h2>5 Motivos para acompanhar as previs\u00f5es do tempo \u00a0<\/h2>\n<ul>\n<li>Agricultura: garantia de uma boa colheita;<\/li>\n<li>Marinha: prote\u00e7\u00e3o dos marinheiros, dos navios e dos passageiros;<\/li>\n<li>Aeron\u00e1utica: prote\u00e7\u00e3o e seguran\u00e7a dos pilotos, das aeronaves e dos passageiros;<\/li>\n<li>Pesca: condi\u00e7\u00f5es favor\u00e1veis e seguras \u00e0 pesca; e<\/li>\n<li>Turismo: garantia de um passeio e de uma viagem feliz e tranquila.<\/li>\n<\/ul>\n<h2>Import\u00e2ncia das observa\u00e7\u00f5es meteorol\u00f3gicas no INMET<\/h2>\n<p>As observa\u00e7\u00f5es meteorol\u00f3gicas do INMET s\u00e3o essenciais para previs\u00f5es em tempo real, estat\u00edsticas clim\u00e1ticas e coopera\u00e7\u00e3o internacional. Esses dados precisos ajudam a estudar o clima passado e a produzir Normais Climatol\u00f3gicas conforme a Organiza\u00e7\u00e3o Meteorol\u00f3gica Mundial (<a href=\"https:\/\/worldweather.wmo.int\/pt\/home.html\" target=\"_blank\">OMM<\/a>).<\/p>\n<p>As informa\u00e7\u00f5es s\u00e3o do Instituto Nacional de Meteorologia (<a href=\"https:\/\/portal.inmet.gov.br\/\" target=\"_blank\">Inmet<\/a>).<\/p>\n<p>\u00a0<\/p>\n<p>\t\t\t\t\t\t\t\t\t<img loading=\"lazy\" decoding=\"async\" src=\"https:\/\/brasil61.com\/api\/v1\/serve_pixel\/17677\/85055\" alt=\"Pixel Brasil 61\" class=\"b61_pixel\" width=\"0\" height=\"0\"><\/p>\n<input type=\"hidden\" id=\"baseurl\" value=\"https:\/\/noticiasdestaque.com.br\"><input type=\"hidden\" id=\"audio_nonce\" value=\"6f73a554f1\">","protected":false},"excerpt":{"rendered":"<p>Inmet alerta para perigo potencial de chuvas intensas no Paran\u00e1; temperaturas variam entre 10\u00b0C e 21\u00b0C<\/p>\n","protected":false},"author":1,"featured_media":46520,"comment_status":"open","ping_status":"open","sticky":false,"template":"","format":"standard","meta":{"fifu_image_url":"","fifu_image_alt":"","footnotes":""},"categories":[58],"tags":[],"class_list":["post-46519","post","type-post","status-publish","format-standard","has-post-thumbnail","hentry","category-cotidiano"],"distributor_meta":false,"distributor_terms":false,"distributor_media":false,"distributor_original_site_name":"Noticias em Destaque","distributor_original_site_url":"https:\/\/noticiasdestaque.com.br","push-errors":false,"_links":{"self":[{"href":"https:\/\/noticiasdestaque.com.br\/index.php\/wp-json\/wp\/v2\/posts\/46519","targetHints":{"allow":["GET"]}}],"collection":[{"href":"https:\/\/noticiasdestaque.com.br\/index.php\/wp-json\/wp\/v2\/posts"}],"about":[{"href":"https:\/\/noticiasdestaque.com.br\/index.php\/wp-json\/wp\/v2\/types\/post"}],"author":[{"embeddable":true,"href":"https:\/\/noticiasdestaque.com.br\/index.php\/wp-json\/wp\/v2\/users\/1"}],"replies":[{"embeddable":true,"href":"https:\/\/noticiasdestaque.com.br\/index.php\/wp-json\/wp\/v2\/comments?post=46519"}],"version-history":[{"count":0,"href":"https:\/\/noticiasdestaque.com.br\/index.php\/wp-json\/wp\/v2\/posts\/46519\/revisions"}],"wp:featuredmedia":[{"embeddable":true,"href":"https:\/\/noticiasdestaque.com.br\/index.php\/wp-json\/wp\/v2\/media\/46520"}],"wp:attachment":[{"href":"https:\/\/noticiasdestaque.com.br\/index.php\/wp-json\/wp\/v2\/media?parent=46519"}],"wp:term":[{"taxonomy":"category","embeddable":true,"href":"https:\/\/noticiasdestaque.com.br\/index.php\/wp-json\/wp\/v2\/categories?post=46519"},{"taxonomy":"post_tag","embeddable":true,"href":"https:\/\/noticiasdestaque.com.br\/index.php\/wp-json\/wp\/v2\/tags?post=46519"}],"curies":[{"name":"wp","href":"https:\/\/api.w.org\/{rel}","templated":true}]}}