{"id":46517,"date":"2025-10-07T20:50:00","date_gmt":"2025-10-07T23:50:00","guid":{"rendered":"https:\/\/noticiasdestaque.com.br\/index.php\/2025\/10\/07\/previsao-do-tempo-sudeste-com-chuvas-isoladas-nesta-quarta-feira-8\/"},"modified":"2025-10-07T20:50:00","modified_gmt":"2025-10-07T23:50:00","slug":"previsao-do-tempo-sudeste-com-chuvas-isoladas-nesta-quarta-feira-8","status":"publish","type":"post","link":"https:\/\/noticiasdestaque.com.br\/index.php\/2025\/10\/07\/previsao-do-tempo-sudeste-com-chuvas-isoladas-nesta-quarta-feira-8\/","title":{"rendered":"PREVIS\u00c3O DO TEMPO: Sudeste com chuvas isoladas nesta quarta-feira (8)"},"content":{"rendered":"<p>\t\t\t\t\t\t\t\t\t\t<audio controls class=\"b61_audio_player\" data-noticia=\"85056\" src=\"https:\/\/brasil61.com\/rails\/active_storage\/blobs\/eyJfcmFpbHMiOnsibWVzc2FnZSI6IkJBaHBBLytuQXc9PSIsImV4cCI6bnVsbCwicHVyIjoiYmxvYl9pZCJ9fQ==--6f0b27829ec9f40866e1d72ce6d3c0dd9d0cdac0\/PTSD254213A\"><\/audio><\/p>\n<p>A <strong>previs\u00e3o do tempo para a regi\u00e3o Sudeste<\/strong> do pa\u00eds, <strong>nesta quarta-feira (8)<\/strong>, indica chuvas isoladas em diversas partes da regi\u00e3o.<\/p>\n<p>O <strong>Instituto Nacional de Meteorologia (Inmet) alerta para perigo potencial de chuvas intensas<\/strong> <strong>em quase todo o estado de S\u00e3o Paulo<\/strong>, desde Presidente Prudente at\u00e9 o Vale do Para\u00edba Paulista. H\u00e1 tamb\u00e9m o <strong>alerta para perigo potencial de tempestade em S\u00e3o Paulo e Minas Gerais<\/strong>, afetando os munic\u00edpios de Ribeir\u00e3o Preto e Uberl\u00e2ndia, respectivamente.\u00a0\u00a0<\/p>\n<p>De manh\u00e3, predominam poucas e muitas nuvens nos estados do Esp\u00edrito Santo, Minas Gerais, Rio de Janeiro e em boa parte do estado de S\u00e3o Paulo. O dia come\u00e7a com possibilidade de chuvas isoladas em Presidente Prudente.<\/p>\n<p>\u00c0 tarde, segue\u00a0com poucas e muitas nuvens em grande parte de Minas. As chuvas isoladas ocupam quase todo litoral da regi\u00e3o, exceto no litoral paulista, e em todo estado de S\u00e3o Paulo, em que est\u00e3o previstas pancadas de chuvas e trovoadas isoladas.<\/p>\n<p>A noite \u00e9 marcada por muitas nuvens em Minas Gerais. No Esp\u00edrito Santo e no Rio de Janeiro as chuvas isoladas tomam conta de quase todo territ\u00f3rio do\u00a0estado. Pancadas de chuvas e trovoadas isoladas atingem a totalidade de S\u00e3o Paulo.\u00a0<\/p>\n<p>Entre as capitais, a <strong>temperatura m\u00ednima prevista \u00e9 de 13\u00b0C em S\u00e3o Paulo<\/strong>. J\u00e1 a <strong>m\u00e1xima pode chegar at\u00e9 29\u00b0C em Belo Horizonte<\/strong>. A umidade relativa do ar varia entre <strong>30% e 100%<\/strong>.<\/p>\n<h2>5 Motivos para acompanhar as previs\u00f5es do tempo \u00a0<\/h2>\n<ul>\n<li>Agricultura: garantia de uma boa colheita;<\/li>\n<li>Marinha: prote\u00e7\u00e3o dos marinheiros, dos navios e dos passageiros;<\/li>\n<li>Aeron\u00e1utica: prote\u00e7\u00e3o e seguran\u00e7a dos pilotos, das aeronaves e dos passageiros;<\/li>\n<li>Pesca: condi\u00e7\u00f5es favor\u00e1veis e seguras \u00e0 pesca; e<\/li>\n<li>Turismo: garantia de um passeio e de uma viagem feliz e tranquila.<\/li>\n<\/ul>\n<h2>Import\u00e2ncia das observa\u00e7\u00f5es meteorol\u00f3gicas no INMET<\/h2>\n<p>As observa\u00e7\u00f5es meteorol\u00f3gicas do INMET s\u00e3o essenciais para previs\u00f5es em tempo real, estat\u00edsticas clim\u00e1ticas e coopera\u00e7\u00e3o internacional. Esses dados precisos ajudam a estudar o clima passado e a produzir Normais Climatol\u00f3gicas conforme a Organiza\u00e7\u00e3o Meteorol\u00f3gica Mundial (<a href=\"https:\/\/worldweather.wmo.int\/pt\/home.html\" target=\"_blank\">OMM<\/a>).<\/p>\n<p>As informa\u00e7\u00f5es s\u00e3o do Instituto Nacional de Meteorologia (<a href=\"https:\/\/portal.inmet.gov.br\/\" target=\"_blank\">Inmet<\/a>).<\/p>\n<p>\t\t\t\t\t\t\t\t\t<img loading=\"lazy\" decoding=\"async\" src=\"https:\/\/brasil61.com\/api\/v1\/serve_pixel\/17677\/85056\" alt=\"Pixel Brasil 61\" class=\"b61_pixel\" width=\"0\" height=\"0\"><\/p>\n<input type=\"hidden\" id=\"baseurl\" value=\"https:\/\/noticiasdestaque.com.br\"><input type=\"hidden\" id=\"audio_nonce\" value=\"6f73a554f1\">","protected":false},"excerpt":{"rendered":"<p>Inmet alerta para perigo potencial de chuvas intensas em S\u00e3o Paulo e de tempestade em SP e MG; temperaturas variam entre 13\u00b0C e 29\u00b0C<\/p>\n","protected":false},"author":1,"featured_media":46518,"comment_status":"open","ping_status":"open","sticky":false,"template":"","format":"standard","meta":{"fifu_image_url":"","fifu_image_alt":"","footnotes":""},"categories":[58],"tags":[],"class_list":["post-46517","post","type-post","status-publish","format-standard","has-post-thumbnail","hentry","category-cotidiano"],"distributor_meta":false,"distributor_terms":false,"distributor_media":false,"distributor_original_site_name":"Noticias em Destaque","distributor_original_site_url":"https:\/\/noticiasdestaque.com.br","push-errors":false,"_links":{"self":[{"href":"https:\/\/noticiasdestaque.com.br\/index.php\/wp-json\/wp\/v2\/posts\/46517","targetHints":{"allow":["GET"]}}],"collection":[{"href":"https:\/\/noticiasdestaque.com.br\/index.php\/wp-json\/wp\/v2\/posts"}],"about":[{"href":"https:\/\/noticiasdestaque.com.br\/index.php\/wp-json\/wp\/v2\/types\/post"}],"author":[{"embeddable":true,"href":"https:\/\/noticiasdestaque.com.br\/index.php\/wp-json\/wp\/v2\/users\/1"}],"replies":[{"embeddable":true,"href":"https:\/\/noticiasdestaque.com.br\/index.php\/wp-json\/wp\/v2\/comments?post=46517"}],"version-history":[{"count":0,"href":"https:\/\/noticiasdestaque.com.br\/index.php\/wp-json\/wp\/v2\/posts\/46517\/revisions"}],"wp:featuredmedia":[{"embeddable":true,"href":"https:\/\/noticiasdestaque.com.br\/index.php\/wp-json\/wp\/v2\/media\/46518"}],"wp:attachment":[{"href":"https:\/\/noticiasdestaque.com.br\/index.php\/wp-json\/wp\/v2\/media?parent=46517"}],"wp:term":[{"taxonomy":"category","embeddable":true,"href":"https:\/\/noticiasdestaque.com.br\/index.php\/wp-json\/wp\/v2\/categories?post=46517"},{"taxonomy":"post_tag","embeddable":true,"href":"https:\/\/noticiasdestaque.com.br\/index.php\/wp-json\/wp\/v2\/tags?post=46517"}],"curies":[{"name":"wp","href":"https:\/\/api.w.org\/{rel}","templated":true}]}}