{"id":46507,"date":"2025-10-07T16:00:00","date_gmt":"2025-10-07T19:00:00","guid":{"rendered":"https:\/\/noticiasdestaque.com.br\/index.php\/2025\/10\/07\/tarifaco-brasil-pode-beneficiar-us-78-bilhoes-em-exportacoes-com-avanco-em-negociacoes-tarifarias-com-os-eua\/"},"modified":"2025-10-07T16:00:00","modified_gmt":"2025-10-07T19:00:00","slug":"tarifaco-brasil-pode-beneficiar-us-78-bilhoes-em-exportacoes-com-avanco-em-negociacoes-tarifarias-com-os-eua","status":"publish","type":"post","link":"https:\/\/noticiasdestaque.com.br\/index.php\/2025\/10\/07\/tarifaco-brasil-pode-beneficiar-us-78-bilhoes-em-exportacoes-com-avanco-em-negociacoes-tarifarias-com-os-eua\/","title":{"rendered":"TARIFA\u00c7O: Brasil pode beneficiar US$ 7,8 bilh\u00f5es em exporta\u00e7\u00f5es com avan\u00e7o em negocia\u00e7\u00f5es tarif\u00e1rias com os EUA"},"content":{"rendered":"<p>\t\t\t\t\t\t\t\t\t\t<audio controls class=\"b61_audio_player\" data-noticia=\"85060\" src=\"https:\/\/brasil61.com\/rails\/active_storage\/blobs\/eyJfcmFpbHMiOnsibWVzc2FnZSI6IkJBaHBBOW1uQXc9PSIsImV4cCI6bnVsbCwicHVyIjoiYmxvYl9pZCJ9fQ==--8985916a55a6b86f5b669217b30956deed92943b\/PIND254643B\"><\/audio><\/p>\n<p><strong>Um acordo com os Estados Unidos pode beneficiar US$ 7,8 bilh\u00f5es em exporta\u00e7\u00f5es. \u00c9 o que conclui um <a href=\"https:\/\/noticias.portaldaindustria.com.br\/noticias\/internacional\/brasil-pode-ganhar-us-78-bi-em-exportacoes-se-acordo-com-eua-avancar-aponta-cni\/\" target=\"_blank\">levantamento<\/a> divulgado nesta semana pela Confedera\u00e7\u00e3o Nacional da Ind\u00fastria <a href=\"https:\/\/cni.portaldaindustria.com.br\/pt\/\" target=\"_blank\">(CNI)<\/a>.<\/strong><\/p>\n<p>A an\u00e1lise da entidade leva em conta um acordo com os 1.908 produtos presentes na lista da Ordem Executiva de 5 de setembro. Esse recorte inclui, por exemplo, tarifas rec\u00edprocas e setoriais.<\/p>\n<p>Uma <a href=\"https:\/\/www.gov.br\/planalto\/pt-br\/acompanhe-o-planalto\/noticias\/2025\/10\/telefonema-entre-os-presidentes-lula-e-donald-trump\" target=\"_blank\">nota<\/a> divulgada pelo Pal\u00e1cio do Planalto informa que, na segunda-feira (6), o presidente da Rep\u00fablica, Luiz In\u00e1cio Lula da Silva, recebeu uma liga\u00e7\u00e3o de Donald Trump. Lula lembrou que o Brasil \u00e9 um dos tr\u00eas pa\u00edses do G20 com quem os Estados Unidos mant\u00eam super\u00e1vit na balan\u00e7a de bens e servi\u00e7os.<\/p>\n<p>Diante disso, <strong>o mandat\u00e1rio brasileiro pediu a retirada da sobretaxa de 40% imposta a produtos nacionais e das medidas restritivas aplicadas contra autoridades brasileiras. <\/strong>Trump, por sua vez, designou o secret\u00e1rio de Estado Marco Rubio para dar continuidade \u00e0s negocia\u00e7\u00f5es com o vice-presidente Geraldo Alckmin, o chanceler Mauro Vieira e o ministro da Fazenda, Fernando Haddad.<\/p>\n<p>A gerente de Com\u00e9rcio e Integra\u00e7\u00e3o Internacional da CNI, Constanza Negri, entende esse di\u00e1logo como um sinal positivo, que refor\u00e7a o respeito m\u00fatuo em rela\u00e7\u00e3o aos dois pa\u00edses.<\/p>\n<p>&#8220;Entendemos que n\u00e3o existem argumentos l\u00f3gicos e racionais econ\u00f4micos para as exporta\u00e7\u00f5es brasileiras estarem sendo taxadas. Hoje, nossa rela\u00e7\u00e3o de mais de 200 anos com os Estados Unidos t\u00eam muita interdepend\u00eancia positiva de insumos produtivos, que v\u00e3o do Brasil aos Estados Unidos e vice-versa, e que retroalimentam nossa rela\u00e7\u00e3o, n\u00e3o s\u00f3 no \u00e2mbito comercial, mas tamb\u00e9m no de investimento\u201d, considera.<\/p>\n<p><a href=\"https:\/\/brasil61.com\/n\/reforma-trabalhista-economizou-r-15-bilhoes-ao-pais-entre-2022-e-2024-aponta-estudo-pind254641\" target=\"_blank\">Reforma trabalhista economizou R$ 15 bilh\u00f5es ao pa\u00eds entre 2022 e 2024, aponta estudo<\/a><\/p>\n<p><a href=\"https:\/\/brasil61.com\/n\/setor-produtivo-ve-efeitos-devastadores-em-pec-que-reduz-jornada-semanal-pind254639\" target=\"_blank\">Setor produtivo v\u00ea \u201cefeitos devastadores\u201d em PEC que reduz jornada semanal<\/a><\/p>\n<p>Em entrevista \u00e0 r\u00e1dio CBN nesta ter\u00e7a-feira (7), o CEO da C\u00e2mara Americana de Com\u00e9rcio para o Brasil <a href=\"https:\/\/www.amcham.com.br\/\" target=\"_blank\">(Amcham Brasil)<\/a>, Abr\u00e3o Neto, afirmou que considera essa conversa entre Lula e Trump um passo relevante, j\u00e1 que cria condi\u00e7\u00f5es para um entendimento entre as duas na\u00e7\u00f5es.<\/p>\n<p>\u201cH\u00e1 pouco tempo, o di\u00e1logo entre os dois governos era inexistente. Agora, no mais alto n\u00edvel, com o envolvimento dos dois presidentes que t\u00eam sinalizado mensagens positivas, se estabelece um come\u00e7o de um processo de di\u00e1logo que n\u00f3s esperamos que leve a um entendimento, leve a uma solu\u00e7\u00e3o para reequilibrar o com\u00e9rcio, para voltar a permitir o crescimento de com\u00e9rcio e de investimentos entre as duas maiores economias das Am\u00e9ricas\u201d, disse Abr\u00e3o Neto \u00e0 emissora.<\/p>\n<p>O CEO da Amcham Brasil pontuou ainda que essa mudan\u00e7a de cen\u00e1rio foi influenciada por v\u00e1rios fatores, com destaque para a mobiliza\u00e7\u00e3o do setor empresarial.\u00a0<\/p>\n<h2>Ordem Executiva<\/h2>\n<p>A lista de produtos compreendidos no anexo Potential Tariff Adjustments for Aligned Partners (PTAAP), anunciada pela Ordem Executiva n\u00ba 14.346, de 5 de setembro, possibilitaria isen\u00e7\u00f5es tarif\u00e1rias capazes de atingir US$ 7,8 bilh\u00f5es em exporta\u00e7\u00f5es pelo Brasil.<\/p>\n<p>A Ordem Executiva estabelece a estrutura para futuros acordos rec\u00edprocos. Al\u00e9m disso, prev\u00ea poss\u00edveis isen\u00e7\u00f5es tarif\u00e1rias para 1.908 produtos, desde que sejam levados em conta compromissos relacionados a com\u00e9rcio e seguran\u00e7a.<\/p>\n<p><strong>De acordo com a CNI, o anexo abrange 18,4% do que foi exportado pelo Brasil ao mercado dos Estados Unidos em 2024. Essa taxa seria somada aos 26,2% j\u00e1 isentos de tarifas adicionais.<\/strong><\/p>\n<h2>Produtos contemplados pela Ordem Executiva<\/h2>\n<p><strong>Entre os produtos contemplados pela Ordem Executiva, destacam-se itens agr\u00edcolas que n\u00e3o s\u00e3o produzidos em quantidade suficiente no pa\u00eds norte-americano; recursos naturais n\u00e3o dispon\u00edveis internamente, medicamentos gen\u00e9ricos, insumos farmac\u00eauticos, al\u00e9m de aeronaves e pe\u00e7as.<\/strong><\/p>\n<p>Vale destacar que a Ordem Executiva tamb\u00e9m determina algumas condi\u00e7\u00f5es espec\u00edficas. Em alguns casos, por exemplo, a medida s\u00f3 se aplica aos produtos descritos de forma detalhada. J\u00e1 em outras situa\u00e7\u00f5es, limita-se a artigos de avia\u00e7\u00e3o civil e seus componentes.<\/p>\n<p>O presidente da CNI, Ricardo Alban, entende, por\u00e9m, que h\u00e1 margem para negocia\u00e7\u00e3o. \u201cO que est\u00e1 em jogo n\u00e3o \u00e9 um ganho extra para o Brasil, mas a recupera\u00e7\u00e3o de espa\u00e7o comercial. A possibilidade de integrar o anexo significa devolver previsibilidade e competitividade \u00e0s nossas exporta\u00e7\u00f5es, corrigindo distor\u00e7\u00f5es que afetam diretamente a ind\u00fastria e o emprego no pa\u00eds\u201d, destaca. \u00a0<\/p>\n<p>A CNI tamb\u00e9m aponta que, dos 1.908 produtos em quest\u00e3o, o Brasil exportou 526 para os Estados Unidos, que somam 819 produtos no detalhamento de dez d\u00edgitos do c\u00f3digo norte-americano. Entre os itens mais relevantes est\u00e3o caf\u00e9, cacau, frutas tropicais e produtos met\u00e1licos.<\/p>\n<h2>Miss\u00e3o em Washington<\/h2>\n<p><strong>Nos dias 3 e 4 de setembro, a <a href=\"https:\/\/brasil61.com\/n\/tarifaco-missao-empresarial-aos-eua-foi-positiva-avalia-presidente-da-cni-pind254613\" target=\"_blank\">CNI liderou uma miss\u00e3o empresarial a Washington (EUA)<\/a>, com o objetivo de abrir canais de di\u00e1logo e contribuir com as negocia\u00e7\u00f5es para reverter ou reduzir o impacto das tarifas impostas pelos Estados Unidos sobre produtos brasileiros. <\/strong>A comitiva reuniu cerca de 130 empres\u00e1rios, dirigentes de federa\u00e7\u00f5es estaduais e representantes de associa\u00e7\u00f5es industriais.<\/p>\n<p>A agenda incluiu reuni\u00f5es no Capit\u00f3lio, encontros bilaterais com institui\u00e7\u00f5es parceiras, plen\u00e1ria com representantes do setor p\u00fablico e privado dos dois pa\u00edses e audi\u00eancia p\u00fablica na US International Trade Commission, no \u00e2mbito da investiga\u00e7\u00e3o aberta pelo governo americano contra o Brasil, com base na Se\u00e7\u00e3o 301 da Lei de Com\u00e9rcio de 1974. O processo avalia pr\u00e1ticas comerciais em \u00e1reas como com\u00e9rcio digital, servi\u00e7os de pagamento, tarifas preferenciais, etanol e quest\u00f5es ambientais.<br \/>\n\u00a0<\/p>\n<p>\t\t\t\t\t\t\t\t\t<img loading=\"lazy\" decoding=\"async\" src=\"https:\/\/brasil61.com\/api\/v1\/serve_pixel\/17677\/85060\" alt=\"Pixel Brasil 61\" class=\"b61_pixel\" width=\"0\" height=\"0\"><\/p>\n<input type=\"hidden\" id=\"baseurl\" value=\"https:\/\/noticiasdestaque.com.br\"><input type=\"hidden\" id=\"audio_nonce\" value=\"6f73a554f1\">","protected":false},"excerpt":{"rendered":"<p>Levantamento da CNI mostra que poss\u00edvel acordo sobre 1,9 mil produtos pode recuperar espa\u00e7o comercial e ampliar competitividade das exporta\u00e7\u00f5es brasileiras<\/p>\n","protected":false},"author":1,"featured_media":46508,"comment_status":"open","ping_status":"open","sticky":false,"template":"","format":"standard","meta":{"fifu_image_url":"","fifu_image_alt":"","footnotes":""},"categories":[59],"tags":[],"class_list":["post-46507","post","type-post","status-publish","format-standard","has-post-thumbnail","hentry","category-economia"],"distributor_meta":false,"distributor_terms":false,"distributor_media":false,"distributor_original_site_name":"Noticias em Destaque","distributor_original_site_url":"https:\/\/noticiasdestaque.com.br","push-errors":false,"_links":{"self":[{"href":"https:\/\/noticiasdestaque.com.br\/index.php\/wp-json\/wp\/v2\/posts\/46507","targetHints":{"allow":["GET"]}}],"collection":[{"href":"https:\/\/noticiasdestaque.com.br\/index.php\/wp-json\/wp\/v2\/posts"}],"about":[{"href":"https:\/\/noticiasdestaque.com.br\/index.php\/wp-json\/wp\/v2\/types\/post"}],"author":[{"embeddable":true,"href":"https:\/\/noticiasdestaque.com.br\/index.php\/wp-json\/wp\/v2\/users\/1"}],"replies":[{"embeddable":true,"href":"https:\/\/noticiasdestaque.com.br\/index.php\/wp-json\/wp\/v2\/comments?post=46507"}],"version-history":[{"count":0,"href":"https:\/\/noticiasdestaque.com.br\/index.php\/wp-json\/wp\/v2\/posts\/46507\/revisions"}],"wp:featuredmedia":[{"embeddable":true,"href":"https:\/\/noticiasdestaque.com.br\/index.php\/wp-json\/wp\/v2\/media\/46508"}],"wp:attachment":[{"href":"https:\/\/noticiasdestaque.com.br\/index.php\/wp-json\/wp\/v2\/media?parent=46507"}],"wp:term":[{"taxonomy":"category","embeddable":true,"href":"https:\/\/noticiasdestaque.com.br\/index.php\/wp-json\/wp\/v2\/categories?post=46507"},{"taxonomy":"post_tag","embeddable":true,"href":"https:\/\/noticiasdestaque.com.br\/index.php\/wp-json\/wp\/v2\/tags?post=46507"}],"curies":[{"name":"wp","href":"https:\/\/api.w.org\/{rel}","templated":true}]}}