{"id":46432,"date":"2025-10-04T04:50:00","date_gmt":"2025-10-04T07:50:00","guid":{"rendered":"https:\/\/noticiasdestaque.com.br\/index.php\/2025\/10\/04\/mapa-e-petrobras-debatem-integracao-entre-agro-e-energia-para-impulsionar-o-desenvolvimento-do-brasil\/"},"modified":"2025-10-04T04:50:00","modified_gmt":"2025-10-04T07:50:00","slug":"mapa-e-petrobras-debatem-integracao-entre-agro-e-energia-para-impulsionar-o-desenvolvimento-do-brasil","status":"publish","type":"post","link":"https:\/\/noticiasdestaque.com.br\/index.php\/2025\/10\/04\/mapa-e-petrobras-debatem-integracao-entre-agro-e-energia-para-impulsionar-o-desenvolvimento-do-brasil\/","title":{"rendered":"Mapa e Petrobras debatem integra\u00e7\u00e3o entre agro e energia para impulsionar o desenvolvimento do Brasil"},"content":{"rendered":"<p>\t\t\t\t\t\t\t\t\t\t<audio controls class=\"b61_audio_player\" data-noticia=\"85019\" src=\"https:\/\/brasil61.com\/rails\/active_storage\/blobs\/eyJfcmFpbHMiOnsibWVzc2FnZSI6IkJBaHBBNittQXc9PSIsImV4cCI6bnVsbCwicHVyIjoiYmxvYl9pZCJ9fQ==--1356cf0371f29a996cf39c41a948833ba4cf7d82\/MAPA250003A\"><\/audio><\/p>\n<p>O ministro da Agricultura e Pecu\u00e1ria, Carlos F\u00e1varo, recebeu na quinta-feira (2) a presidente da <a href=\"https:\/\/petrobras.com.br\/\">Petrobras<\/a>, Magda Chambriard, na sede do <a href=\"https:\/\/www.gov.br\/agricultura\/pt-br\">Minist\u00e9rio da Agricultura e Pecu\u00e1ria (Mapa)<\/a>, em <a href=\"https:\/\/www.df.gov.br\/\">Bras\u00edlia (DF)<\/a>. A reuni\u00e3o marcou a primeira visita de um presidente da estatal \u00e0 sede do Mapa em 165 anos e <strong>teve como objetivo a articula\u00e7\u00e3o entre os setores agropecu\u00e1rio e energ\u00e9tico<\/strong>.<\/p>\n<p>\u201cEsse encontro aproxima de forma concreta o agro e o setor de energia. \u00c9 a relev\u00e2ncia que o agro tem no Brasil, como ele \u00e9 estrat\u00e9gico. E o inverso, a gente entende que o agro pode, deve e vai ser importante para a Petrobras\u201d, destacou o ministro.<\/p>\n<p>Na ocasi\u00e3o, a Petrobras apresentou <strong>tr\u00eas frentes de atua\u00e7\u00e3o junto ao agroneg\u00f3cio<\/strong>:\u00a0<\/p>\n<ul>\n<li>origina\u00e7\u00e3o de mat\u00e9rias-primas;<\/li>\n<li>polos de venda;<\/li>\n<li>comercializa\u00e7\u00e3o direta com grandes consumidores.<\/li>\n<\/ul>\n<p>Magda Chambriard refor\u00e7ou a vis\u00e3o estrat\u00e9gica da estatal. \u201cO futuro do Brasil \u00e9 um futuro em que o agroneg\u00f3cio e o setor petrol\u00edfero caminham juntos. S\u00e3o dois dos principais motores da nossa economia e precisam se complementar\u201d, declarou.<\/p>\n<h2>Expans\u00e3o e energia renov\u00e1vel<\/h2>\n<p><strong>A Petrobras tem buscado ampliar presen\u00e7a nas regi\u00f5es do Centro-Oeste e MATOPIBA<\/strong> (<a href=\"https:\/\/www.ma.gov.br\/\">Maranh\u00e3o<\/a>, <a href=\"https:\/\/www.to.gov.br\/\">Tocantins<\/a>, <a href=\"https:\/\/www.pi.gov.br\/\">Piau\u00ed<\/a>\u00a0e <a href=\"https:\/\/www.ba.gov.br\/\">Bahia<\/a>), reconhecidas pela forte voca\u00e7\u00e3o agr\u00edcola. De acordo com a pasta, <strong>a expans\u00e3o do agroneg\u00f3cio nessas \u00e1reas fez com que a demanda por diesel mais que dobrasse nos \u00faltimos anos<\/strong>.<\/p>\n<p>Durante o encontro, a estatal destacou o potencial de expans\u00e3o da infraestrutura log\u00edstica, com foco no transporte dutovi\u00e1rio e ferrovi\u00e1rio. Tamb\u00e9m apontou alternativas para o escoamento da produ\u00e7\u00e3o e o crescimento da oferta de biocombust\u00edveis, como etanol de milho e biodiesel.<\/p>\n<p>Na mesma linha, <strong>Chambriard e F\u00e1varo discutiram formas de ampliar a produ\u00e7\u00e3o desses combust\u00edveis e desenvolver alternativas avan\u00e7adas<\/strong>, como o Hydrotreated Vegetable Oil (HVO) e o Sustainable Aviation Fuel (SAF). Ambos utilizam mat\u00e9rias-primas renov\u00e1veis, entre elas \u00f3leos vegetais, gorduras animais e res\u00edduos agr\u00edcolas.<\/p>\n<p>O ministro ressaltou que esta integra\u00e7\u00e3o abrir\u00e1 novas perspectivas para o Brasil. \u201cEstamos abrindo uma s\u00e9rie de oportunidades em um novo caminho que o mundo est\u00e1 trilhando: a produ\u00e7\u00e3o de energia renov\u00e1vel, verde e limpa, que nasce da terra\u201d, afirmou.<\/p>\n<h2>Parcerias<\/h2>\n<p>A reuni\u00e3o ainda exp\u00f4s que <strong>existem acordos formados entre o Mapa, a Petrobras e a Empresa Brasileira de Pesquisa Agropecu\u00e1ria (Embrapa), voltados \u00e0 forma\u00e7\u00e3o de parcerias com cooperativas<\/strong>. O objetivo \u00e9 ampliar a oferta de produtos e garantir assist\u00eancia t\u00e9cnica aos consumidores finais.\u00a0<\/p>\n<p>Em colabora\u00e7\u00e3o com o Centro de Pesquisas Leopoldo Am\u00e9rico Miguez de Mello (Cenpes), as institui\u00e7\u00f5es desenvolvem fertilizantes de alta efici\u00eancia aumentada para o uso de mat\u00e9rias primas alternativas.<\/p>\n<p>Segundo a presidente Magda Chambriard, a Petrobras reconhece a import\u00e2ncia dessas iniciativas. \u201cN\u00e3o estamos aqui para destruir nenhuma pol\u00edtica p\u00fablica. Pelo contr\u00e1rio, entendemos que esses investimentos foram necess\u00e1rios para valorizar o que temos de melhor: o petr\u00f3leo e o agro\u201d, refor\u00e7ou.<\/p>\n<p>A parceria entre o Mapa e a Petrobras no MATOPIBA teve in\u00edcio em mar\u00e7o, ap\u00f3s reuni\u00f5es t\u00e9cnicas que identificaram \u00e1reas estrat\u00e9gicas de atua\u00e7\u00e3o. Desde ent\u00e3o, representantes das institui\u00e7\u00f5es realizaram visitas \u00e0 regi\u00e3o e estabeleceram articula\u00e7\u00f5es com associa\u00e7\u00f5es e produtores rurais, com o prop\u00f3sito de fortalecer a presen\u00e7a da estatal no territ\u00f3rio.<\/p>\n<p><strong>VEJA MAIS:<\/strong><\/p>\n<ul>\n<li><a href=\"https:\/\/brasil61.com\/n\/mapa-e-apexbrasil-alinham-acoes-para-habilitacoes-de-frigorificos-e-fortalecimento-de-exportacoes-na-regiao-amazonica-mapa250002\">Mapa e ApexBrasil alinham a\u00e7\u00f5es para habilita\u00e7\u00f5es de frigor\u00edficos e fortalecimento de exporta\u00e7\u00f5es na regi\u00e3o amaz\u00f4nica<\/a><\/li>\n<li><a href=\"https:\/\/brasil61.com\/n\/agronegocio-mato-grosso-tera-escritorio-da-apexbrasil-para-impulsionar-exportacoes-bras2514780\">Agroneg\u00f3cio: Mato Grosso ter\u00e1 escrit\u00f3rio da ApexBrasil para impulsionar exporta\u00e7\u00f5es<\/a><\/li>\n<\/ul>\n<p>\t\t\t\t\t\t\t\t\t<img loading=\"lazy\" decoding=\"async\" src=\"https:\/\/brasil61.com\/api\/v1\/serve_pixel\/17677\/85019\" alt=\"Pixel Brasil 61\" class=\"b61_pixel\" width=\"0\" height=\"0\"><\/p>\n<input type=\"hidden\" id=\"baseurl\" value=\"https:\/\/noticiasdestaque.com.br\"><input type=\"hidden\" id=\"audio_nonce\" value=\"5128c810d9\">","protected":false},"excerpt":{"rendered":"<p>Reuni\u00e3o marcou a primeira visita de um presidente da estatal \u00e0 sede do Minist\u00e9rio em 165 anos e teve como objetivo a articula\u00e7\u00e3o entre os setores agropecu\u00e1rio e energ\u00e9tico<\/p>\n","protected":false},"author":1,"featured_media":46433,"comment_status":"open","ping_status":"open","sticky":false,"template":"","format":"standard","meta":{"fifu_image_url":"","fifu_image_alt":"","footnotes":""},"categories":[59],"tags":[],"class_list":["post-46432","post","type-post","status-publish","format-standard","has-post-thumbnail","hentry","category-economia"],"distributor_meta":false,"distributor_terms":false,"distributor_media":false,"distributor_original_site_name":"Noticias em Destaque","distributor_original_site_url":"https:\/\/noticiasdestaque.com.br","push-errors":false,"_links":{"self":[{"href":"https:\/\/noticiasdestaque.com.br\/index.php\/wp-json\/wp\/v2\/posts\/46432","targetHints":{"allow":["GET"]}}],"collection":[{"href":"https:\/\/noticiasdestaque.com.br\/index.php\/wp-json\/wp\/v2\/posts"}],"about":[{"href":"https:\/\/noticiasdestaque.com.br\/index.php\/wp-json\/wp\/v2\/types\/post"}],"author":[{"embeddable":true,"href":"https:\/\/noticiasdestaque.com.br\/index.php\/wp-json\/wp\/v2\/users\/1"}],"replies":[{"embeddable":true,"href":"https:\/\/noticiasdestaque.com.br\/index.php\/wp-json\/wp\/v2\/comments?post=46432"}],"version-history":[{"count":0,"href":"https:\/\/noticiasdestaque.com.br\/index.php\/wp-json\/wp\/v2\/posts\/46432\/revisions"}],"wp:featuredmedia":[{"embeddable":true,"href":"https:\/\/noticiasdestaque.com.br\/index.php\/wp-json\/wp\/v2\/media\/46433"}],"wp:attachment":[{"href":"https:\/\/noticiasdestaque.com.br\/index.php\/wp-json\/wp\/v2\/media?parent=46432"}],"wp:term":[{"taxonomy":"category","embeddable":true,"href":"https:\/\/noticiasdestaque.com.br\/index.php\/wp-json\/wp\/v2\/categories?post=46432"},{"taxonomy":"post_tag","embeddable":true,"href":"https:\/\/noticiasdestaque.com.br\/index.php\/wp-json\/wp\/v2\/tags?post=46432"}],"curies":[{"name":"wp","href":"https:\/\/api.w.org\/{rel}","templated":true}]}}