{"id":46428,"date":"2025-10-04T04:05:00","date_gmt":"2025-10-04T07:05:00","guid":{"rendered":"https:\/\/noticiasdestaque.com.br\/index.php\/2025\/10\/04\/prefeituras-podem-perder-r-48-bilhoes-com-isencao-do-ir\/"},"modified":"2025-10-04T04:05:00","modified_gmt":"2025-10-04T07:05:00","slug":"prefeituras-podem-perder-r-48-bilhoes-com-isencao-do-ir","status":"publish","type":"post","link":"https:\/\/noticiasdestaque.com.br\/index.php\/2025\/10\/04\/prefeituras-podem-perder-r-48-bilhoes-com-isencao-do-ir\/","title":{"rendered":"Prefeituras podem perder R$ 4,8 bilh\u00f5es com isen\u00e7\u00e3o do IR"},"content":{"rendered":"<p>\t\t\t\t\t\t\t\t\t\t<audio controls class=\"b61_audio_player\" data-noticia=\"84986\" src=\"https:\/\/brasil61.com\/rails\/active_storage\/blobs\/eyJfcmFpbHMiOnsibWVzc2FnZSI6IkJBaHBBM0dtQXc9PSIsImV4cCI6bnVsbCwicHVyIjoiYmxvYl9pZCJ9fQ==--d68dff7a533daf075c95f4b7d123dc40a6075925\/BRAS2514850A\"><\/audio><\/p>\n<p>As medidas de compensa\u00e7\u00e3o previstas no <a href=\"https:\/\/www.camara.leg.br\/proposicoesWeb\/fichadetramitacao?idProposicao=2487436\">Projeto de Lei 1087\/25<\/a> &#8211; <strong>que ampliou a faixa de isen\u00e7\u00e3o do Imposto de Renda e aumentou a tributa\u00e7\u00e3o das altas rendas e dos dividendos<\/strong> &#8211;\u00a0<strong>n\u00e3o seriam suficientes para equilibrar as contas de estados e munic\u00edpios,<\/strong> especialmente em rela\u00e7\u00e3o \u00e0 folha de pagamento. <strong>O alerta foi feito pelo secret\u00e1rio-executivo da Frente Nacional de Prefeitas e Prefeitos (FNP), Gilberto Perre, <\/strong>que estima <strong>perdas de R$ 4,8 bilh\u00f5es para as prefeituras.<\/strong><\/p>\n<p>A <strong>preocupa\u00e7\u00e3o da FNP est\u00e1 na arrecada\u00e7\u00e3o do Imposto de Renda retido na fonte dos servidores<\/strong> municipais e estaduais, receita que pertence integralmente aos governos locais e ser\u00e1 reduzida com a amplia\u00e7\u00e3o da faixa de isen\u00e7\u00e3o. \u201cEstamos preocupados principalmente com a folha de pagamento, n\u00e3o com a flutua\u00e7\u00e3o dos fundos\u201d, afirmou Perre em uma publica\u00e7\u00e3o na <a href=\"http:\/\/fnp.org.br\">p\u00e1gina oficial da FNP<\/a>\u00a0.<\/p>\n<p>A <strong>entidade informou que apresentar\u00e1 propostas de altera\u00e7\u00e3o no Senado caso o texto seja aprovado como est\u00e1 pela C\u00e2mara.<\/strong> O projeto aumenta a faixa de isen\u00e7\u00e3o do IR para quem recebe at\u00e9 R$ 5 mil mensais e cria um adicional para rendimentos tribut\u00e1veis acima de R$ 600 mil por ano. A proposta foi aprovada na \u00faltima quarta-feira, 1\u00ba de outubro, pela C\u00e2mara dos Deputados.<\/p>\n<h2>Emenda rejeitada<\/h2>\n<p>A <strong>FNP havia apresentado uma emenda ao projeto do deputado Mersinho Lucena (PP-PB) para proteger as receitas de estados e munic\u00edpios,<\/strong> considerando que o IR retido na fonte dos servidores n\u00e3o \u00e9 repassado \u00e0 Uni\u00e3o. Com a amplia\u00e7\u00e3o da isen\u00e7\u00e3o, parte dessa arrecada\u00e7\u00e3o deixaria de existir, comprometendo o financiamento de servi\u00e7os p\u00fablicos essenciais. Apesar do apelo,<strong> a emenda foi rejeitada.<\/strong><\/p>\n<h2>Proposta de compensa\u00e7\u00e3o<\/h2>\n<p>O projeto define mecanismos para reduzir o impacto financeiro da medida sobre estados, Distrito Federal e munic\u00edpios. Caso a arrecada\u00e7\u00e3o extra da Uni\u00e3o n\u00e3o seja suficiente para cobrir as perdas, os entes federativos poder\u00e3o ter abatimento em suas contribui\u00e7\u00f5es ao Pasep (Programa de Forma\u00e7\u00e3o do Patrim\u00f4nio do Servidor P\u00fablico).<\/p>\n<p>Segundo Gilberto Perre, \u201ca medida garante equil\u00edbrio fiscal e justi\u00e7a pol\u00edtica, assegura a continuidade dos servi\u00e7os essenciais e oferece seguran\u00e7a jur\u00eddica aos gestores, sem comprometer o m\u00e9rito social do projeto original e fortalecendo o pacto federativo\u201d.<\/p>\n<p><a href=\"https:\/\/app.powerbi.com\/view?r=eyJrIjoiMGFlNWUzMGYtY2Y2ZC00ZTRmLWI4M2ItMTNiN2ViNTEzMTUxIiwidCI6IjlmNzliZGNlLWZkODItNGMzNy1hZGY4LTUyYjg3NTFlNjk1NCJ9\">Boletim informativo FNP sobre poss\u00edveis perdas decorrentes da aprova\u00e7\u00e3o do PL 1087\/25<\/a><br \/>\n\u00a0<\/p>\n<p>\t\t\t\t\t\t\t\t\t<img loading=\"lazy\" decoding=\"async\" src=\"https:\/\/brasil61.com\/api\/v1\/serve_pixel\/17677\/84986\" alt=\"Pixel Brasil 61\" class=\"b61_pixel\" width=\"0\" height=\"0\"><\/p>\n<input type=\"hidden\" id=\"baseurl\" value=\"https:\/\/noticiasdestaque.com.br\"><input type=\"hidden\" id=\"audio_nonce\" value=\"6f73a554f1\">","protected":false},"excerpt":{"rendered":"<p>FNP alerta para impacto na arrecada\u00e7\u00e3o e prop\u00f5e compensa\u00e7\u00e3o via Pasep<\/p>\n","protected":false},"author":1,"featured_media":0,"comment_status":"open","ping_status":"open","sticky":false,"template":"","format":"standard","meta":{"fifu_image_url":"","fifu_image_alt":"","footnotes":""},"categories":[59],"tags":[],"class_list":["post-46428","post","type-post","status-publish","format-standard","hentry","category-economia"],"distributor_meta":false,"distributor_terms":false,"distributor_media":false,"distributor_original_site_name":"Noticias em Destaque","distributor_original_site_url":"https:\/\/noticiasdestaque.com.br","push-errors":false,"_links":{"self":[{"href":"https:\/\/noticiasdestaque.com.br\/index.php\/wp-json\/wp\/v2\/posts\/46428","targetHints":{"allow":["GET"]}}],"collection":[{"href":"https:\/\/noticiasdestaque.com.br\/index.php\/wp-json\/wp\/v2\/posts"}],"about":[{"href":"https:\/\/noticiasdestaque.com.br\/index.php\/wp-json\/wp\/v2\/types\/post"}],"author":[{"embeddable":true,"href":"https:\/\/noticiasdestaque.com.br\/index.php\/wp-json\/wp\/v2\/users\/1"}],"replies":[{"embeddable":true,"href":"https:\/\/noticiasdestaque.com.br\/index.php\/wp-json\/wp\/v2\/comments?post=46428"}],"version-history":[{"count":0,"href":"https:\/\/noticiasdestaque.com.br\/index.php\/wp-json\/wp\/v2\/posts\/46428\/revisions"}],"wp:attachment":[{"href":"https:\/\/noticiasdestaque.com.br\/index.php\/wp-json\/wp\/v2\/media?parent=46428"}],"wp:term":[{"taxonomy":"category","embeddable":true,"href":"https:\/\/noticiasdestaque.com.br\/index.php\/wp-json\/wp\/v2\/categories?post=46428"},{"taxonomy":"post_tag","embeddable":true,"href":"https:\/\/noticiasdestaque.com.br\/index.php\/wp-json\/wp\/v2\/tags?post=46428"}],"curies":[{"name":"wp","href":"https:\/\/api.w.org\/{rel}","templated":true}]}}