{"id":46416,"date":"2025-10-03T18:20:00","date_gmt":"2025-10-03T21:20:00","guid":{"rendered":"https:\/\/noticiasdestaque.com.br\/index.php\/2025\/10\/03\/previsao-do-tempo-instabilidade-marca-o-sudeste-neste-sabado-4\/"},"modified":"2025-10-03T18:20:00","modified_gmt":"2025-10-03T21:20:00","slug":"previsao-do-tempo-instabilidade-marca-o-sudeste-neste-sabado-4","status":"publish","type":"post","link":"https:\/\/noticiasdestaque.com.br\/index.php\/2025\/10\/03\/previsao-do-tempo-instabilidade-marca-o-sudeste-neste-sabado-4\/","title":{"rendered":"PREVIS\u00c3O DO TEMPO:  Instabilidade marca o Sudeste neste s\u00e1bado (4)"},"content":{"rendered":"<p>\t\t\t\t\t\t\t\t\t\t<audio controls class=\"b61_audio_player\" data-noticia=\"84997\" src=\"https:\/\/brasil61.com\/rails\/active_storage\/blobs\/eyJfcmFpbHMiOnsibWVzc2FnZSI6IkJBaHBBNFdtQXc9PSIsImV4cCI6bnVsbCwicHVyIjoiYmxvYl9pZCJ9fQ==--270a652a5716c875c3375c6fb3c6f284dc53127a\/PTSD254210A\"><\/audio><\/p>\n<p>O Sudeste do Brasil ter\u00e1 um dia de tempo inst\u00e1vel. O Instituto Nacional de Meteorologia (Inmet) emitiu alerta de ventos costeiros para o litoral do Rio de Janeiro e de S\u00e3o Paulo.<\/p>\n<\/p>\n<p>No Rio de Janeiro, o tempo deve permanecer claro ao longo do dia. No entanto, munic\u00edpios do norte do estado, como S\u00e3o Jo\u00e3o da Barra, S\u00e3o Francisco de Itabapoana e Campos dos Goytacazes, ter\u00e3o muitas nuvens, com possibilidade de chuva isolada.<\/p>\n<p>Em S\u00e3o Paulo, a previs\u00e3o \u00e9 de c\u00e9u encoberto em boa parte do estado, com pancadas de chuva e trovoadas isoladas desde o extremo sul at\u00e9 a zona norte. Entre os munic\u00edpios que podem ser afetados est\u00e3o Itaju, Campinas, Pedreira e Sorocaba.<\/p>\n<p>J\u00e1 em Minas Gerais, a instabilidade se concentra na regi\u00e3o de S\u00e3o Louren\u00e7o, onde h\u00e1 chance de precipita\u00e7\u00f5es. No restante do estado, o tempo deve permanecer com muitas nuvens, mas sem expectativa significativa de chuva.<\/p>\n<p>No Esp\u00edrito Santo, a previs\u00e3o indica chuva ao longo de todo o dia, atingindo tanto a faixa litor\u00e2nea quanto o interior.<\/p>\n<p>Entre as capitais, a temperatura m\u00ednima prevista \u00e9 de 15\u00b0C, em Belo Horizonte. J\u00e1 a m\u00e1xima pode chegar at\u00e9 30\u00b0C, em Belo Horizonte e Rio de Janeiro. A \u00a0umidade relativa do ar varia entre \u00a025% e 100%.<\/p>\n<h2>5 Motivos para saber das previs\u00f5es do tempo \u00a0<\/h2>\n<ul>\n<li>Agricultura: garantia de uma boa colheita;<\/li>\n<li>Marinha: prote\u00e7\u00e3o dos marinheiros, dos navios e dos passageiros;<\/li>\n<li>Aeron\u00e1utica: prote\u00e7\u00e3o e seguran\u00e7a dos pilotos, das aeronaves e dos passageiros;<\/li>\n<li>Pesca: condi\u00e7\u00f5es favor\u00e1veis e seguras \u00e0 pesca; e<\/li>\n<li>Turismo: garantia de um passeio e de uma viagem feliz e tranquila.<\/li>\n<\/ul>\n<h2>Import\u00e2ncia das observa\u00e7\u00f5es meteorol\u00f3gicas no INMET<\/h2>\n<p>As observa\u00e7\u00f5es meteorol\u00f3gicas do INMET s\u00e3o essenciais para previs\u00f5es em tempo real, estat\u00edsticas clim\u00e1ticas e coopera\u00e7\u00e3o internacional. Esses dados precisos ajudam a estudar o clima passado e a produzir Normais Climatol\u00f3gicas conforme a Organiza\u00e7\u00e3o Meteorol\u00f3gica Mundial (<a href=\"https:\/\/worldweather.wmo.int\/pt\/home.html\" target=\"_blank\">OMM<\/a>).<\/p>\n<p>As informa\u00e7\u00f5es s\u00e3o do Instituto Nacional de Meteorologia (<a href=\"https:\/\/portal.inmet.gov.br\/\">Inmet<\/a>).<br \/>\n\u00a0<\/p>\n<p>\t\t\t\t\t\t\t\t\t<img loading=\"lazy\" decoding=\"async\" src=\"https:\/\/brasil61.com\/api\/v1\/serve_pixel\/17677\/84997\" alt=\"Pixel Brasil 61\" class=\"b61_pixel\" width=\"0\" height=\"0\"><\/p>\n<input type=\"hidden\" id=\"baseurl\" value=\"https:\/\/noticiasdestaque.com.br\"><input type=\"hidden\" id=\"audio_nonce\" value=\"6f73a554f1\">","protected":false},"excerpt":{"rendered":"<p>Em S\u00e3o Paulo, a previs\u00e3o \u00e9 de c\u00e9u encoberto em boa parte do estado, com pancadas de chuva e trovoadas isoladas desde o extremo sul at\u00e9 a zona norte. Entre os munic\u00edpios que podem ser afetados est\u00e3o Itaju, Campinas, Pedreira e Sorocaba<\/p>\n","protected":false},"author":1,"featured_media":46417,"comment_status":"open","ping_status":"open","sticky":false,"template":"","format":"standard","meta":{"fifu_image_url":"","fifu_image_alt":"","footnotes":""},"categories":[58],"tags":[],"class_list":["post-46416","post","type-post","status-publish","format-standard","has-post-thumbnail","hentry","category-cotidiano"],"distributor_meta":false,"distributor_terms":false,"distributor_media":false,"distributor_original_site_name":"Noticias em Destaque","distributor_original_site_url":"https:\/\/noticiasdestaque.com.br","push-errors":false,"_links":{"self":[{"href":"https:\/\/noticiasdestaque.com.br\/index.php\/wp-json\/wp\/v2\/posts\/46416","targetHints":{"allow":["GET"]}}],"collection":[{"href":"https:\/\/noticiasdestaque.com.br\/index.php\/wp-json\/wp\/v2\/posts"}],"about":[{"href":"https:\/\/noticiasdestaque.com.br\/index.php\/wp-json\/wp\/v2\/types\/post"}],"author":[{"embeddable":true,"href":"https:\/\/noticiasdestaque.com.br\/index.php\/wp-json\/wp\/v2\/users\/1"}],"replies":[{"embeddable":true,"href":"https:\/\/noticiasdestaque.com.br\/index.php\/wp-json\/wp\/v2\/comments?post=46416"}],"version-history":[{"count":0,"href":"https:\/\/noticiasdestaque.com.br\/index.php\/wp-json\/wp\/v2\/posts\/46416\/revisions"}],"wp:featuredmedia":[{"embeddable":true,"href":"https:\/\/noticiasdestaque.com.br\/index.php\/wp-json\/wp\/v2\/media\/46417"}],"wp:attachment":[{"href":"https:\/\/noticiasdestaque.com.br\/index.php\/wp-json\/wp\/v2\/media?parent=46416"}],"wp:term":[{"taxonomy":"category","embeddable":true,"href":"https:\/\/noticiasdestaque.com.br\/index.php\/wp-json\/wp\/v2\/categories?post=46416"},{"taxonomy":"post_tag","embeddable":true,"href":"https:\/\/noticiasdestaque.com.br\/index.php\/wp-json\/wp\/v2\/tags?post=46416"}],"curies":[{"name":"wp","href":"https:\/\/api.w.org\/{rel}","templated":true}]}}