{"id":46414,"date":"2025-10-03T18:20:00","date_gmt":"2025-10-03T21:20:00","guid":{"rendered":"https:\/\/noticiasdestaque.com.br\/index.php\/2025\/10\/03\/previsao-do-tempo-norte-tera-chuvas-e-trovoadas-na-maioria-dos-estados-neste-sabado-4\/"},"modified":"2025-10-03T18:20:00","modified_gmt":"2025-10-03T21:20:00","slug":"previsao-do-tempo-norte-tera-chuvas-e-trovoadas-na-maioria-dos-estados-neste-sabado-4","status":"publish","type":"post","link":"https:\/\/noticiasdestaque.com.br\/index.php\/2025\/10\/03\/previsao-do-tempo-norte-tera-chuvas-e-trovoadas-na-maioria-dos-estados-neste-sabado-4\/","title":{"rendered":"PREVIS\u00c3O DO TEMPO: Norte ter\u00e1 chuvas e trovoadas na maioria dos estados neste s\u00e1bado (4)"},"content":{"rendered":"<p>\t\t\t\t\t\t\t\t\t\t<audio controls class=\"b61_audio_player\" data-noticia=\"84992\" src=\"https:\/\/brasil61.com\/rails\/active_storage\/blobs\/eyJfcmFpbHMiOnsibWVzc2FnZSI6IkJBaHBBMzZtQXc9PSIsImV4cCI6bnVsbCwicHVyIjoiYmxvYl9pZCJ9fQ==--e991018cceed6562787cf017faade4e7f230e18c\/PTRN254571A\"><\/audio><\/p>\n<p>Neste s\u00e1bado (4), a Regi\u00e3o Norte ter\u00e1 condi\u00e7\u00f5es clim\u00e1ticas variadas, com chuvas e trovoadas em boa parte dos estados.<\/p>\n<\/p>\n<p>Em Rond\u00f4nia, a manh\u00e3 ser\u00e1 de tempo claro e c\u00e9u aberto, mas \u00e0 tarde a previs\u00e3o indica muitas nuvens, pancadas de chuva e trovoadas por todo o estado. O mesmo padr\u00e3o \u00e9 esperado no Amap\u00e1, com precipita\u00e7\u00f5es ao longo de todo o dia.<\/p>\n<p>No Acre, a manh\u00e3 ser\u00e1 dividida: a regi\u00e3o do Juru\u00e1 ter\u00e1 chuvas, enquanto o Baixo Acre ter\u00e1 c\u00e9u claro. \u00c0 tarde, as chuvas se intensificam em todo o estado.<\/p>\n<p>O Amazonas ter\u00e1 muita chuva ao longo do dia, com trovoadas isoladas tamb\u00e9m na capital, Manaus. J\u00e1 em Roraima, o tempo ser\u00e1 nublado, com varia\u00e7\u00e3o de chuvas durante o dia.<\/p>\n<p>No Par\u00e1, a manh\u00e3 ser\u00e1 de tempo claro em quase todo o estado, exceto na regi\u00e3o de Oriximin\u00e1. \u00c0 tarde, a nebulosidade aumenta e h\u00e1 previs\u00e3o de chuvas em \u00e1reas como Monte Alegre e Almeirim.<\/p>\n<p>J\u00e1 o Tocantins ter\u00e1 um s\u00e1bado de sol e c\u00e9u claro em todo o estado.<\/p>\n<p>Entre as capitais, a temperatura m\u00ednima prevista \u00e9 de 22\u00b0C, em Rio Branco e Porto Velho. J\u00e1 a m\u00e1xima pode chegar a 40\u00b0C, em Palmas. A umidade relativa do ar varia entre 20% e 100%.<\/p>\n<h2>5 Motivos para saber das previs\u00f5es do tempo \u00a0<\/h2>\n<ul>\n<li>Agricultura: garantia de uma boa colheita;<\/li>\n<li>Marinha: prote\u00e7\u00e3o dos marinheiros, dos navios e dos passageiros;<\/li>\n<li>Aeron\u00e1utica: prote\u00e7\u00e3o e seguran\u00e7a dos pilotos, das aeronaves e dos passageiros;<\/li>\n<li>Pesca: condi\u00e7\u00f5es favor\u00e1veis e seguras \u00e0 pesca; e<\/li>\n<li>Turismo: garantia de um passeio e de uma viagem feliz e tranquila.<\/li>\n<\/ul>\n<h2>Import\u00e2ncia das observa\u00e7\u00f5es meteorol\u00f3gicas no INMET<\/h2>\n<p>As observa\u00e7\u00f5es meteorol\u00f3gicas do INMET s\u00e3o essenciais para previs\u00f5es em tempo real, estat\u00edsticas clim\u00e1ticas e coopera\u00e7\u00e3o internacional. Esses dados precisos ajudam a estudar o clima passado e a produzir Normais Climatol\u00f3gicas conforme a Organiza\u00e7\u00e3o Meteorol\u00f3gica Mundial (<a href=\"https:\/\/worldweather.wmo.int\/pt\/home.html\" target=\"_blank\">OMM<\/a>).<\/p>\n<p>As informa\u00e7\u00f5es s\u00e3o do Instituto Nacional de Meteorologia (<a href=\"https:\/\/portal.inmet.gov.br\/\" target=\"_blank\">Inmet<\/a>).<br \/>\n\u00a0<\/p>\n<p>\t\t\t\t\t\t\t\t\t<img loading=\"lazy\" decoding=\"async\" src=\"https:\/\/brasil61.com\/api\/v1\/serve_pixel\/17677\/84992\" alt=\"Pixel Brasil 61\" class=\"b61_pixel\" width=\"0\" height=\"0\"><\/p>\n<input type=\"hidden\" id=\"baseurl\" value=\"https:\/\/noticiasdestaque.com.br\"><input type=\"hidden\" id=\"audio_nonce\" value=\"6a24ca502e\">","protected":false},"excerpt":{"rendered":"<p>No Acre, a manh\u00e3 ser\u00e1 dividida: a regi\u00e3o do Juru\u00e1 ter\u00e1 chuvas, enquanto o Baixo Acre ter\u00e1 c\u00e9u claro. \u00c0 tarde, as chuvas se intensificam em todo o estado.<\/p>\n","protected":false},"author":1,"featured_media":46415,"comment_status":"open","ping_status":"open","sticky":false,"template":"","format":"standard","meta":{"fifu_image_url":"","fifu_image_alt":"","footnotes":""},"categories":[58],"tags":[],"class_list":["post-46414","post","type-post","status-publish","format-standard","has-post-thumbnail","hentry","category-cotidiano"],"distributor_meta":false,"distributor_terms":false,"distributor_media":false,"distributor_original_site_name":"Noticias em Destaque","distributor_original_site_url":"https:\/\/noticiasdestaque.com.br","push-errors":false,"_links":{"self":[{"href":"https:\/\/noticiasdestaque.com.br\/index.php\/wp-json\/wp\/v2\/posts\/46414","targetHints":{"allow":["GET"]}}],"collection":[{"href":"https:\/\/noticiasdestaque.com.br\/index.php\/wp-json\/wp\/v2\/posts"}],"about":[{"href":"https:\/\/noticiasdestaque.com.br\/index.php\/wp-json\/wp\/v2\/types\/post"}],"author":[{"embeddable":true,"href":"https:\/\/noticiasdestaque.com.br\/index.php\/wp-json\/wp\/v2\/users\/1"}],"replies":[{"embeddable":true,"href":"https:\/\/noticiasdestaque.com.br\/index.php\/wp-json\/wp\/v2\/comments?post=46414"}],"version-history":[{"count":0,"href":"https:\/\/noticiasdestaque.com.br\/index.php\/wp-json\/wp\/v2\/posts\/46414\/revisions"}],"wp:featuredmedia":[{"embeddable":true,"href":"https:\/\/noticiasdestaque.com.br\/index.php\/wp-json\/wp\/v2\/media\/46415"}],"wp:attachment":[{"href":"https:\/\/noticiasdestaque.com.br\/index.php\/wp-json\/wp\/v2\/media?parent=46414"}],"wp:term":[{"taxonomy":"category","embeddable":true,"href":"https:\/\/noticiasdestaque.com.br\/index.php\/wp-json\/wp\/v2\/categories?post=46414"},{"taxonomy":"post_tag","embeddable":true,"href":"https:\/\/noticiasdestaque.com.br\/index.php\/wp-json\/wp\/v2\/tags?post=46414"}],"curies":[{"name":"wp","href":"https:\/\/api.w.org\/{rel}","templated":true}]}}