{"id":46412,"date":"2025-10-03T18:15:00","date_gmt":"2025-10-03T21:15:00","guid":{"rendered":"https:\/\/noticiasdestaque.com.br\/index.php\/2025\/10\/03\/previsao-do-tempo-alerta-de-ventos-costeiros-e-chuvas-em-partes-do-nordeste-neste-sabado-4\/"},"modified":"2025-10-03T18:15:00","modified_gmt":"2025-10-03T21:15:00","slug":"previsao-do-tempo-alerta-de-ventos-costeiros-e-chuvas-em-partes-do-nordeste-neste-sabado-4","status":"publish","type":"post","link":"https:\/\/noticiasdestaque.com.br\/index.php\/2025\/10\/03\/previsao-do-tempo-alerta-de-ventos-costeiros-e-chuvas-em-partes-do-nordeste-neste-sabado-4\/","title":{"rendered":"PREVIS\u00c3O DO TEMPO: alerta de ventos costeiros e chuvas em partes do Nordeste neste s\u00e1bado (4)"},"content":{"rendered":"<p>\t\t\t\t\t\t\t\t\t\t<audio controls class=\"b61_audio_player\" data-noticia=\"84990\" src=\"https:\/\/brasil61.com\/rails\/active_storage\/blobs\/eyJfcmFpbHMiOnsibWVzc2FnZSI6IkJBaHBBNHVtQXc9PSIsImV4cCI6bnVsbCwicHVyIjoiYmxvYl9pZCJ9fQ==--b4adfb65e25a6284e947862a7673aaffa4d64b81\/PTND254821A\"><\/audio><\/p>\n<p>O s\u00e1bado (4) ser\u00e1 de aten\u00e7\u00e3o para o Nordeste, com alerta de perigo potencial de ventos costeiros para Maranh\u00e3o, Piau\u00ed, Cear\u00e1 e Rio Grande do Norte.<\/p>\n<\/p>\n<p>No Maranh\u00e3o, Piau\u00ed e Cear\u00e1, o dia ser\u00e1 de tempo claro, com poucas nuvens e sem previs\u00e3o significativa de chuva. No Rio Grande do Norte e na Para\u00edba, o c\u00e9u ficar\u00e1 coberto por muitas nuvens ao longo do dia.<\/p>\n<p>Em Pernambuco, chuvas isoladas atingem a regi\u00e3o litor\u00e2nea, incluindo munic\u00edpios como Caruaru, Palmares e a capital, Recife.<\/p>\n<p>J\u00e1 em Alagoas, a faixa baixa do estado ser\u00e1 afetada, com precipita\u00e7\u00f5es em cidades como Paju\u00e7ara, Ponta Verde e Jati\u00faca.<\/p>\n<p>J\u00e1 em Sergipe, o estado ter\u00e1 precipita\u00e7\u00f5es distribu\u00eddas por todo o territ\u00f3rio durante o dia.<\/p>\n<p>Na Bahia, a maior parte das chuvas vai se concentrar na faixa litor\u00e2nea, atingindo munic\u00edpios como Ibicara\u00ed, Potiragu\u00e1, Porto Seguro, Teixeira de Freitas e a capital Salvador.<\/p>\n<p>Entre as capitais, a temperatura m\u00ednima prevista \u00e9 de 22\u00b0C, em Macei\u00f3, Jo\u00e3o Pessoa, Aracaju e Salvador. J\u00e1 a m\u00e1xima deve atingir at\u00e9 38\u00b0C, em Teresina. A umidade relativa do ar varia entre 30% e 100%.<\/p>\n<h2>5 Motivos para saber\u00a0das previs\u00f5es do tempo\u00a0<\/h2>\n<ul>\n<li>Agricultura: garantia de uma boa colheita;<\/li>\n<li>Marinha: prote\u00e7\u00e3o dos marinheiros, dos navios e dos passageiros;<\/li>\n<li>Aeron\u00e1utica: prote\u00e7\u00e3o e seguran\u00e7a dos pilotos, das aeronaves e dos passageiros;<\/li>\n<li>Pesca: condi\u00e7\u00f5es favor\u00e1veis e seguras \u00e0 pesca; e<\/li>\n<li>Turismo: garantia de um passeio e de uma viagem feliz e tranquila.<\/li>\n<\/ul>\n<h2>Import\u00e2ncia das observa\u00e7\u00f5es meteorol\u00f3gicas no INMET<\/h2>\n<p>As observa\u00e7\u00f5es meteorol\u00f3gicas do INMET s\u00e3o essenciais para previs\u00f5es em tempo real, estat\u00edsticas clim\u00e1ticas e coopera\u00e7\u00e3o internacional. Esses dados precisos ajudam a estudar o clima passado e a produzir Normais Climatol\u00f3gicas conforme a Organiza\u00e7\u00e3o Meteorol\u00f3gica Mundial (<a href=\"https:\/\/worldweather.wmo.int\/pt\/home.html\">OMM<\/a>).<\/p>\n<p>As informa\u00e7\u00f5es s\u00e3o do Instituto Nacional de Meteorologia (<a href=\"https:\/\/portal.inmet.gov.br\/\" target=\"_blank\">Inmet<\/a>).<br \/>\n\u00a0<\/p>\n<p>\u00a0<\/p>\n<p>\t\t\t\t\t\t\t\t\t<img loading=\"lazy\" decoding=\"async\" src=\"https:\/\/brasil61.com\/api\/v1\/serve_pixel\/17677\/84990\" alt=\"Pixel Brasil 61\" class=\"b61_pixel\" width=\"0\" height=\"0\"><\/p>\n<input type=\"hidden\" id=\"baseurl\" value=\"https:\/\/noticiasdestaque.com.br\"><input type=\"hidden\" id=\"audio_nonce\" value=\"6a24ca502e\">","protected":false},"excerpt":{"rendered":"<p>Em Pernambuco, chuvas isoladas atingem a regi\u00e3o litor\u00e2nea, incluindo munic\u00edpios como Caruaru, Palmares e a capital, Recife.<\/p>\n","protected":false},"author":1,"featured_media":46413,"comment_status":"open","ping_status":"open","sticky":false,"template":"","format":"standard","meta":{"fifu_image_url":"","fifu_image_alt":"","footnotes":""},"categories":[58],"tags":[],"class_list":["post-46412","post","type-post","status-publish","format-standard","has-post-thumbnail","hentry","category-cotidiano"],"distributor_meta":false,"distributor_terms":false,"distributor_media":false,"distributor_original_site_name":"Noticias em Destaque","distributor_original_site_url":"https:\/\/noticiasdestaque.com.br","push-errors":false,"_links":{"self":[{"href":"https:\/\/noticiasdestaque.com.br\/index.php\/wp-json\/wp\/v2\/posts\/46412","targetHints":{"allow":["GET"]}}],"collection":[{"href":"https:\/\/noticiasdestaque.com.br\/index.php\/wp-json\/wp\/v2\/posts"}],"about":[{"href":"https:\/\/noticiasdestaque.com.br\/index.php\/wp-json\/wp\/v2\/types\/post"}],"author":[{"embeddable":true,"href":"https:\/\/noticiasdestaque.com.br\/index.php\/wp-json\/wp\/v2\/users\/1"}],"replies":[{"embeddable":true,"href":"https:\/\/noticiasdestaque.com.br\/index.php\/wp-json\/wp\/v2\/comments?post=46412"}],"version-history":[{"count":0,"href":"https:\/\/noticiasdestaque.com.br\/index.php\/wp-json\/wp\/v2\/posts\/46412\/revisions"}],"wp:featuredmedia":[{"embeddable":true,"href":"https:\/\/noticiasdestaque.com.br\/index.php\/wp-json\/wp\/v2\/media\/46413"}],"wp:attachment":[{"href":"https:\/\/noticiasdestaque.com.br\/index.php\/wp-json\/wp\/v2\/media?parent=46412"}],"wp:term":[{"taxonomy":"category","embeddable":true,"href":"https:\/\/noticiasdestaque.com.br\/index.php\/wp-json\/wp\/v2\/categories?post=46412"},{"taxonomy":"post_tag","embeddable":true,"href":"https:\/\/noticiasdestaque.com.br\/index.php\/wp-json\/wp\/v2\/tags?post=46412"}],"curies":[{"name":"wp","href":"https:\/\/api.w.org\/{rel}","templated":true}]}}