{"id":46410,"date":"2025-10-03T04:55:00","date_gmt":"2025-10-03T07:55:00","guid":{"rendered":"https:\/\/noticiasdestaque.com.br\/index.php\/2025\/10\/03\/exporta-mais-brasil-chega-a-40a-edicao-com-movimentacao-de-r-665-milhoes-em-expectativa-de-negocios\/"},"modified":"2025-10-03T04:55:00","modified_gmt":"2025-10-03T07:55:00","slug":"exporta-mais-brasil-chega-a-40a-edicao-com-movimentacao-de-r-665-milhoes-em-expectativa-de-negocios","status":"publish","type":"post","link":"https:\/\/noticiasdestaque.com.br\/index.php\/2025\/10\/03\/exporta-mais-brasil-chega-a-40a-edicao-com-movimentacao-de-r-665-milhoes-em-expectativa-de-negocios\/","title":{"rendered":"Exporta Mais Brasil chega \u00e0 40\u00aa edi\u00e7\u00e3o com movimenta\u00e7\u00e3o de R$ 665 milh\u00f5es em expectativa de neg\u00f3cios"},"content":{"rendered":"<p>\t\t\t\t\t\t\t\t\t\t<audio controls class=\"b61_audio_player\" data-noticia=\"84960\" src=\"https:\/\/brasil61.com\/rails\/active_storage\/blobs\/eyJfcmFpbHMiOnsibWVzc2FnZSI6IkJBaHBBeVdsQXc9PSIsImV4cCI6bnVsbCwicHVyIjoiYmxvYl9pZCJ9fQ==--124727b1788227d1b4fe71fc433e3a5781aad77f\/APEX250072A\"><\/audio><\/p>\n<p>Com uma movimenta\u00e7\u00e3o superior a R$ 665 milh\u00f5es em expectativa de neg\u00f3cios, o programa <a href=\"https:\/\/apexbrasil.com.br\/content\/apexbrasil_landingpages\/en\/exporta-mais-brasil.html\" target=\"_blank\">Exporta Mais Brasil<\/a>, da Ag\u00eancia Brasileira de Promo\u00e7\u00e3o de Exporta\u00e7\u00f5es e Investimentos <a href=\"https:\/\/apexbrasil.com.br\/\" target=\"_blank\">(ApexBrasil)<\/a>, chega a 40\u00aa edi\u00e7\u00e3o com o intuito de abrir caminho para pequenos neg\u00f3cios do pa\u00eds chegarem ao exterior, ao promover o contato direto com o comprador estrangeiro.<\/p>\n<p>S\u00f3 em 2025, foram realizadas 11 edi\u00e7\u00f5es da iniciativa. A \u00faltima delas foi em Rio Branco (AC), entre os dias 28 de setembro e 2 de outubro. \u00c0s v\u00e9speras da COP30 &#8211; reuni\u00e3o de c\u00fapula da Conven\u00e7\u00e3o das Na\u00e7\u00f5es Unidas sobre Mudan\u00e7a do Clima, que ocorrer\u00e1, em novembro, em Bel\u00e9m do Par\u00e1 \u2013 a edi\u00e7\u00e3o acreana teve como foco promover produtos compat\u00edveis com a floresta.<\/p>\n<p><a href=\"https:\/\/brasil61.com\/n\/empresas-apoiadas-pela-apexbrasil-alcancaram-us-50-49-bilhoes-em-exportacoes-no-primeiro-semestre-de-2025-apex250071\" target=\"_blank\">Empresas apoiadas pela ApexBrasil alcan\u00e7aram US$ 50,49 bilh\u00f5es em exporta\u00e7\u00f5es no primeiro semestre de 2025<\/a><\/p>\n<p><a href=\"https:\/\/brasil61.com\/n\/mapa-e-apexbrasil-alinham-acoes-para-habilitacoes-de-frigorificos-e-fortalecimento-de-exportacoes-na-regiao-amazonica-mapa250002\" target=\"_blank\">Mapa e ApexBrasil alinham a\u00e7\u00f5es para habilita\u00e7\u00f5es de frigor\u00edficos e fortalecimento de exporta\u00e7\u00f5es na regi\u00e3o amaz\u00f4nica<\/a><\/p>\n<p>O evento contou com a participa\u00e7\u00e3o de mais de 60 empresas brasileiras e 20 compradores internacionais. Para o presidente da Apex Brasil, Jorge Viana, trata-se de uma a\u00e7\u00e3o relevante para incentivar a movimenta\u00e7\u00e3o econ\u00f4mica no pa\u00eds.<\/p>\n<p>\u201cEsse \u00e9 um projeto muito interessante que a gente faz por meio da Apex Brasil, que \u00e9 trazer compradores e oferecer os produtos de empresas que atuam nesse tipo de neg\u00f3cio. Funciona muito bem. Estamos chamando de Exporta Mais Amaz\u00f4nia. Essa regi\u00e3o tem um potencial enorme de crescimento, mas ainda exporta pouco, e o Brasil est\u00e1 voltando a ser moda no mundo\u201d, destaca.<\/p>\n<p>Os compradores vieram de pa\u00edses como China, Bulg\u00e1ria, Indon\u00e9sia, Irlanda, Holanda, Reino Unido, R\u00fassia, Su\u00ed\u00e7a, Col\u00f4mbia, \u00c1frica do Sul, Peru, Chile, Jap\u00e3o, \u00cdndia e Mo\u00e7ambique. Todos eles interessados em produtos como artesanato, madeira sustent\u00e1vel, a\u00e7a\u00ed, castanha-do-brasil, farinha de mandioca, carne su\u00edna e bovina, entre outros.<\/p>\n<p>\u201cN\u00f3s seguimos apoiando as empresas para irem para as feiras, mas trazer os compradores que os nossos escrit\u00f3rios internacionais da ApexBrasil identificam para c\u00e1 faz com que eles se apaixonem pela hist\u00f3ria de cada produto e acabem comprando, aumentando as exporta\u00e7\u00f5es\u201d, pontua Viana.<\/p>\n<h2>Percep\u00e7\u00e3o do empreendedor<\/h2>\n<p>O Exporta Mais Brasil \u00e9 realizado em parceria com o Servi\u00e7o Brasileiro de Apoio \u00e0s Micro e Pequenas Empresas <a href=\"https:\/\/sebrae.com.br\/sites\/PortalSebrae\/\" target=\"_blank\">(Sebrae)<\/a> e conecta empresas brasileiras a compradores internacionais para fazer neg\u00f3cios. Uma dessas companhias \u00e9 a <a href=\"https:\/\/donacucapaodequeijo.com.br\/\" target=\"_blank\">Dona Cuca P\u00e3o de Queijo<\/a> &#8211; empresa fabricante de p\u00e3o de queijo congelado artesanal, com atua\u00e7\u00e3o em Bras\u00edlia (DF), que est\u00e1 no mercado h\u00e1 10 anos.<\/p>\n<p>A propriet\u00e1ria, Andr\u00e9a Ribas, de 59 anos, conta que participou pela primeira vez de rodadas presenciais em Goi\u00e2nia (GO), durante o Exporta Mais Brasil Edi\u00e7\u00e3o alimentos e bebidas industrializadas, que aconteceu no \u00e2mbito da FICOMEX 2025, entre os dias 4 e 6 de setembro. Ela relata que ainda n\u00e3o exporta a mercadoria, mas espera que o apoio oferecido pela Apex Brasil possa contribuir para o envio de seus produtos para outros pa\u00edses.<\/p>\n<p>\u201cA ApexBrasil tem sido um apoio fundamental. Isso \u00e9 uma grande contribui\u00e7\u00e3o para o empresariado brasileiro. N\u00f3s vamos adequar nossos produtos e nossas embalagens e nos preparar para que possamos envi\u00e1-los para outros pa\u00edses. Ouvimos compradores de outras na\u00e7\u00f5es, com outras realidades, e o que eles esperam do nosso produto. N\u00f3s precisamos fazer essa adequa\u00e7\u00e3o para podermos entrar no mercado internacional\u201d, considera.<\/p>\n<p>A iniciativa na capital goiana reuniu 60 empresas brasileiras voltadas para o ramo de alimentos e bebidas industrializadas, al\u00e9m de 12 compradores internacionais, vindos de pa\u00edses como M\u00e9xico, Portugal, Chile, Indon\u00e9sia, Turquia, \u00cdndia, Jord\u00e2nia, Catar, \u00c1frica do Sul e Mo\u00e7ambique.<\/p>\n<p>Na ocasi\u00e3o, foram promovidas 337 reuni\u00f5es de neg\u00f3cios, entre os dias 4 e 6 de setembro, que resultaram em US$ 1,5 milh\u00e3o (R$ 8,08 milh\u00f5es) em neg\u00f3cios imediatos, al\u00e9m de perspectivas de novas parcerias no m\u00e9dio prazo.<\/p>\n<h2>Hist\u00f3rico e perspectivas<\/h2>\n<p>O programa Exporta Mais Brasil teve in\u00edcio em 2023, com edi\u00e7\u00f5es em todas as regi\u00f5es do pa\u00eds. No total, 1,2 mil empresas e 392 compradores estrangeiros participaram dos eventos. Desde o in\u00edcio do programa, mais de 8 mil reuni\u00f5es j\u00e1 foram realizadas.<\/p>\n<p>Ainda em 2025, a expectativa \u00e9 de que mais duas edi\u00e7\u00f5es do Exporta Mais Brasil sejam realizadas. Uma delas ser\u00e1 voltada para o segmento de caf\u00e9s especiais, prevista para o per\u00edodo de 2 a 14 de novembro, com diversas sess\u00f5es de degusta\u00e7\u00e3o nos estados do Acre, Minas Gerais e Esp\u00edrito Santo. A outra ser\u00e1 voltada para cooperativas, e ser\u00e1 realizada em dezembro. As inscri\u00e7\u00f5es ser\u00e3o divulgadas nos pr\u00f3ximos dias, no site da ApexBrasil.<br \/>\n\u00a0<\/p>\n<p>\t\t\t\t\t\t\t\t\t<img loading=\"lazy\" decoding=\"async\" src=\"https:\/\/brasil61.com\/api\/v1\/serve_pixel\/17677\/84960\" alt=\"Pixel Brasil 61\" class=\"b61_pixel\" width=\"0\" height=\"0\"><\/p>\n<input type=\"hidden\" id=\"baseurl\" value=\"https:\/\/noticiasdestaque.com.br\"><input type=\"hidden\" id=\"audio_nonce\" value=\"6a24ca502e\">","protected":false},"excerpt":{"rendered":"<p>O programa da ApexBrasil teve in\u00edcio em 2023. Ao todo, 1,2 mil empresas e 392 compradores estrangeiros participaram dos eventos, realizados em todas as regi\u00f5es do Brasil<\/p>\n","protected":false},"author":1,"featured_media":46411,"comment_status":"open","ping_status":"open","sticky":false,"template":"","format":"standard","meta":{"fifu_image_url":"","fifu_image_alt":"","footnotes":""},"categories":[59],"tags":[],"class_list":["post-46410","post","type-post","status-publish","format-standard","has-post-thumbnail","hentry","category-economia"],"distributor_meta":false,"distributor_terms":false,"distributor_media":false,"distributor_original_site_name":"Noticias em Destaque","distributor_original_site_url":"https:\/\/noticiasdestaque.com.br","push-errors":false,"_links":{"self":[{"href":"https:\/\/noticiasdestaque.com.br\/index.php\/wp-json\/wp\/v2\/posts\/46410","targetHints":{"allow":["GET"]}}],"collection":[{"href":"https:\/\/noticiasdestaque.com.br\/index.php\/wp-json\/wp\/v2\/posts"}],"about":[{"href":"https:\/\/noticiasdestaque.com.br\/index.php\/wp-json\/wp\/v2\/types\/post"}],"author":[{"embeddable":true,"href":"https:\/\/noticiasdestaque.com.br\/index.php\/wp-json\/wp\/v2\/users\/1"}],"replies":[{"embeddable":true,"href":"https:\/\/noticiasdestaque.com.br\/index.php\/wp-json\/wp\/v2\/comments?post=46410"}],"version-history":[{"count":0,"href":"https:\/\/noticiasdestaque.com.br\/index.php\/wp-json\/wp\/v2\/posts\/46410\/revisions"}],"wp:featuredmedia":[{"embeddable":true,"href":"https:\/\/noticiasdestaque.com.br\/index.php\/wp-json\/wp\/v2\/media\/46411"}],"wp:attachment":[{"href":"https:\/\/noticiasdestaque.com.br\/index.php\/wp-json\/wp\/v2\/media?parent=46410"}],"wp:term":[{"taxonomy":"category","embeddable":true,"href":"https:\/\/noticiasdestaque.com.br\/index.php\/wp-json\/wp\/v2\/categories?post=46410"},{"taxonomy":"post_tag","embeddable":true,"href":"https:\/\/noticiasdestaque.com.br\/index.php\/wp-json\/wp\/v2\/tags?post=46410"}],"curies":[{"name":"wp","href":"https:\/\/api.w.org\/{rel}","templated":true}]}}