{"id":46396,"date":"2025-10-03T04:20:00","date_gmt":"2025-10-03T07:20:00","guid":{"rendered":"https:\/\/noticiasdestaque.com.br\/index.php\/2025\/10\/03\/isencao-do-ir-ate-r-5-mil-alivia-classe-media-mas-acende-alerta-fiscal\/"},"modified":"2025-10-03T04:20:00","modified_gmt":"2025-10-03T07:20:00","slug":"isencao-do-ir-ate-r-5-mil-alivia-classe-media-mas-acende-alerta-fiscal","status":"publish","type":"post","link":"https:\/\/noticiasdestaque.com.br\/index.php\/2025\/10\/03\/isencao-do-ir-ate-r-5-mil-alivia-classe-media-mas-acende-alerta-fiscal\/","title":{"rendered":"Isen\u00e7\u00e3o do IR at\u00e9 R$ 5 mil alivia classe m\u00e9dia, mas acende alerta fiscal"},"content":{"rendered":"<p>\t\t\t\t\t\t\t\t\t\t<audio controls class=\"b61_audio_player\" data-noticia=\"84962\" src=\"https:\/\/brasil61.com\/rails\/active_storage\/blobs\/eyJfcmFpbHMiOnsibWVzc2FnZSI6IkJBaHBBNUdsQXc9PSIsImV4cCI6bnVsbCwicHVyIjoiYmxvYl9pZCJ9fQ==--6b8540313eae58d5534f0683e01488bd61ae84dd\/BRAS2514840A\"><\/audio><\/p>\n<p>A <strong><a href=\"http:\/\/brasil61.com\/n\/camara-aprova-isencao-de-ir-para-salarios-ate-r-5-mil-veja-o-que-muda-bras2514839\">mudan\u00e7a nas regras do Imposto de Renda<\/a> foi avaliada como hist\u00f3rica por especialistas<\/strong>. Para o advogado tributarista e contador Gabriel Santana Vieira, a proposta representa um al\u00edvio direto para milh\u00f5es de brasileiros.<\/p>\n<p>\u201c<strong>Para quem ganha at\u00e9 R$ 5 mil, o benef\u00edcio \u00e9 imediato e direto: n\u00e3o pagar\u00e1 mais nada de Imposto de Renda<\/strong>. Todo o valor recebido ficar\u00e1 dispon\u00edvel no sal\u00e1rio l\u00edquido, o que significa mais poder de compra e maior capacidade de organiza\u00e7\u00e3o financeira.\u201d<\/p>\n<p>O <strong>projeto tamb\u00e9m traz benef\u00edcios para outra faixa salarial<\/strong>. \u201cJ\u00e1 para quem est\u00e1 na <strong>faixa entre R$ 5 mil e R$ 7 mil<\/strong>, o projeto tamb\u00e9m traz vantagens importantes. Foi criada uma f\u00f3rmula de desconto que reduz significativamente o valor do imposto retido na fonte. Na pr\u00e1tica, mesmo que a pessoa continue pagando, esse valor ser\u00e1 menor, garantindo um sal\u00e1rio l\u00edquido mais alto ao final do m\u00eas. <strong>\u00c9 um avan\u00e7o que beneficia n\u00e3o apenas quem ganha menos, mas tamb\u00e9m a classe m\u00e9dia, que h\u00e1 muito tempo pedia um respiro tribut\u00e1rio<\/strong>\u201d, afirma.<\/p>\n<h2>Alerta para poss\u00edvel desequil\u00edbrio fiscal\u00a0<\/h2>\n<p>Apesar do alivio para a faixa da popula\u00e7\u00e3o que ganha at\u00e9 R$ 5 mil, a <strong>mudan\u00e7a desperta preocupa\u00e7\u00f5es sobre os efeitos na arrecada\u00e7\u00e3o p\u00fablica e o risco de desequil\u00edbrio fiscal no curto prazo<\/strong>. O advogado tributarista Marco Ant\u00f4nio Ruzene, <strong>chama aten\u00e7\u00e3o para os impactos fiscais da medida<\/strong>. \u201cO projeto implica em uma ren\u00fancia fiscal e representa uma perda relevante de arrecada\u00e7\u00e3o.\u201d<\/p>\n<p>Ruzene destaca que entre as medidas compensat\u00f3rias est\u00e3o a tributa\u00e7\u00e3o de 10% sobre os lucros distribu\u00eddos acima de R$ 50 mil por m\u00eas e dos rendimentos acima de R$ 600 mil por ano.\u00a0<\/p>\n<p>\u201cPor\u00e9m, diante do proposto escalonamento da cobran\u00e7a desses tributos, com in\u00edcio apenas em 2026 para os dividendos, parte dessa receita compensat\u00f3ria ser\u00e1 adiada, o que pode gerar um desequil\u00edbrio tempor\u00e1rio. Portanto, a compensa\u00e7\u00e3o precisa ser suficiente no m\u00e9dio prazo, mas, no curto prazo, pode ocorrer um pequeno desequil\u00edbrio na arrecada\u00e7\u00e3o.\u201d<\/p>\n<p>Na pr\u00e1tica, o Projeto de Lei 1.087\/2025 <strong>eleva a faixa de isen\u00e7\u00e3o do IR para sal\u00e1rios de at\u00e9 R$ 5 mil,<\/strong> cria <strong>desconto especial para rendimentos de at\u00e9 R$ 7.350<\/strong> e prev\u00ea t<strong>ributa\u00e7\u00e3o extra sobre lucros, dividendos e rendas anuais acima de R$ 600 mil<\/strong>.<\/p>\n<h2>Impacto fiscal e compensa\u00e7\u00e3o<\/h2>\n<p>A medida representa uma ren\u00fancia fiscal de aproximadamente R$ 25,8 bilh\u00f5es aos cofres p\u00fablicos em 2026. Para equilibrar a arrecada\u00e7\u00e3o, o projeto cria uma nova taxa\u00e7\u00e3o sobre os super-ricos:<\/p>\n<ul>\n<li>Tributa\u00e7\u00e3o extra: incidir\u00e1 sobre rendimentos tribut\u00e1veis acima de R$ 600 mil ao ano.<\/li>\n<li>Al\u00edquota progressiva: chegar\u00e1 a at\u00e9 10% para contribuintes com ganhos acima de R$ 1,2 milh\u00e3o anuais.<\/li>\n<li>Quem ser\u00e1 afetado: cerca de 140 mil pessoas (0,13% dos declarantes), que atualmente pagam, em m\u00e9dia, apenas 2,5% de IR.<\/li>\n<\/ul>\n<p>De acordo com o relator, deputado Arthur Lira (PP-AL), <strong>a taxa\u00e7\u00e3o das altas rendas deve gerar R$ 12,7 bilh\u00f5es em recursos at\u00e9 2027,<\/strong> valores que ser\u00e3o destinados a compensar parte da redu\u00e7\u00e3o da Contribui\u00e7\u00e3o sobre Bens e Servi\u00e7os (CBS), prevista na Reforma Tribut\u00e1ria.<\/p>\n<h2>O que muda na pr\u00e1tica<\/h2>\n<ul>\n<li>Isen\u00e7\u00e3o ampliada: atualmente, s\u00e3o isentos os trabalhadores que ganham at\u00e9 R$ 3.036 mensais. O novo projeto eleva esse limite para R$ 5 mil a partir de 2026.<\/li>\n<li>Faixa intermedi\u00e1ria: para quem recebe entre R$ 5.000,01 e R$ 7.350, o desconto ser\u00e1 de R$ 978,62, reduzindo o valor devido.<\/li>\n<li>13\u00ba sal\u00e1rio: o benef\u00edcio tamb\u00e9m ser\u00e1 aplicado ao pagamento de fim de ano, que possui tributa\u00e7\u00e3o exclusiva na fonte.<\/li>\n<li>Declara\u00e7\u00e3o anual: o desconto valer\u00e1 tanto para quem optar pela declara\u00e7\u00e3o completa quanto pelo modelo simplificado, cujo abatimento foi reajustado de R$ 16.754,34 para R$ 17.640,00.<\/li>\n<\/ul>\n<p>Segundo estimativas do governo, mais de 26,6 milh\u00f5es de brasileiros ser\u00e3o beneficiados com a nova faixa de isen\u00e7\u00e3o.<\/p>\n<h2>Lucros e dividendos<\/h2>\n<p>Outra mudan\u00e7a importante est\u00e1 na distribui\u00e7\u00e3o de lucros e dividendos:<\/p>\n<ul>\n<li>Valores superiores a R$ 50 mil por m\u00eas repassados a uma mesma pessoa f\u00edsica ficar\u00e3o sujeitos \u00e0 reten\u00e7\u00e3o na fonte de 10%.<\/li>\n<li>Est\u00e3o isentos os resultados apurados at\u00e9 o ano-calend\u00e1rio de 2025, desde que aprovados para distribui\u00e7\u00e3o at\u00e9 31 de dezembro de 2025.<\/li>\n<li>Tamb\u00e9m foram exclu\u00eddas da base de c\u00e1lculo algumas receitas de cart\u00f3rios repassadas ao Judici\u00e1rio.<\/li>\n<\/ul>\n<h2>Pr\u00f3ximos passos<\/h2>\n<p>O projeto aprovado determina ainda que o governo federal apresente, no prazo de um ano, uma pol\u00edtica de atualiza\u00e7\u00e3o da tabela do Imposto de Renda, para evitar defasagens futuras.<\/p>\n<p>Agora, o texto segue para o Senado Federal, onde precisa ser aprovado antes de ser sancionado pelo presidente Lula.<\/p>\n<p><strong><u>VEJA MAIS:<\/u>\u00a0<\/strong><\/p>\n<ul>\n<li><a href=\"https:\/\/brasil61.com\/n\/reforma-tributaria-confira-os-principais-pontos-do-texto-aprovado-pelo-senado-bras2514836#:~:text=Criado%20pela%20reforma%20tribut%C3%A1ria%20para,texto%20aprovado%20pelos%20deputados%20federais.\">Reforma tribut\u00e1ria: confira os principais pontos do texto aprovado pelo Senado<\/a><\/li>\n<\/ul>\n<p>\t\t\t\t\t\t\t\t\t<img loading=\"lazy\" decoding=\"async\" src=\"https:\/\/brasil61.com\/api\/v1\/serve_pixel\/17677\/84962\" alt=\"Pixel Brasil 61\" class=\"b61_pixel\" width=\"0\" height=\"0\"><\/p>\n<input type=\"hidden\" id=\"baseurl\" value=\"https:\/\/noticiasdestaque.com.br\"><input type=\"hidden\" id=\"audio_nonce\" value=\"6a24ca502e\">","protected":false},"excerpt":{"rendered":"<p>A avalia\u00e7\u00e3o \u00e9 de especialistas ouvidos pelo Brasil 61. Projeto aprovado na C\u00e2mara deve alcan\u00e7ar 26,6 milh\u00f5es de brasileiros e ter\u00e1 compensa\u00e7\u00e3o com taxa\u00e7\u00e3o de altas rendas<\/p>\n","protected":false},"author":1,"featured_media":46397,"comment_status":"open","ping_status":"open","sticky":false,"template":"","format":"standard","meta":{"fifu_image_url":"","fifu_image_alt":"","footnotes":""},"categories":[59],"tags":[],"class_list":["post-46396","post","type-post","status-publish","format-standard","has-post-thumbnail","hentry","category-economia"],"distributor_meta":false,"distributor_terms":false,"distributor_media":false,"distributor_original_site_name":"Noticias em Destaque","distributor_original_site_url":"https:\/\/noticiasdestaque.com.br","push-errors":false,"_links":{"self":[{"href":"https:\/\/noticiasdestaque.com.br\/index.php\/wp-json\/wp\/v2\/posts\/46396","targetHints":{"allow":["GET"]}}],"collection":[{"href":"https:\/\/noticiasdestaque.com.br\/index.php\/wp-json\/wp\/v2\/posts"}],"about":[{"href":"https:\/\/noticiasdestaque.com.br\/index.php\/wp-json\/wp\/v2\/types\/post"}],"author":[{"embeddable":true,"href":"https:\/\/noticiasdestaque.com.br\/index.php\/wp-json\/wp\/v2\/users\/1"}],"replies":[{"embeddable":true,"href":"https:\/\/noticiasdestaque.com.br\/index.php\/wp-json\/wp\/v2\/comments?post=46396"}],"version-history":[{"count":0,"href":"https:\/\/noticiasdestaque.com.br\/index.php\/wp-json\/wp\/v2\/posts\/46396\/revisions"}],"wp:featuredmedia":[{"embeddable":true,"href":"https:\/\/noticiasdestaque.com.br\/index.php\/wp-json\/wp\/v2\/media\/46397"}],"wp:attachment":[{"href":"https:\/\/noticiasdestaque.com.br\/index.php\/wp-json\/wp\/v2\/media?parent=46396"}],"wp:term":[{"taxonomy":"category","embeddable":true,"href":"https:\/\/noticiasdestaque.com.br\/index.php\/wp-json\/wp\/v2\/categories?post=46396"},{"taxonomy":"post_tag","embeddable":true,"href":"https:\/\/noticiasdestaque.com.br\/index.php\/wp-json\/wp\/v2\/tags?post=46396"}],"curies":[{"name":"wp","href":"https:\/\/api.w.org\/{rel}","templated":true}]}}