{"id":46386,"date":"2025-10-02T20:10:00","date_gmt":"2025-10-02T23:10:00","guid":{"rendered":"https:\/\/noticiasdestaque.com.br\/index.php\/2025\/10\/02\/previsao-do-tempo-sudeste-tem-alerta-de-ventos-costeiros-no-rio-e-baixa-umidade-em-sao-paulo-e-belo-horizonte-nesta-sexta-feira-3\/"},"modified":"2025-10-02T20:10:00","modified_gmt":"2025-10-02T23:10:00","slug":"previsao-do-tempo-sudeste-tem-alerta-de-ventos-costeiros-no-rio-e-baixa-umidade-em-sao-paulo-e-belo-horizonte-nesta-sexta-feira-3","status":"publish","type":"post","link":"https:\/\/noticiasdestaque.com.br\/index.php\/2025\/10\/02\/previsao-do-tempo-sudeste-tem-alerta-de-ventos-costeiros-no-rio-e-baixa-umidade-em-sao-paulo-e-belo-horizonte-nesta-sexta-feira-3\/","title":{"rendered":"PREVIS\u00c3O DO TEMPO:  Sudeste tem alerta de ventos costeiros no Rio e baixa umidade em S\u00e3o Paulo e Belo Horizonte nesta sexta-feira (3)"},"content":{"rendered":"<p>\t\t\t\t\t\t\t\t\t\t<audio controls class=\"b61_audio_player\" data-noticia=\"84971\" src=\"https:\/\/brasil61.com\/rails\/active_storage\/blobs\/eyJfcmFpbHMiOnsibWVzc2FnZSI6IkJBaHBBNUNsQXc9PSIsImV4cCI6bnVsbCwicHVyIjoiYmxvYl9pZCJ9fQ==--a5f27d8c19d64b5f07069b3de67a3801bbfdd6d0\/PTSD254208A\"><\/audio><\/p>\n<p>O Instituto Nacional de Meteorologia (Inmet) emitiu alerta de ventos costeiros para o litoral do Rio de Janeiro e de baixa umidade para S\u00e3o Paulo e Belo Horizonte.<\/p>\n<\/p>\n<p>No estado do Rio, a previs\u00e3o indica manh\u00e3 de tempo claro. \u00c0 tarde, uma pequena faixa do norte fluminense deve registrar chuvas, atingindo munic\u00edpios como S\u00e3o Jo\u00e3o da Barra e S\u00e3o Francisco de Itabapoana.<\/p>\n<p>Em S\u00e3o Paulo, o tempo deve ser inst\u00e1vel, com nuvens predominando em grande parte do estado. No entanto, a regi\u00e3o sudoeste pode ter pancadas de chuva, especialmente em cidades como Itapetininga, Itapeva e Itaber\u00e1.<\/p>\n<p>J\u00e1 em Minas Gerais, a expectativa \u00e9 de tempo claro, com varia\u00e7\u00e3o entre poucas e muitas nuvens. No Esp\u00edrito Santo, h\u00e1 possibilidade de chuvas isoladas do nordeste at\u00e9 o centro-sul do estado, alcan\u00e7ando munic\u00edpios como Pinheiros, S\u00e3o Mateus, Domingos Martins, Castelo e tamb\u00e9m a capital, Vit\u00f3ria.<\/p>\n<p>Entre as capitais, a temperatura m\u00ednima prevista \u00e9 de 14\u00b0C,em Belo Horizonte. J\u00e1 a m\u00e1xima pode chegar at\u00e9 30\u00b0C, em Belo Horizonte e Rio de Janeiro. A \u00a0umidade relativa do ar varia entre \u00a025% e 100%.<\/p>\n<h2>5 Motivos para saber das previs\u00f5es do tempo \u00a0<\/h2>\n<ul>\n<li>Agricultura: garantia de uma boa colheita;<\/li>\n<li>Marinha: prote\u00e7\u00e3o dos marinheiros, dos navios e dos passageiros;<\/li>\n<li>Aeron\u00e1utica: prote\u00e7\u00e3o e seguran\u00e7a dos pilotos, das aeronaves e dos passageiros;<\/li>\n<li>Pesca: condi\u00e7\u00f5es favor\u00e1veis e seguras \u00e0 pesca; e<\/li>\n<li>Turismo: garantia de um passeio e de uma viagem feliz e tranquila.<\/li>\n<\/ul>\n<h2>Import\u00e2ncia das observa\u00e7\u00f5es meteorol\u00f3gicas no INMET<\/h2>\n<p>As observa\u00e7\u00f5es meteorol\u00f3gicas do INMET s\u00e3o essenciais para previs\u00f5es em tempo real, estat\u00edsticas clim\u00e1ticas e coopera\u00e7\u00e3o internacional. Esses dados precisos ajudam a estudar o clima passado e a produzir Normais Climatol\u00f3gicas conforme a Organiza\u00e7\u00e3o Meteorol\u00f3gica Mundial (<a href=\"https:\/\/worldweather.wmo.int\/pt\/home.html\" target=\"_blank\">OMM<\/a>).<\/p>\n<p>As informa\u00e7\u00f5es s\u00e3o do Instituto Nacional de Meteorologia (<a href=\"https:\/\/portal.inmet.gov.br\/\" target=\"_blank\">Inmet<\/a>).<br \/>\n\u00a0<\/p>\n<p>\t\t\t\t\t\t\t\t\t<img loading=\"lazy\" decoding=\"async\" src=\"https:\/\/brasil61.com\/api\/v1\/serve_pixel\/17677\/84971\" alt=\"Pixel Brasil 61\" class=\"b61_pixel\" width=\"0\" height=\"0\"><\/p>\n<input type=\"hidden\" id=\"baseurl\" value=\"https:\/\/noticiasdestaque.com.br\"><input type=\"hidden\" id=\"audio_nonce\" value=\"6a24ca502e\">","protected":false},"excerpt":{"rendered":"<p>Em S\u00e3o Paulo, o tempo deve ser inst\u00e1vel, com nuvens predominando em grande parte do estado. No entanto, a regi\u00e3o sudoeste pode ter pancadas de chuva, especialmente em cidades como Itapetininga, Itapeva e Itaber\u00e1<\/p>\n","protected":false},"author":1,"featured_media":46387,"comment_status":"open","ping_status":"open","sticky":false,"template":"","format":"standard","meta":{"fifu_image_url":"","fifu_image_alt":"","footnotes":""},"categories":[58],"tags":[],"class_list":["post-46386","post","type-post","status-publish","format-standard","has-post-thumbnail","hentry","category-cotidiano"],"distributor_meta":false,"distributor_terms":false,"distributor_media":false,"distributor_original_site_name":"Noticias em Destaque","distributor_original_site_url":"https:\/\/noticiasdestaque.com.br","push-errors":false,"_links":{"self":[{"href":"https:\/\/noticiasdestaque.com.br\/index.php\/wp-json\/wp\/v2\/posts\/46386","targetHints":{"allow":["GET"]}}],"collection":[{"href":"https:\/\/noticiasdestaque.com.br\/index.php\/wp-json\/wp\/v2\/posts"}],"about":[{"href":"https:\/\/noticiasdestaque.com.br\/index.php\/wp-json\/wp\/v2\/types\/post"}],"author":[{"embeddable":true,"href":"https:\/\/noticiasdestaque.com.br\/index.php\/wp-json\/wp\/v2\/users\/1"}],"replies":[{"embeddable":true,"href":"https:\/\/noticiasdestaque.com.br\/index.php\/wp-json\/wp\/v2\/comments?post=46386"}],"version-history":[{"count":0,"href":"https:\/\/noticiasdestaque.com.br\/index.php\/wp-json\/wp\/v2\/posts\/46386\/revisions"}],"wp:featuredmedia":[{"embeddable":true,"href":"https:\/\/noticiasdestaque.com.br\/index.php\/wp-json\/wp\/v2\/media\/46387"}],"wp:attachment":[{"href":"https:\/\/noticiasdestaque.com.br\/index.php\/wp-json\/wp\/v2\/media?parent=46386"}],"wp:term":[{"taxonomy":"category","embeddable":true,"href":"https:\/\/noticiasdestaque.com.br\/index.php\/wp-json\/wp\/v2\/categories?post=46386"},{"taxonomy":"post_tag","embeddable":true,"href":"https:\/\/noticiasdestaque.com.br\/index.php\/wp-json\/wp\/v2\/tags?post=46386"}],"curies":[{"name":"wp","href":"https:\/\/api.w.org\/{rel}","templated":true}]}}