{"id":46384,"date":"2025-10-02T20:10:00","date_gmt":"2025-10-02T23:10:00","guid":{"rendered":"https:\/\/noticiasdestaque.com.br\/index.php\/2025\/10\/02\/previsao-do-tempo-nesta-sexta-feira-3-chuvas-intensas-chegam-no-norte-do-brasil-acre-amazonas-e-rondonia-estao-sob-alerta\/"},"modified":"2025-10-02T20:10:00","modified_gmt":"2025-10-02T23:10:00","slug":"previsao-do-tempo-nesta-sexta-feira-3-chuvas-intensas-chegam-no-norte-do-brasil-acre-amazonas-e-rondonia-estao-sob-alerta","status":"publish","type":"post","link":"https:\/\/noticiasdestaque.com.br\/index.php\/2025\/10\/02\/previsao-do-tempo-nesta-sexta-feira-3-chuvas-intensas-chegam-no-norte-do-brasil-acre-amazonas-e-rondonia-estao-sob-alerta\/","title":{"rendered":"PREVIS\u00c3O DO TEMPO: nesta sexta-feira (3) chuvas intensas chegam no Norte do Brasil;  Acre, Amazonas e Rond\u00f4nia est\u00e3o sob alerta"},"content":{"rendered":"<p>\t\t\t\t\t\t\t\t\t\t<audio controls class=\"b61_audio_player\" data-noticia=\"84970\" src=\"https:\/\/brasil61.com\/rails\/active_storage\/blobs\/eyJfcmFpbHMiOnsibWVzc2FnZSI6IkJBaHBBNCtsQXc9PSIsImV4cCI6bnVsbCwicHVyIjoiYmxvYl9pZCJ9fQ==--583e67152aa44caa43852efa3e0c90bb3a268537\/PTRN254569A\"><\/audio><\/p>\n<p>O Instituto Nacional de Meteorologia (Inmet) emitiu alerta de tempestades para Amazonas, Acre e Rond\u00f4nia.<\/p>\n<\/p>\n<p>No Acre, a manh\u00e3 ter\u00e1 chuvas intensas nos munic\u00edpios de Feij\u00f3, Santa Rosa do Purus e Sena Madureira. Durante a tarde, a tempestade se intensifica em todo o estado.<\/p>\n<p>No Amazonas e em Rond\u00f4nia, a previs\u00e3o \u00e9 de chuva ao longo de todo o dia. Roraima tamb\u00e9m deve registrar precipita\u00e7\u00f5es na maior parte da regi\u00e3o.<\/p>\n<p>No Par\u00e1, a faixa sudoeste, que inclui Altamira e S\u00e3o F\u00e9lix do Xingu, ter\u00e1 manh\u00e3 sem chuvas, mas as precipita\u00e7\u00f5es aumentam no per\u00edodo da tarde.<\/p>\n<p>J\u00e1 no Amap\u00e1, de Oiapoque a Vit\u00f3ria do Jari, a previs\u00e3o indica muitas nuvens com chuvas isoladas.<\/p>\n<p>Em Tocantins, a maior parte do estado ter\u00e1 tempo claro. Apenas munic\u00edpios como S\u00edtio Novo, Araguatins e S\u00e3o Bento do Tocantins podem registrar chuvas isoladas.<\/p>\n<p>Entre as capitais, a temperatura m\u00ednima prevista \u00e9 de 22\u00b0C, em Rio Branco. J\u00e1 a m\u00e1xima pode chegar a 39\u00b0C, em Palmas. A umidade relativa do ar varia entre 15% e 100%.<\/p>\n<h2>5 Motivos para saber das previs\u00f5es do tempo \u00a0<\/h2>\n<ul>\n<li>Agricultura: garantia de uma boa colheita;<\/li>\n<li>Marinha: prote\u00e7\u00e3o dos marinheiros, dos navios e dos passageiros;<\/li>\n<li>Aeron\u00e1utica: prote\u00e7\u00e3o e seguran\u00e7a dos pilotos, das aeronaves e dos passageiros;<\/li>\n<li>Pesca: condi\u00e7\u00f5es favor\u00e1veis e seguras \u00e0 pesca; e<\/li>\n<li>Turismo: garantia de um passeio e de uma viagem feliz e tranquila.<\/li>\n<\/ul>\n<h2>Import\u00e2ncia das observa\u00e7\u00f5es meteorol\u00f3gicas no INMET<\/h2>\n<p>As observa\u00e7\u00f5es meteorol\u00f3gicas do INMET s\u00e3o essenciais para previs\u00f5es em tempo real, estat\u00edsticas clim\u00e1ticas e coopera\u00e7\u00e3o internacional. Esses dados precisos ajudam a estudar o clima passado e a produzir Normais Climatol\u00f3gicas conforme a Organiza\u00e7\u00e3o Meteorol\u00f3gica Mundial (<a href=\"https:\/\/worldweather.wmo.int\/pt\/home.html\" target=\"_blank\">OMM<\/a>).<\/p>\n<p>As informa\u00e7\u00f5es s\u00e3o do Instituto Nacional de Meteorologia (<a href=\"https:\/\/portal.inmet.gov.br\/\" target=\"_blank\">Inmet<\/a>).<br \/>\n\u00a0<\/p>\n<p>\t\t\t\t\t\t\t\t\t<img loading=\"lazy\" decoding=\"async\" src=\"https:\/\/brasil61.com\/api\/v1\/serve_pixel\/17677\/84970\" alt=\"Pixel Brasil 61\" class=\"b61_pixel\" width=\"0\" height=\"0\"><\/p>\n<input type=\"hidden\" id=\"baseurl\" value=\"https:\/\/noticiasdestaque.com.br\"><input type=\"hidden\" id=\"audio_nonce\" value=\"6a24ca502e\">","protected":false},"excerpt":{"rendered":"<p>No Par\u00e1, a faixa sudoeste, que inclui Altamira e S\u00e3o F\u00e9lix do Xingu, ter\u00e1 manh\u00e3 sem chuvas, mas as precipita\u00e7\u00f5es aumentam no per\u00edodo da tarde<\/p>\n","protected":false},"author":1,"featured_media":46385,"comment_status":"open","ping_status":"open","sticky":false,"template":"","format":"standard","meta":{"fifu_image_url":"","fifu_image_alt":"","footnotes":""},"categories":[58],"tags":[],"class_list":["post-46384","post","type-post","status-publish","format-standard","has-post-thumbnail","hentry","category-cotidiano"],"distributor_meta":false,"distributor_terms":false,"distributor_media":false,"distributor_original_site_name":"Noticias em Destaque","distributor_original_site_url":"https:\/\/noticiasdestaque.com.br","push-errors":false,"_links":{"self":[{"href":"https:\/\/noticiasdestaque.com.br\/index.php\/wp-json\/wp\/v2\/posts\/46384","targetHints":{"allow":["GET"]}}],"collection":[{"href":"https:\/\/noticiasdestaque.com.br\/index.php\/wp-json\/wp\/v2\/posts"}],"about":[{"href":"https:\/\/noticiasdestaque.com.br\/index.php\/wp-json\/wp\/v2\/types\/post"}],"author":[{"embeddable":true,"href":"https:\/\/noticiasdestaque.com.br\/index.php\/wp-json\/wp\/v2\/users\/1"}],"replies":[{"embeddable":true,"href":"https:\/\/noticiasdestaque.com.br\/index.php\/wp-json\/wp\/v2\/comments?post=46384"}],"version-history":[{"count":0,"href":"https:\/\/noticiasdestaque.com.br\/index.php\/wp-json\/wp\/v2\/posts\/46384\/revisions"}],"wp:featuredmedia":[{"embeddable":true,"href":"https:\/\/noticiasdestaque.com.br\/index.php\/wp-json\/wp\/v2\/media\/46385"}],"wp:attachment":[{"href":"https:\/\/noticiasdestaque.com.br\/index.php\/wp-json\/wp\/v2\/media?parent=46384"}],"wp:term":[{"taxonomy":"category","embeddable":true,"href":"https:\/\/noticiasdestaque.com.br\/index.php\/wp-json\/wp\/v2\/categories?post=46384"},{"taxonomy":"post_tag","embeddable":true,"href":"https:\/\/noticiasdestaque.com.br\/index.php\/wp-json\/wp\/v2\/tags?post=46384"}],"curies":[{"name":"wp","href":"https:\/\/api.w.org\/{rel}","templated":true}]}}