{"id":46378,"date":"2025-10-02T20:05:00","date_gmt":"2025-10-02T23:05:00","guid":{"rendered":"https:\/\/noticiasdestaque.com.br\/index.php\/2025\/10\/02\/previsao-do-tempo-alerta-de-baixa-umidade-e-chuvas-isoladas-chegam-no-nordeste-nesta-sexta-feira-3\/"},"modified":"2025-10-02T20:05:00","modified_gmt":"2025-10-02T23:05:00","slug":"previsao-do-tempo-alerta-de-baixa-umidade-e-chuvas-isoladas-chegam-no-nordeste-nesta-sexta-feira-3","status":"publish","type":"post","link":"https:\/\/noticiasdestaque.com.br\/index.php\/2025\/10\/02\/previsao-do-tempo-alerta-de-baixa-umidade-e-chuvas-isoladas-chegam-no-nordeste-nesta-sexta-feira-3\/","title":{"rendered":"PREVIS\u00c3O DO TEMPO: alerta de baixa umidade e chuvas isoladas chegam no nordeste nesta sexta-feira (3)"},"content":{"rendered":"<p>\t\t\t\t\t\t\t\t\t\t<audio controls class=\"b61_audio_player\" data-noticia=\"84969\" src=\"https:\/\/brasil61.com\/rails\/active_storage\/blobs\/eyJfcmFpbHMiOnsibWVzc2FnZSI6IkJBaHBBNDJsQXc9PSIsImV4cCI6bnVsbCwicHVyIjoiYmxvYl9pZCJ9fQ==--6cde47fe5ecab2982eb363863a73d86a01e29524\/PTND254820A\"><\/audio><\/p>\n<p>O Instituto Nacional de Meteorologia emitiu alerta de baixa umidade e eventos costeiros para o Cear\u00e1 e o Rio Grande do Norte. A baixa umidade tamb\u00e9m atinge Maranh\u00e3o, Para\u00edba, Pernambuco e, principalmente, o Piau\u00ed, que est\u00e1 sob perigo intenso.<\/p>\n<\/p>\n<p>No Cear\u00e1, Alagoas e Pernambuco, o dia ser\u00e1 est\u00e1vel, com poucas nuvens.<\/p>\n<p>No Maranh\u00e3o, muitas nuvens com possibilidade de chuva isolada podem atingir o oeste e o centro do estado, incluindo munic\u00edpios como S\u00e3o Jo\u00e3o do Car\u00fa, Bom Jesus das Selvas, Vitorino Freire e Barra do Corda.<\/p>\n<p>O Piau\u00ed enfrentar\u00e1 um dia de seca, mas uma pequena faixa no norte, onde est\u00e1 localizada a cidade de Parna\u00edba, pode registrar chuvas isoladas.<\/p>\n<p>No Rio Grande do Norte e na Para\u00edba, o dia ser\u00e1 est\u00e1vel, com poucas nuvens. No entanto, as capitais, Natal e Jo\u00e3o Pessoa, podem ter muitas nuvens e possibilidade de chuva isolada.<\/p>\n<p>Na Bahia, o tempo se mant\u00e9m est\u00e1vel com poucas nuvens na maior parte do estado. Apenas uma pequena faixa litor\u00e2nea que inclui os munic\u00edpios de\u00a0Itabuna, Santa Luzia, Prado e Teixeira de Freitas\u00a0pode registrar chuvas isoladas.<\/p>\n<p>Entre as capitais, a temperatura m\u00ednima prevista \u00e9 de 22\u00b0C, em Macei\u00f3, Jo\u00e3o Pessoa e Salvador. J\u00e1 a m\u00e1xima deve atingir at\u00e9 39\u00b0C, em Teresina. A umidade relativa do ar varia entre 20% e 100%.<\/p>\n<h2>O QUE \u00c9 SECA?<\/h2>\n<p>Per\u00edodo anormalmente seco, em uma regi\u00e3o espec\u00edfica, suficientemente prolongado para que a escassez de \u00e1gua provoque s\u00e9rio desequil\u00edbrio hidrol\u00f3gico.<\/p>\n<h2>5 Motivos para saber das previs\u00f5es do tempo \u00a0<\/h2>\n<ul>\n<li>Agricultura: garantia de uma boa colheita;<\/li>\n<li>Marinha: prote\u00e7\u00e3o dos marinheiros, dos navios e dos passageiros;<\/li>\n<li>Aeron\u00e1utica: prote\u00e7\u00e3o e seguran\u00e7a dos pilotos, das aeronaves e dos passageiros;<\/li>\n<li>Pesca: condi\u00e7\u00f5es favor\u00e1veis e seguras \u00e0 pesca; e<\/li>\n<li>Turismo: garantia de um passeio e de uma viagem feliz e tranquila.<\/li>\n<\/ul>\n<h2>Import\u00e2ncia das observa\u00e7\u00f5es meteorol\u00f3gicas no INMET<\/h2>\n<p>As observa\u00e7\u00f5es meteorol\u00f3gicas do INMET s\u00e3o essenciais para previs\u00f5es em tempo real, estat\u00edsticas clim\u00e1ticas e coopera\u00e7\u00e3o internacional. Esses dados precisos ajudam a estudar o clima passado e a produzir Normais Climatol\u00f3gicas conforme a Organiza\u00e7\u00e3o Meteorol\u00f3gica Mundial (OMM).<\/p>\n<p>As informa\u00e7\u00f5es s\u00e3o do Instituto Nacional de Meteorologia (Inmet).<br \/>\n\u00a0<\/p>\n<p>\t\t\t\t\t\t\t\t\t<img loading=\"lazy\" decoding=\"async\" src=\"https:\/\/brasil61.com\/api\/v1\/serve_pixel\/17677\/84969\" alt=\"Pixel Brasil 61\" class=\"b61_pixel\" width=\"0\" height=\"0\"><\/p>\n<input type=\"hidden\" id=\"baseurl\" value=\"https:\/\/noticiasdestaque.com.br\"><input type=\"hidden\" id=\"audio_nonce\" value=\"6a24ca502e\">","protected":false},"excerpt":{"rendered":"<p>O Piau\u00ed enfrentar\u00e1 um dia de seca, mas uma pequena faixa ao norte, onde est\u00e1 localizada a cidade de Parna\u00edba, pode registrar chuvas isoladas<\/p>\n","protected":false},"author":1,"featured_media":46379,"comment_status":"open","ping_status":"open","sticky":false,"template":"","format":"standard","meta":{"fifu_image_url":"","fifu_image_alt":"","footnotes":""},"categories":[58],"tags":[],"class_list":["post-46378","post","type-post","status-publish","format-standard","has-post-thumbnail","hentry","category-cotidiano"],"distributor_meta":false,"distributor_terms":false,"distributor_media":false,"distributor_original_site_name":"Noticias em Destaque","distributor_original_site_url":"https:\/\/noticiasdestaque.com.br","push-errors":false,"_links":{"self":[{"href":"https:\/\/noticiasdestaque.com.br\/index.php\/wp-json\/wp\/v2\/posts\/46378","targetHints":{"allow":["GET"]}}],"collection":[{"href":"https:\/\/noticiasdestaque.com.br\/index.php\/wp-json\/wp\/v2\/posts"}],"about":[{"href":"https:\/\/noticiasdestaque.com.br\/index.php\/wp-json\/wp\/v2\/types\/post"}],"author":[{"embeddable":true,"href":"https:\/\/noticiasdestaque.com.br\/index.php\/wp-json\/wp\/v2\/users\/1"}],"replies":[{"embeddable":true,"href":"https:\/\/noticiasdestaque.com.br\/index.php\/wp-json\/wp\/v2\/comments?post=46378"}],"version-history":[{"count":0,"href":"https:\/\/noticiasdestaque.com.br\/index.php\/wp-json\/wp\/v2\/posts\/46378\/revisions"}],"wp:featuredmedia":[{"embeddable":true,"href":"https:\/\/noticiasdestaque.com.br\/index.php\/wp-json\/wp\/v2\/media\/46379"}],"wp:attachment":[{"href":"https:\/\/noticiasdestaque.com.br\/index.php\/wp-json\/wp\/v2\/media?parent=46378"}],"wp:term":[{"taxonomy":"category","embeddable":true,"href":"https:\/\/noticiasdestaque.com.br\/index.php\/wp-json\/wp\/v2\/categories?post=46378"},{"taxonomy":"post_tag","embeddable":true,"href":"https:\/\/noticiasdestaque.com.br\/index.php\/wp-json\/wp\/v2\/tags?post=46378"}],"curies":[{"name":"wp","href":"https:\/\/api.w.org\/{rel}","templated":true}]}}