{"id":46366,"date":"2025-10-02T04:35:00","date_gmt":"2025-10-02T07:35:00","guid":{"rendered":"https:\/\/noticiasdestaque.com.br\/index.php\/2025\/10\/02\/mapa-e-apexbrasil-alinham-acoes-para-habilitacoes-de-frigorificos-e-fortalecimento-de-exportacoes-na-regiao-amazonica\/"},"modified":"2025-10-02T04:35:00","modified_gmt":"2025-10-02T07:35:00","slug":"mapa-e-apexbrasil-alinham-acoes-para-habilitacoes-de-frigorificos-e-fortalecimento-de-exportacoes-na-regiao-amazonica","status":"publish","type":"post","link":"https:\/\/noticiasdestaque.com.br\/index.php\/2025\/10\/02\/mapa-e-apexbrasil-alinham-acoes-para-habilitacoes-de-frigorificos-e-fortalecimento-de-exportacoes-na-regiao-amazonica\/","title":{"rendered":"Mapa e ApexBrasil alinham a\u00e7\u00f5es para habilita\u00e7\u00f5es de frigor\u00edficos e fortalecimento de exporta\u00e7\u00f5es na regi\u00e3o amaz\u00f4nica"},"content":{"rendered":"<p>\t\t\t\t\t\t\t\t\t\t<audio controls class=\"b61_audio_player\" data-noticia=\"84954\" src=\"https:\/\/brasil61.com\/rails\/active_storage\/blobs\/eyJfcmFpbHMiOnsibWVzc2FnZSI6IkJBaHBBOGVrQXc9PSIsImV4cCI6bnVsbCwicHVyIjoiYmxvYl9pZCJ9fQ==--acf950bc462a975d0249d210d5dd7abf427f9f1f\/MAPA250002A\"><\/audio><\/p>\n<p>O ministro da Agricultura e Pecu\u00e1ria, Carlos F\u00e1varo, recebeu nesta ter\u00e7a-feira (30), em Bras\u00edlia, o presidente da <a href=\"https:\/\/apexbrasil.com.br\/\">Ag\u00eancia Brasileira de Promo\u00e7\u00e3o de Exporta\u00e7\u00f5es e Investimentos (ApexBrasil)<\/a>, Jorge Viana, para <strong>discutir estrat\u00e9gias de expans\u00e3o comercial do Brasil, com foco na regi\u00e3o amaz\u00f4nica<\/strong>.<\/p>\n<p>A principal pauta do encontro foram as <strong>habilita\u00e7\u00f5es de frigor\u00edficos dos estados do Acre e Rond\u00f4nia<\/strong>. A iniciativa visa fortalecer a presen\u00e7a da produ\u00e7\u00e3o amaz\u00f4nica no com\u00e9rcio internacional e impulsionar o desenvolvimento econ\u00f4mico regional.<\/p>\n<p><u><strong>Entre as medidas discutidas est\u00e3o:<\/strong><\/u><\/p>\n<ul>\n<li>Refor\u00e7o da Vigil\u00e2ncia Agropecu\u00e1ria Internacional (Vigiagro);<\/li>\n<li>Sincronismo entre as alf\u00e2ndegas brasileira e peruana;<\/li>\n<li>Renova\u00e7\u00e3o dos certificados sanit\u00e1rios exigidos para exporta\u00e7\u00e3o.<\/li>\n<\/ul>\n<p>Segundo o <a href=\"https:\/\/www.gov.br\/agricultura\/pt-br\">Minist\u00e9rio da Agricultura e Pecu\u00e1ria (Mapa)<\/a>, <strong>o Acre ocupa posi\u00e7\u00e3o estrat\u00e9gica na rota bioce\u00e2nica<\/strong> por ser o estado brasileiro mais pr\u00f3ximo do Porto de Chancay, no Peru. A localiza\u00e7\u00e3o fortalece a conex\u00e3o do Brasil com o Oceano Pac\u00edfico e amplia o acesso a mercados como Chile, Peru e pa\u00edses da \u00c1sia.<\/p>\n<p>O presidente da ApexBrasil, Jorge Viana, ressaltou a import\u00e2ncia da estrat\u00e9gia para os produtores da Amaz\u00f4nia. \u201cF\u00e1varo e eu discutimos como melhorar o tr\u00e2mite de exporta\u00e7\u00e3o na regi\u00e3o do Acre, que faz fronteira com Bol\u00edvia e Peru. Em breve, o ministro estar\u00e1 no estado para mostrar que as coisas v\u00e3o mudar muito e para habilitar frigor\u00edficos, que trabalham com carne bovina e su\u00edna para novos mercados. O ministro j\u00e1 abriu mais de 440 mercados no mundo e segue liderando essa miss\u00e3o\u201d.<\/p>\n<p>O ministro Carlos F\u00e1varo refor\u00e7ou que a expectativa \u00e9 de que o esfor\u00e7o conjunto entre o Governo Federal e a ApexBrasil fortale\u00e7a as exporta\u00e7\u00f5es brasileiras em rotas estrat\u00e9gicas.<\/p>\n<p>\u201cA ApexBrasil, o Minist\u00e9rio das Rela\u00e7\u00f5es Exteriores, o Minist\u00e9rio da Agricultura e o Minist\u00e9rio do Desenvolvimento, Ind\u00fastria e Com\u00e9rcio \u2014 todos n\u00f3s, sob a lideran\u00e7a do presidente Lula \u2014 estamos empenhados em intensificar a\u00e7\u00f5es e gerar oportunidades para o Brasil e para os brasileiros. Estamos somando esfor\u00e7os para impulsionar as exporta\u00e7\u00f5es por meio da rota bioce\u00e2nica via Acre. Nosso objetivo \u00e9 ampliar ainda mais a rela\u00e7\u00e3o comercial do Acre e do Brasil com o mundo\u201d, disse o ministro.<\/p>\n<h2>Miss\u00e3o \u00e0 Indon\u00e9sia e Mal\u00e1sia<\/h2>\n<p>Neste m\u00eas de outubro, o presidente Luiz In\u00e1cio Lula da Silva, o ministro Carlos F\u00e1varo, o presidente da ApexBrasil, Jorge Viana, e demais integrantes do governo participar\u00e3o de miss\u00e3o oficial \u00e0 Indon\u00e9sia e \u00e0 Mal\u00e1sia. A agenda inclui compromissos em Jacarta (23 e 24) e em Kuala Lumpur (25 e 26).<\/p>\n<p>A programa\u00e7\u00e3o prev\u00ea F\u00f3runs Econ\u00f4micos e a reuni\u00e3o de c\u00fapula da Associa\u00e7\u00e3o de Na\u00e7\u00f5es do Sudeste Asi\u00e1tico (ASEAN). De acordo com o Mapa, <strong>o objetivo \u00e9 identificar oportunidades de neg\u00f3cios e discutir parcerias estrat\u00e9gicas entre o Brasil e os pa\u00edses da regi\u00e3o<\/strong>, o que pode trazer <strong>novas possibilidades para o setor de prote\u00edna animal<\/strong>.<\/p>\n<p><strong>VEJA MAIS:<\/strong><\/p>\n<ul>\n<li><a href=\"https:\/\/brasil61.com\/n\/empresas-apoiadas-pela-apexbrasil-alcancaram-us-50-49-bilhoes-em-exportacoes-no-primeiro-semestre-de-2025-apex250071\">Empresas apoiadas pela ApexBrasil alcan\u00e7aram US$ 50,49 bilh\u00f5es em exporta\u00e7\u00f5es no primeiro semestre de 2025<\/a><\/li>\n<li><a href=\"https:\/\/brasil61.com\/n\/agronegocio-mato-grosso-tera-escritorio-da-apexbrasil-para-impulsionar-exportacoes-bras2514780\">Agroneg\u00f3cio: Mato Grosso ter\u00e1 escrit\u00f3rio da ApexBrasil para impulsionar exporta\u00e7\u00f5es<\/a><\/li>\n<\/ul>\n<p>\t\t\t\t\t\t\t\t\t<img loading=\"lazy\" decoding=\"async\" src=\"https:\/\/brasil61.com\/api\/v1\/serve_pixel\/17677\/84954\" alt=\"Pixel Brasil 61\" class=\"b61_pixel\" width=\"0\" height=\"0\"><\/p>\n<input type=\"hidden\" id=\"baseurl\" value=\"https:\/\/noticiasdestaque.com.br\"><input type=\"hidden\" id=\"audio_nonce\" value=\"6f73a554f1\">","protected":false},"excerpt":{"rendered":"<p>Parceria avan\u00e7a em medidas para agilizar exporta\u00e7\u00f5es de carne su\u00edna e bovina pelo Acre, ponto estrat\u00e9gico na rota do Pac\u00edfico<\/p>\n","protected":false},"author":1,"featured_media":46367,"comment_status":"open","ping_status":"open","sticky":false,"template":"","format":"standard","meta":{"fifu_image_url":"","fifu_image_alt":"","footnotes":""},"categories":[59],"tags":[],"class_list":["post-46366","post","type-post","status-publish","format-standard","has-post-thumbnail","hentry","category-economia"],"distributor_meta":false,"distributor_terms":false,"distributor_media":false,"distributor_original_site_name":"Noticias em Destaque","distributor_original_site_url":"https:\/\/noticiasdestaque.com.br","push-errors":false,"_links":{"self":[{"href":"https:\/\/noticiasdestaque.com.br\/index.php\/wp-json\/wp\/v2\/posts\/46366","targetHints":{"allow":["GET"]}}],"collection":[{"href":"https:\/\/noticiasdestaque.com.br\/index.php\/wp-json\/wp\/v2\/posts"}],"about":[{"href":"https:\/\/noticiasdestaque.com.br\/index.php\/wp-json\/wp\/v2\/types\/post"}],"author":[{"embeddable":true,"href":"https:\/\/noticiasdestaque.com.br\/index.php\/wp-json\/wp\/v2\/users\/1"}],"replies":[{"embeddable":true,"href":"https:\/\/noticiasdestaque.com.br\/index.php\/wp-json\/wp\/v2\/comments?post=46366"}],"version-history":[{"count":0,"href":"https:\/\/noticiasdestaque.com.br\/index.php\/wp-json\/wp\/v2\/posts\/46366\/revisions"}],"wp:featuredmedia":[{"embeddable":true,"href":"https:\/\/noticiasdestaque.com.br\/index.php\/wp-json\/wp\/v2\/media\/46367"}],"wp:attachment":[{"href":"https:\/\/noticiasdestaque.com.br\/index.php\/wp-json\/wp\/v2\/media?parent=46366"}],"wp:term":[{"taxonomy":"category","embeddable":true,"href":"https:\/\/noticiasdestaque.com.br\/index.php\/wp-json\/wp\/v2\/categories?post=46366"},{"taxonomy":"post_tag","embeddable":true,"href":"https:\/\/noticiasdestaque.com.br\/index.php\/wp-json\/wp\/v2\/tags?post=46366"}],"curies":[{"name":"wp","href":"https:\/\/api.w.org\/{rel}","templated":true}]}}