{"id":46362,"date":"2025-10-02T04:15:00","date_gmt":"2025-10-02T07:15:00","guid":{"rendered":"https:\/\/noticiasdestaque.com.br\/index.php\/2025\/10\/02\/conta-de-luz-segue-com-bandeira-vermelha-em-outubro-mas-cai-para-patamar-1\/"},"modified":"2025-10-02T04:15:00","modified_gmt":"2025-10-02T07:15:00","slug":"conta-de-luz-segue-com-bandeira-vermelha-em-outubro-mas-cai-para-patamar-1","status":"publish","type":"post","link":"https:\/\/noticiasdestaque.com.br\/index.php\/2025\/10\/02\/conta-de-luz-segue-com-bandeira-vermelha-em-outubro-mas-cai-para-patamar-1\/","title":{"rendered":"Conta de luz segue com bandeira vermelha em outubro, mas cai para patamar 1"},"content":{"rendered":"<p>\t\t\t\t\t\t\t\t\t\t<audio controls class=\"b61_audio_player\" data-noticia=\"84933\" src=\"https:\/\/brasil61.com\/rails\/active_storage\/blobs\/eyJfcmFpbHMiOnsibWVzc2FnZSI6IkJBaHBBN1drQXc9PSIsImV4cCI6bnVsbCwicHVyIjoiYmxvYl9pZCJ9fQ==--b6a64e61012b48e03c780723c429be7cc584e193\/BRAS2514832A\"><\/audio><\/p>\n<p>A <strong>Ag\u00eancia Nacional de Energia El\u00e9trica (Aneel)<\/strong> anunciou que, em <strong>outubro<\/strong> de 2025, a <strong>bandeira tarif\u00e1ria <\/strong>ser\u00e1 vermelha\u00a0patamar 1, o que implica um acr\u00e9scimo de R$4,46 a cada 100 kWh consumidos nas faturas de energia el\u00e9trica.<\/p>\n<\/p>\n<p style=\"text-align: justify\">A decis\u00e3o reflete a continuidade do\u00a0baixo volume de chuvas no pa\u00eds, que reduz o n\u00edvel dos reservat\u00f3rios e limita a gera\u00e7\u00e3o hidrel\u00e9trica, exigindo maior uso das usinas <strong>termel\u00e9tricas<\/strong>. \u00a0\u00a0<\/p>\n<p style=\"text-align: justify\">A medida substitui a bandeira vermelha patamar 2, que vigorou nos \u00faltimos dois meses e tinha impacto tarif\u00e1rio ainda maior.<\/p>\n<p style=\"text-align: justify\"><span style=\"font-size:18px\">Bandeira tarif\u00e1ria<\/span><\/p>\n<p style=\"text-align: justify\">O sistema de bandeiras tarif\u00e1rias foi criado para dar mais transpar\u00eancia ao consumidor sobre os custos da gera\u00e7\u00e3o de <strong>energia el\u00e9trica <\/strong>no pa\u00eds. Sinaliza o custo vari\u00e1vel da produ\u00e7\u00e3o de acordo com fatores como a <strong>disponibilidade de recursos h\u00eddricos, contribui\u00e7\u00e3o das fontes renov\u00e1veis e a necessidade de acionar usinas mais caras<\/strong>, como termel\u00e9tricas\u00a0<\/p>\n<p style=\"text-align: justify\">Na bandeira verde, n\u00e3o h\u00e1 cobran\u00e7a extra. Na amarela, aplica-se um acr\u00e9scimo moderado. J\u00e1 na vermelha, em seus dois patamares, o custo adicional \u00e9 maior.\u00a0<\/p>\n<p style=\"text-align: justify\">Com informa\u00e7\u00f5es da <a href=\"https:\/\/www.gov.br\/aneel\/pt-br\/assuntos\/noticias\/2025\/outubro-tera-bandeira-vermelha-patamar-1\" target=\"_blank\">Aneel<\/a><br \/>\n\u00a0<\/p>\n<p>\t\t\t\t\t\t\t\t\t<img loading=\"lazy\" decoding=\"async\" src=\"https:\/\/brasil61.com\/api\/v1\/serve_pixel\/17677\/84933\" alt=\"Pixel Brasil 61\" class=\"b61_pixel\" width=\"0\" height=\"0\"><\/p>\n<input type=\"hidden\" id=\"baseurl\" value=\"https:\/\/noticiasdestaque.com.br\"><input type=\"hidden\" id=\"audio_nonce\" value=\"6f73a554f1\">","protected":false},"excerpt":{"rendered":"<p>Com chuvas ainda abaixo da m\u00e9dia afetando os reservat\u00f3rios, o uso de termel\u00e9tricas continua intensificado para garantir o fornecimento de energia<\/p>\n","protected":false},"author":1,"featured_media":46363,"comment_status":"open","ping_status":"open","sticky":false,"template":"","format":"standard","meta":{"fifu_image_url":"","fifu_image_alt":"","footnotes":""},"categories":[59],"tags":[],"class_list":["post-46362","post","type-post","status-publish","format-standard","has-post-thumbnail","hentry","category-economia"],"distributor_meta":false,"distributor_terms":false,"distributor_media":false,"distributor_original_site_name":"Noticias em Destaque","distributor_original_site_url":"https:\/\/noticiasdestaque.com.br","push-errors":false,"_links":{"self":[{"href":"https:\/\/noticiasdestaque.com.br\/index.php\/wp-json\/wp\/v2\/posts\/46362","targetHints":{"allow":["GET"]}}],"collection":[{"href":"https:\/\/noticiasdestaque.com.br\/index.php\/wp-json\/wp\/v2\/posts"}],"about":[{"href":"https:\/\/noticiasdestaque.com.br\/index.php\/wp-json\/wp\/v2\/types\/post"}],"author":[{"embeddable":true,"href":"https:\/\/noticiasdestaque.com.br\/index.php\/wp-json\/wp\/v2\/users\/1"}],"replies":[{"embeddable":true,"href":"https:\/\/noticiasdestaque.com.br\/index.php\/wp-json\/wp\/v2\/comments?post=46362"}],"version-history":[{"count":0,"href":"https:\/\/noticiasdestaque.com.br\/index.php\/wp-json\/wp\/v2\/posts\/46362\/revisions"}],"wp:featuredmedia":[{"embeddable":true,"href":"https:\/\/noticiasdestaque.com.br\/index.php\/wp-json\/wp\/v2\/media\/46363"}],"wp:attachment":[{"href":"https:\/\/noticiasdestaque.com.br\/index.php\/wp-json\/wp\/v2\/media?parent=46362"}],"wp:term":[{"taxonomy":"category","embeddable":true,"href":"https:\/\/noticiasdestaque.com.br\/index.php\/wp-json\/wp\/v2\/categories?post=46362"},{"taxonomy":"post_tag","embeddable":true,"href":"https:\/\/noticiasdestaque.com.br\/index.php\/wp-json\/wp\/v2\/tags?post=46362"}],"curies":[{"name":"wp","href":"https:\/\/api.w.org\/{rel}","templated":true}]}}