{"id":46352,"date":"2025-10-01T21:50:00","date_gmt":"2025-10-02T00:50:00","guid":{"rendered":"https:\/\/noticiasdestaque.com.br\/index.php\/2025\/10\/01\/previsao-do-tempo-ceu-com-poucas-nuvens-no-sudeste-nesta-quinta-feira-2\/"},"modified":"2025-10-01T21:50:00","modified_gmt":"2025-10-02T00:50:00","slug":"previsao-do-tempo-ceu-com-poucas-nuvens-no-sudeste-nesta-quinta-feira-2","status":"publish","type":"post","link":"https:\/\/noticiasdestaque.com.br\/index.php\/2025\/10\/01\/previsao-do-tempo-ceu-com-poucas-nuvens-no-sudeste-nesta-quinta-feira-2\/","title":{"rendered":"PREVIS\u00c3O DO TEMPO: C\u00e9u com poucas nuvens no Sudeste nesta quinta-feira (2)"},"content":{"rendered":"<p>\t\t\t\t\t\t\t\t\t\t<audio controls class=\"b61_audio_player\" data-noticia=\"84938\" src=\"https:\/\/brasil61.com\/rails\/active_storage\/blobs\/eyJfcmFpbHMiOnsibWVzc2FnZSI6IkJBaHBBNytrQXc9PSIsImV4cCI6bnVsbCwicHVyIjoiYmxvYl9pZCJ9fQ==--5a6d8a6916bb2d7bd75c5ca477d6c1725d3730a9\/PTSD254207A\"><\/audio><\/p>\n<p>A <strong>previs\u00e3o do tempo<\/strong> para a <strong>regi\u00e3o Sul<\/strong> do pa\u00eds, <strong>nesta quinta-feira (2)<\/strong>, indica tempo fechado em todo territ\u00f3rio.<\/p>\n<p>O <strong>Instituto Nacional de Meteorologia (Inmet)<\/strong> alerta para <strong>perigo potencial de tempestade em toda extens\u00e3o do Paran\u00e1, Santa Catarina e uma parcela do norte do Rio Grande do Sul<\/strong>. A condi\u00e7\u00e3o deve afetar os munic\u00edpios ga\u00fachos Erechim e Cai\u00e7ara.<\/p>\n<p>A manh\u00e3 \u00e9 marcada por pancadas de chuvas no interior dos tr\u00eas estados sulistas. A possibilidade de chuvas isoladas atingem o restante dos territ\u00f3rios, afetando as capitais, Porto Alegre, Florian\u00f3polis e Curitiba.\u00a0\u00a0<\/p>\n<p>No per\u00edodo da tarde, as pancadas de chuvas com trovoadas avan\u00e7am e cobrem quase toda a costa da regi\u00e3o Sul, exceto no sudeste ga\u00facho, que \u00e9 previsto c\u00e9u com muitas nuvens. O Paran\u00e1 \u00e9 marcado por pancadas de chuvas isoladas no norte do estado.<\/p>\n<p>\u00c0 noite, as chuvas isoladas ocorrem em quase todo o territ\u00f3rio, exceto nos interiores dos estados, onde se estendem pancadas de chuvas com trovoadas como nos munic\u00edpios de Cascavel, no Paran\u00e1, Anchieta, em Santa Catarina, e Tr\u00eas Passos, no Rio Grande do Sul.<\/p>\n<p>Entre as capitais, a <strong>temperatura m\u00ednima prevista \u00e9 de 16\u00b0C em Curitiba<\/strong>. J\u00e1 a <strong>m\u00e1xima pode chegar at\u00e9 25\u00b0C, tamb\u00e9m em Curitiba, e 24\u00b0C em Porto Alegre<\/strong>. A umidade relativa do ar varia entre<strong> 60% a 95%<\/strong>.<\/p>\n<div class=\"notice-content__show js-notice-expand js-permit-copy auto-height\" id=\"js-text-clipboard\">\n<h2>5 Motivos para saber das previs\u00f5es do tempo \u00a0<\/h2>\n<ul>\n<li>Agricultura: garantia de uma boa colheita;<\/li>\n<li>Marinha: prote\u00e7\u00e3o dos marinheiros, dos navios e dos passageiros;<\/li>\n<li>Aeron\u00e1utica: prote\u00e7\u00e3o e seguran\u00e7a dos pilotos, das aeronaves e dos passageiros;<\/li>\n<li>Pesca: condi\u00e7\u00f5es favor\u00e1veis e seguras \u00e0 pesca; e<\/li>\n<li>Turismo: garantia de um passeio e de uma viagem feliz e tranquila.<\/li>\n<\/ul>\n<h2>Import\u00e2ncia das observa\u00e7\u00f5es meteorol\u00f3gicas no INMET<\/h2>\n<p>As observa\u00e7\u00f5es meteorol\u00f3gicas do INMET s\u00e3o essenciais para previs\u00f5es em tempo real, estat\u00edsticas clim\u00e1ticas e coopera\u00e7\u00e3o internacional. Esses dados precisos ajudam a estudar o clima passado e a produzir Normais Climatol\u00f3gicas conforme a Organiza\u00e7\u00e3o Meteorol\u00f3gica Mundial (<a href=\"https:\/\/worldweather.wmo.int\/pt\/home.html\" target=\"_blank\"><strong>OMM<\/strong><\/a>).<\/p>\n<p>As informa\u00e7\u00f5es s\u00e3o do Instituto Nacional de Meteorologia (<a href=\"https:\/\/portal.inmet.gov.br\/\" target=\"_blank\"><strong>Inmet<\/strong><\/a>).<\/p>\n<\/div>\n<p>\t\t\t\t\t\t\t\t\t<img loading=\"lazy\" decoding=\"async\" src=\"https:\/\/brasil61.com\/api\/v1\/serve_pixel\/17677\/84938\" alt=\"Pixel Brasil 61\" class=\"b61_pixel\" width=\"0\" height=\"0\"><\/p>\n<input type=\"hidden\" id=\"baseurl\" value=\"https:\/\/noticiasdestaque.com.br\"><input type=\"hidden\" id=\"audio_nonce\" value=\"6f73a554f1\">","protected":false},"excerpt":{"rendered":"<p>Inmet alerta para perigo potencial de baixa umidade em partes de Minas e S\u00e3o Paulo; temperaturas variam entre 15\u00b0C e 31\u00b0C<\/p>\n","protected":false},"author":1,"featured_media":46353,"comment_status":"open","ping_status":"open","sticky":false,"template":"","format":"standard","meta":{"fifu_image_url":"","fifu_image_alt":"","footnotes":""},"categories":[58],"tags":[],"class_list":["post-46352","post","type-post","status-publish","format-standard","has-post-thumbnail","hentry","category-cotidiano"],"distributor_meta":false,"distributor_terms":false,"distributor_media":false,"distributor_original_site_name":"Noticias em Destaque","distributor_original_site_url":"https:\/\/noticiasdestaque.com.br","push-errors":false,"_links":{"self":[{"href":"https:\/\/noticiasdestaque.com.br\/index.php\/wp-json\/wp\/v2\/posts\/46352","targetHints":{"allow":["GET"]}}],"collection":[{"href":"https:\/\/noticiasdestaque.com.br\/index.php\/wp-json\/wp\/v2\/posts"}],"about":[{"href":"https:\/\/noticiasdestaque.com.br\/index.php\/wp-json\/wp\/v2\/types\/post"}],"author":[{"embeddable":true,"href":"https:\/\/noticiasdestaque.com.br\/index.php\/wp-json\/wp\/v2\/users\/1"}],"replies":[{"embeddable":true,"href":"https:\/\/noticiasdestaque.com.br\/index.php\/wp-json\/wp\/v2\/comments?post=46352"}],"version-history":[{"count":0,"href":"https:\/\/noticiasdestaque.com.br\/index.php\/wp-json\/wp\/v2\/posts\/46352\/revisions"}],"wp:featuredmedia":[{"embeddable":true,"href":"https:\/\/noticiasdestaque.com.br\/index.php\/wp-json\/wp\/v2\/media\/46353"}],"wp:attachment":[{"href":"https:\/\/noticiasdestaque.com.br\/index.php\/wp-json\/wp\/v2\/media?parent=46352"}],"wp:term":[{"taxonomy":"category","embeddable":true,"href":"https:\/\/noticiasdestaque.com.br\/index.php\/wp-json\/wp\/v2\/categories?post=46352"},{"taxonomy":"post_tag","embeddable":true,"href":"https:\/\/noticiasdestaque.com.br\/index.php\/wp-json\/wp\/v2\/tags?post=46352"}],"curies":[{"name":"wp","href":"https:\/\/api.w.org\/{rel}","templated":true}]}}