{"id":46348,"date":"2025-10-01T21:45:00","date_gmt":"2025-10-02T00:45:00","guid":{"rendered":"https:\/\/noticiasdestaque.com.br\/index.php\/2025\/10\/01\/previsao-do-tempo-quinta-feira-2-de-tempo-firme-no-nordeste\/"},"modified":"2025-10-01T21:45:00","modified_gmt":"2025-10-02T00:45:00","slug":"previsao-do-tempo-quinta-feira-2-de-tempo-firme-no-nordeste","status":"publish","type":"post","link":"https:\/\/noticiasdestaque.com.br\/index.php\/2025\/10\/01\/previsao-do-tempo-quinta-feira-2-de-tempo-firme-no-nordeste\/","title":{"rendered":"PREVIS\u00c3O DO TEMPO: quinta-feira (2) de tempo firme no Nordeste"},"content":{"rendered":"<p>\t\t\t\t\t\t\t\t\t\t<audio controls class=\"b61_audio_player\" data-noticia=\"84940\" src=\"https:\/\/brasil61.com\/rails\/active_storage\/blobs\/eyJfcmFpbHMiOnsibWVzc2FnZSI6IkJBaHBBNzZrQXc9PSIsImV4cCI6bnVsbCwicHVyIjoiYmxvYl9pZCJ9fQ==--302b6f0b28dec555003cbea6bf5d1ad46456d3ef\/PTND254817A\"><\/audio><\/p>\n<p>A <strong>previs\u00e3o do tempo para a regi\u00e3o Nordeste<\/strong> do pa\u00eds, <strong>nesta quinta-feira (2)<\/strong>, indica tempo firme.<\/p>\n<p>O <strong>Instituto Nacional de Meteorologia (Inmet) alerta para perigo de baixa umidade<\/strong>\u00a0no<strong>s estados do Piau\u00ed, Maranh\u00e3o, Cear\u00e1, Rio Grande do Norte, Para\u00edba e Bahia<\/strong>. H\u00e1 tamb\u00e9m o <strong>alerta de perigo potencial de acumulado de chuva, que deve atingir a costa de Alagoas, Pernambuco at\u00e9 o litoral paraibano<\/strong>.<\/p>\n<p>Na Bahia, o tempo \u00e9 de c\u00e9u claro e com poucas nuvens ao longo do dia em boa parte do estado, mas a manh\u00e3 \u00e9 marcada por muitas nuvens e n\u00e9voa \u00famida no sul. Salvador\u00a0passa o dia com o c\u00e9u encoberto e com chuvas isoladas.<\/p>\n<p>A manh\u00e3 nos estados do Rio Grande do Norte, Para\u00edba, Pernambuco, Alagoas e na capital de Sergipe, Aracaju, registra c\u00e9u encoberto, com chuvas isoladas no litoral e muitas nuvens no interior. \u00c0 tarde, chuvas atingem as costas paraibana, pernambucana e alagoana. \u00c0 noite, as chuvas isoladas se concentram no litoral potiguar e da Para\u00edba\u00a0e nas capitais Recife, Macei\u00f3 e Aracaju.<\/p>\n<p>No Piau\u00ed, Cear\u00e1 e no Maranh\u00e3o\u00a0predomina o c\u00e9u com poucas nuvens de manh\u00e3 e \u00e0 tarde, enquanto \u00e0 noite as nuvens avan\u00e7am em todo territ\u00f3rio cearense, no norte piauiense e leste maranhense.<\/p>\n<p>Entre as capitais, a temperatura m\u00ednima prevista \u00e9 de 21\u00b0C em Salvador. J\u00e1 a m\u00e1xima pode chegar a at\u00e9 39\u00b0C em Teresina\u00a0e 33\u00b0C em S\u00e3o Lu\u00eds. A umidade relativa do ar varia entre 20% e 100%.<\/p>\n<h2>5 Motivos para saber das previs\u00f5es do tempo \u00a0<\/h2>\n<ul>\n<li>Agricultura: garantia de uma boa colheita;<\/li>\n<li>Marinha: prote\u00e7\u00e3o dos marinheiros, dos navios e dos passageiros;<\/li>\n<li>Aeron\u00e1utica: prote\u00e7\u00e3o e seguran\u00e7a dos pilotos, das aeronaves e dos passageiros;<\/li>\n<li>Pesca: condi\u00e7\u00f5es favor\u00e1veis e seguras \u00e0 pesca; e<\/li>\n<li>Turismo: garantia de um passeio e de uma viagem feliz e tranquila.<\/li>\n<\/ul>\n<h2>Import\u00e2ncia das observa\u00e7\u00f5es meteorol\u00f3gicas no INMET<\/h2>\n<p>As observa\u00e7\u00f5es meteorol\u00f3gicas do INMET s\u00e3o essenciais para previs\u00f5es em tempo real, estat\u00edsticas clim\u00e1ticas e coopera\u00e7\u00e3o internacional. Esses dados precisos ajudam a estudar o clima passado e a produzir Normais Climatol\u00f3gicas conforme a Organiza\u00e7\u00e3o Meteorol\u00f3gica Mundial (<a href=\"https:\/\/worldweather.wmo.int\/pt\/home.html\" target=\"_blank\"><strong>OMM<\/strong><\/a>).<\/p>\n<p>As informa\u00e7\u00f5es s\u00e3o do Instituto Nacional de Meteorologia (<a href=\"https:\/\/worldweather.wmo.int\/pt\/home.html\" target=\"_blank\"><strong>Inmet<\/strong><\/a>).<\/p>\n<p>\u00a0<\/p>\n<p>\t\t\t\t\t\t\t\t\t<img loading=\"lazy\" decoding=\"async\" src=\"https:\/\/brasil61.com\/api\/v1\/serve_pixel\/17677\/84940\" alt=\"Pixel Brasil 61\" class=\"b61_pixel\" width=\"0\" height=\"0\"><\/p>\n<input type=\"hidden\" id=\"baseurl\" value=\"https:\/\/noticiasdestaque.com.br\"><input type=\"hidden\" id=\"audio_nonce\" value=\"5128c810d9\">","protected":false},"excerpt":{"rendered":"<p>Inmet alerta para perigo potencial de baixa umidade no interior nordestino e acumulado de chuvas nas costas de AL, PE e PA; temperaturas variam entre 21\u00b0C e 39\u00b0C<\/p>\n","protected":false},"author":1,"featured_media":46349,"comment_status":"open","ping_status":"open","sticky":false,"template":"","format":"standard","meta":{"fifu_image_url":"","fifu_image_alt":"","footnotes":""},"categories":[58],"tags":[],"class_list":["post-46348","post","type-post","status-publish","format-standard","has-post-thumbnail","hentry","category-cotidiano"],"distributor_meta":false,"distributor_terms":false,"distributor_media":false,"distributor_original_site_name":"Noticias em Destaque","distributor_original_site_url":"https:\/\/noticiasdestaque.com.br","push-errors":false,"_links":{"self":[{"href":"https:\/\/noticiasdestaque.com.br\/index.php\/wp-json\/wp\/v2\/posts\/46348","targetHints":{"allow":["GET"]}}],"collection":[{"href":"https:\/\/noticiasdestaque.com.br\/index.php\/wp-json\/wp\/v2\/posts"}],"about":[{"href":"https:\/\/noticiasdestaque.com.br\/index.php\/wp-json\/wp\/v2\/types\/post"}],"author":[{"embeddable":true,"href":"https:\/\/noticiasdestaque.com.br\/index.php\/wp-json\/wp\/v2\/users\/1"}],"replies":[{"embeddable":true,"href":"https:\/\/noticiasdestaque.com.br\/index.php\/wp-json\/wp\/v2\/comments?post=46348"}],"version-history":[{"count":0,"href":"https:\/\/noticiasdestaque.com.br\/index.php\/wp-json\/wp\/v2\/posts\/46348\/revisions"}],"wp:featuredmedia":[{"embeddable":true,"href":"https:\/\/noticiasdestaque.com.br\/index.php\/wp-json\/wp\/v2\/media\/46349"}],"wp:attachment":[{"href":"https:\/\/noticiasdestaque.com.br\/index.php\/wp-json\/wp\/v2\/media?parent=46348"}],"wp:term":[{"taxonomy":"category","embeddable":true,"href":"https:\/\/noticiasdestaque.com.br\/index.php\/wp-json\/wp\/v2\/categories?post=46348"},{"taxonomy":"post_tag","embeddable":true,"href":"https:\/\/noticiasdestaque.com.br\/index.php\/wp-json\/wp\/v2\/tags?post=46348"}],"curies":[{"name":"wp","href":"https:\/\/api.w.org\/{rel}","templated":true}]}}