{"id":46330,"date":"2025-10-01T04:55:00","date_gmt":"2025-10-01T07:55:00","guid":{"rendered":"https:\/\/noticiasdestaque.com.br\/index.php\/2025\/10\/01\/para-confira-agenda-da-agencia-barco-ilha-do-marajo-e-prevbarco-para-outubro\/"},"modified":"2025-10-01T04:55:00","modified_gmt":"2025-10-01T07:55:00","slug":"para-confira-agenda-da-agencia-barco-ilha-do-marajo-e-prevbarco-para-outubro","status":"publish","type":"post","link":"https:\/\/noticiasdestaque.com.br\/index.php\/2025\/10\/01\/para-confira-agenda-da-agencia-barco-ilha-do-marajo-e-prevbarco-para-outubro\/","title":{"rendered":"PAR\u00c1: confira agenda da Ag\u00eancia-Barco Ilha do Maraj\u00f3 e PrevBarco para outubro"},"content":{"rendered":"<p>\t\t\t\t\t\t\t\t\t\t<audio controls class=\"b61_audio_player\" data-noticia=\"84911\" src=\"https:\/\/brasil61.com\/rails\/active_storage\/blobs\/eyJfcmFpbHMiOnsibWVzc2FnZSI6IkJBaHBBNCtqQXc9PSIsImV4cCI6bnVsbCwicHVyIjoiYmxvYl9pZCJ9fQ==--5deaaabc8a481af8c87a8f1748b4cedf2b9f9d58\/PCXA250621A\"><\/audio><\/p>\n<p>Aten\u00e7\u00e3o, voc\u00ea que est\u00e1 esperando os atendimentos da CAIXA no seu munic\u00edpio. A <strong>Ag\u00eancia-Barco Ilha do Maraj\u00f3 j\u00e1 tem data para chegar<\/strong>! E, neste m\u00eas de outubro, a regi\u00e3o continua a receber os servi\u00e7os em duas embarca\u00e7\u00f5es. Assim como ocorreu em setembro, os moradores tamb\u00e9m poder\u00e3o realizar os atendimentos no <strong>PrevBarco<\/strong>, em uma <strong>parceria da CAIXA com o INSS<\/strong>.<\/p>\n<p>As embarca\u00e7\u00f5es oferecem os servi\u00e7os de desbloqueio de cart\u00f5es e cadastro de senhas para recebimento de benef\u00edcios sociais, como FGTS, Seguro-Desemprego, Bolsa Fam\u00edlia e INSS, entre outros servi\u00e7os, com exce\u00e7\u00e3o de movimenta\u00e7\u00e3o de dinheiro em esp\u00e9cie.<\/p>\n<p>Confira o cronograma e anote a data e o local em que os atendimentos estar\u00e3o dispon\u00edveis.<\/p>\n<p>A <strong>Ag\u00eancia-Barco Ilha do Maraj\u00f3 inicia o m\u00eas em S\u00e3o Sebasti\u00e3o da Boa Vista no dia 1\u00ba de outubro<\/strong>. No dia seguinte, vai para <strong>Ponta de Pedras e fica por l\u00e1 nos dias 2 e 3<\/strong>.<br \/>\nO <strong>PrevBarco come\u00e7a o atendimento em Oeiras do Par\u00e1, do dia 1\u00ba ao dia 3<\/strong>. Depois segue para <strong>Curralinho, onde fica do dia 6 ao dia 10<\/strong>.\u00a0<\/p>\n<p>Entre os dias <strong>14 e 15, os atendimentos voltam a acontecer em Ponta de Pedras<\/strong>. Nesses mesmos dias, o <strong>PrevBarco atende os moradores de S\u00e3o Sebasti\u00e3o da Boa Vista<\/strong>.<\/p>\n<p>Nos dias <strong>16 e 17 a Ag\u00eancia-Barco atende os moradores de Limoeiro do Ajuru<\/strong>. Dia <strong>20 de outubro \u00e9 a vez da popula\u00e7\u00e3o de S\u00e3o Sebasti\u00e3o da Boa Vista<\/strong> ser atendida pela embarca\u00e7\u00e3o.<\/p>\n<p>Os moradores de <strong>Muan\u00e1 ser\u00e3o atendidos do dia 16 ao dia 24 de outubro pelo PrevBarco<\/strong>. Enquanto isso, nos dias <strong>21 e 22, a Ag\u00eancia-Barco Ilha do Maraj\u00f3 estar\u00e1 em Oeiras do Par\u00e1<\/strong>.\u00a0<\/p>\n<p>A pr\u00f3xima parada a <strong>Ag\u00eancia-Barco Ilha do Maraj\u00f3 ser\u00e1 no munic\u00edpio de Curralinho com atendimentos nos dias 23 e 24 de outubro<\/strong>. E os \u00faltimos destinos do m\u00eas para a <strong>Ag\u00eancia-Barco Ilha do Maraj\u00f3 ser\u00e3o em Gurup\u00e1, de 27 a 29 de outubro, e em Bagre de 30 a 31 de outubro<\/strong>.\u00a0<\/p>\n<p><strong>J\u00e1 para o PrevBarco, a \u00faltima agenda de outubro ser\u00e1 em Ponta de Pedras. L\u00e1 fica do dia 27 ao dia 30.<\/strong><\/p>\n<p>O hor\u00e1rio de atendimento da <strong>Ag\u00eancia-Barco Ilha do Maraj\u00f3 \u00e9 das 9 horas da manh\u00e3 \u00e0s 3 horas da tarde<\/strong>.<\/p>\n<p>Para mais detalhes, acesse <a href=\"https:\/\/www.caixa.gov.br\/Paginas\/home-caixa.aspx\" target=\"_blank\">caixa.gov.br<\/a>.<\/p>\n<p>\t\t\t\t\t\t\t\t\t<img loading=\"lazy\" decoding=\"async\" src=\"https:\/\/brasil61.com\/api\/v1\/serve_pixel\/17677\/84911\" alt=\"Pixel Brasil 61\" class=\"b61_pixel\" width=\"0\" height=\"0\"><\/p>\n<input type=\"hidden\" id=\"baseurl\" value=\"https:\/\/noticiasdestaque.com.br\"><input type=\"hidden\" id=\"audio_nonce\" value=\"6a24ca502e\">","protected":false},"excerpt":{"rendered":"<p>Neste m\u00eas de outubro, a regi\u00e3o continua a receber os servi\u00e7os em duas embarca\u00e7\u00f5es<\/p>\n","protected":false},"author":1,"featured_media":46331,"comment_status":"open","ping_status":"open","sticky":false,"template":"","format":"standard","meta":{"fifu_image_url":"","fifu_image_alt":"","footnotes":""},"categories":[59],"tags":[],"class_list":["post-46330","post","type-post","status-publish","format-standard","has-post-thumbnail","hentry","category-economia"],"distributor_meta":false,"distributor_terms":false,"distributor_media":false,"distributor_original_site_name":"Noticias em Destaque","distributor_original_site_url":"https:\/\/noticiasdestaque.com.br","push-errors":false,"_links":{"self":[{"href":"https:\/\/noticiasdestaque.com.br\/index.php\/wp-json\/wp\/v2\/posts\/46330","targetHints":{"allow":["GET"]}}],"collection":[{"href":"https:\/\/noticiasdestaque.com.br\/index.php\/wp-json\/wp\/v2\/posts"}],"about":[{"href":"https:\/\/noticiasdestaque.com.br\/index.php\/wp-json\/wp\/v2\/types\/post"}],"author":[{"embeddable":true,"href":"https:\/\/noticiasdestaque.com.br\/index.php\/wp-json\/wp\/v2\/users\/1"}],"replies":[{"embeddable":true,"href":"https:\/\/noticiasdestaque.com.br\/index.php\/wp-json\/wp\/v2\/comments?post=46330"}],"version-history":[{"count":0,"href":"https:\/\/noticiasdestaque.com.br\/index.php\/wp-json\/wp\/v2\/posts\/46330\/revisions"}],"wp:featuredmedia":[{"embeddable":true,"href":"https:\/\/noticiasdestaque.com.br\/index.php\/wp-json\/wp\/v2\/media\/46331"}],"wp:attachment":[{"href":"https:\/\/noticiasdestaque.com.br\/index.php\/wp-json\/wp\/v2\/media?parent=46330"}],"wp:term":[{"taxonomy":"category","embeddable":true,"href":"https:\/\/noticiasdestaque.com.br\/index.php\/wp-json\/wp\/v2\/categories?post=46330"},{"taxonomy":"post_tag","embeddable":true,"href":"https:\/\/noticiasdestaque.com.br\/index.php\/wp-json\/wp\/v2\/tags?post=46330"}],"curies":[{"name":"wp","href":"https:\/\/api.w.org\/{rel}","templated":true}]}}