{"id":46320,"date":"2025-09-30T19:10:00","date_gmt":"2025-09-30T22:10:00","guid":{"rendered":"https:\/\/noticiasdestaque.com.br\/index.php\/2025\/09\/30\/previsao-do-tempo-nesta-quarta-feira-1-nordeste-tem-tempo-estavel-chuvas-atingem-litoral-e-algumas-capitais\/"},"modified":"2025-09-30T19:10:00","modified_gmt":"2025-09-30T22:10:00","slug":"previsao-do-tempo-nesta-quarta-feira-1-nordeste-tem-tempo-estavel-chuvas-atingem-litoral-e-algumas-capitais","status":"publish","type":"post","link":"https:\/\/noticiasdestaque.com.br\/index.php\/2025\/09\/30\/previsao-do-tempo-nesta-quarta-feira-1-nordeste-tem-tempo-estavel-chuvas-atingem-litoral-e-algumas-capitais\/","title":{"rendered":"PREVIS\u00c3O DO TEMPO: nesta quarta-feira (1) Nordeste tem tempo est\u00e1vel; chuvas atingem litoral e algumas capitais"},"content":{"rendered":"<p>\t\t\t\t\t\t\t\t\t\t<audio controls class=\"b61_audio_player\" data-noticia=\"84912\" src=\"https:\/\/brasil61.com\/rails\/active_storage\/blobs\/eyJfcmFpbHMiOnsibWVzc2FnZSI6IkJBaHBBN1NqQXc9PSIsImV4cCI6bnVsbCwicHVyIjoiYmxvYl9pZCJ9fQ==--46d589b1e5428120b83ba104c7129ace5c940a5f\/PTND254816A\"><\/audio><\/p>\n<p>A previs\u00e3o do tempo para a Regi\u00e3o Nordeste indica um dia est\u00e1vel, com poucas nuvens em boa parte dos estados.<\/p>\n<\/p>\n<p dir=\"ltr\">Na Bahia, o tempo se mant\u00e9m claro durante todo o dia, com exce\u00e7\u00e3o da regi\u00e3o litor\u00e2nea do estado, onde chuvas isoladas podem atingir munic\u00edpios como Santa Cruz Cabr\u00e1lia, Una, S\u00e3o Jos\u00e9 da Vit\u00f3ria, Prado e a capital, Salvador.<\/p>\n<p dir=\"ltr\">Nos estados de Sergipe, Alagoas, Pernambuco, Para\u00edba e Rio Grande do Norte, o dia ser\u00e1 de muitas nuvens, mas as capitais ser\u00e3o atingidas, respectivamente, por c\u00e9u encoberto com chuva isolada em Aracaju e Macei\u00f3, e muitas nuvens com possibilidade de chuva isolada em Recife, Jo\u00e3o Pessoa e Natal.<\/p>\n<p dir=\"ltr\">No Maranh\u00e3o, Piau\u00ed e Cear\u00e1, o dia ser\u00e1 claro e est\u00e1vel em grande parte das regi\u00f5es. Por\u00e9m, no oeste maranhense, o c\u00e9u ficar\u00e1 carregado de nuvens, com destaque para munic\u00edpios como Z\u00e9 Doca, Itinga do Maranh\u00e3o, Centro do Guilherme e Bom Jardim.<\/p>\n<p dir=\"ltr\">Entre as capitais, a temperatura m\u00ednima prevista \u00e9 de 22\u00b0C, em Macei\u00f3, Jo\u00e3o Pessoa e Salvador. J\u00e1 a m\u00e1xima deve atingir 38\u00b0C, em Teresina. A umidade relativa do ar varia entre 20% e 100%.<\/p>\n<h2 dir=\"ltr\">5 Motivos para saber das previs\u00f5es do tempo \u00a0<\/h2>\n<ul dir=\"ltr\">\n<li>Agricultura: garantia de uma boa colheita;<\/li>\n<li>Marinha: prote\u00e7\u00e3o dos marinheiros, dos navios e dos passageiros;<\/li>\n<li>Aeron\u00e1utica: prote\u00e7\u00e3o e seguran\u00e7a dos pilotos, das aeronaves e dos passageiros;<\/li>\n<li>Pesca: condi\u00e7\u00f5es favor\u00e1veis e seguras \u00e0 pesca; e<\/li>\n<li>Turismo: garantia de um passeio e de uma viagem feliz e tranquila.<\/li>\n<\/ul>\n<h2 dir=\"ltr\">Import\u00e2ncia das observa\u00e7\u00f5es meteorol\u00f3gicas no INMET<\/h2>\n<p dir=\"ltr\">As observa\u00e7\u00f5es meteorol\u00f3gicas do INMET s\u00e3o essenciais para previs\u00f5es em tempo real, estat\u00edsticas clim\u00e1ticas e coopera\u00e7\u00e3o internacional. Esses dados precisos ajudam a estudar o clima passado e a produzir Normais Climatol\u00f3gicas conforme a Organiza\u00e7\u00e3o Meteorol\u00f3gica Mundial (<a href=\"https:\/\/worldweather.wmo.int\/pt\/home.html\" target=\"_blank\"><strong>OMM<\/strong><\/a>).<\/p>\n<p dir=\"ltr\">As informa\u00e7\u00f5es s\u00e3o do Instituto Nacional de Meteorologia (<a href=\"https:\/\/portal.inmet.gov.br\/\" target=\"_blank\"><strong>Inmet<\/strong><\/a>).<\/p>\n<p>\t\t\t\t\t\t\t\t\t<img loading=\"lazy\" decoding=\"async\" src=\"https:\/\/brasil61.com\/api\/v1\/serve_pixel\/17677\/84912\" alt=\"Pixel Brasil 61\" class=\"b61_pixel\" width=\"0\" height=\"0\"><\/p>\n<input type=\"hidden\" id=\"baseurl\" value=\"https:\/\/noticiasdestaque.com.br\"><input type=\"hidden\" id=\"audio_nonce\" value=\"6f73a554f1\">","protected":false},"excerpt":{"rendered":"<p>Na Bahia, o tempo se mant\u00e9m claro durante todo o dia, com exce\u00e7\u00e3o da regi\u00e3o litor\u00e2nea do estado, onde chuvas isoladas podem atingir munic\u00edpios como Santa Cruz Cabr\u00e1lia, Una, S\u00e3o Jos\u00e9 da Vit\u00f3ria, Prado e a capital, Salvador<\/p>\n","protected":false},"author":1,"featured_media":46321,"comment_status":"open","ping_status":"open","sticky":false,"template":"","format":"standard","meta":{"fifu_image_url":"","fifu_image_alt":"","footnotes":""},"categories":[58],"tags":[],"class_list":["post-46320","post","type-post","status-publish","format-standard","has-post-thumbnail","hentry","category-cotidiano"],"distributor_meta":false,"distributor_terms":false,"distributor_media":false,"distributor_original_site_name":"Noticias em Destaque","distributor_original_site_url":"https:\/\/noticiasdestaque.com.br","push-errors":false,"_links":{"self":[{"href":"https:\/\/noticiasdestaque.com.br\/index.php\/wp-json\/wp\/v2\/posts\/46320","targetHints":{"allow":["GET"]}}],"collection":[{"href":"https:\/\/noticiasdestaque.com.br\/index.php\/wp-json\/wp\/v2\/posts"}],"about":[{"href":"https:\/\/noticiasdestaque.com.br\/index.php\/wp-json\/wp\/v2\/types\/post"}],"author":[{"embeddable":true,"href":"https:\/\/noticiasdestaque.com.br\/index.php\/wp-json\/wp\/v2\/users\/1"}],"replies":[{"embeddable":true,"href":"https:\/\/noticiasdestaque.com.br\/index.php\/wp-json\/wp\/v2\/comments?post=46320"}],"version-history":[{"count":0,"href":"https:\/\/noticiasdestaque.com.br\/index.php\/wp-json\/wp\/v2\/posts\/46320\/revisions"}],"wp:featuredmedia":[{"embeddable":true,"href":"https:\/\/noticiasdestaque.com.br\/index.php\/wp-json\/wp\/v2\/media\/46321"}],"wp:attachment":[{"href":"https:\/\/noticiasdestaque.com.br\/index.php\/wp-json\/wp\/v2\/media?parent=46320"}],"wp:term":[{"taxonomy":"category","embeddable":true,"href":"https:\/\/noticiasdestaque.com.br\/index.php\/wp-json\/wp\/v2\/categories?post=46320"},{"taxonomy":"post_tag","embeddable":true,"href":"https:\/\/noticiasdestaque.com.br\/index.php\/wp-json\/wp\/v2\/tags?post=46320"}],"curies":[{"name":"wp","href":"https:\/\/api.w.org\/{rel}","templated":true}]}}