{"id":46314,"date":"2025-09-30T18:50:00","date_gmt":"2025-09-30T21:50:00","guid":{"rendered":"https:\/\/noticiasdestaque.com.br\/index.php\/2025\/09\/30\/previsao-do-tempo-nesta-quarta-feira-1-chuvas-intensas-atingem-norte-do-brasil-acre-e-amazonas-estao-em-alerta\/"},"modified":"2025-09-30T18:50:00","modified_gmt":"2025-09-30T21:50:00","slug":"previsao-do-tempo-nesta-quarta-feira-1-chuvas-intensas-atingem-norte-do-brasil-acre-e-amazonas-estao-em-alerta","status":"publish","type":"post","link":"https:\/\/noticiasdestaque.com.br\/index.php\/2025\/09\/30\/previsao-do-tempo-nesta-quarta-feira-1-chuvas-intensas-atingem-norte-do-brasil-acre-e-amazonas-estao-em-alerta\/","title":{"rendered":"PREVIS\u00c3O DO TEMPO: nesta quarta-feira (1) chuvas intensas atingem Norte do Brasil; Acre e Amazonas est\u00e3o em alerta"},"content":{"rendered":"<p>\t\t\t\t\t\t\t\t\t\t<audio controls class=\"b61_audio_player\" data-noticia=\"84913\" src=\"https:\/\/brasil61.com\/rails\/active_storage\/blobs\/eyJfcmFpbHMiOnsibWVzc2FnZSI6IkJBaHBBN0dqQXc9PSIsImV4cCI6bnVsbCwicHVyIjoiYmxvYl9pZCJ9fQ==--8226bb157de171013742e8740a5cd63ffdbe371a\/PTRN254567A\"><\/audio><\/p>\n<p>O Instituto Nacional de Meteorologia (Inmet) indica uma quarta-feira de muitas chuvas na Regi\u00e3o Norte do Brasil. Alertas de perigo potencial de chuvas intensas foram emitidos para o Acre e o Amazonas.<\/p>\n<\/p>\n<p>No Acre, a manh\u00e3 ser\u00e1 de tempo est\u00e1vel, com muitas nuvens, mas \u00e0 tarde pancadas de chuva e trovoadas isoladas atingem todo o estado.<\/p>\n<p>No Amazonas, a manh\u00e3 ser\u00e1 de c\u00e9u aberto em grande parte do estado. As regi\u00f5es de Rio Negro, Rio Preto da Eva e Parintins ter\u00e3o pancadas de chuva e trovoadas isoladas, que se intensificam \u00e0 tarde, alcan\u00e7ando todo o estado.<\/p>\n<p>Em Roraima, chuvas intensas atingem o estado ao longo de todo o dia.<\/p>\n<p>Em Rond\u00f4nia e Amap\u00e1, os estados registram\u00a0muitas nuvens pela manh\u00e3, mas \u00e0 tarde as chuvas avan\u00e7am com intensidade. Em Rond\u00f4nia, cidades como Mirante da Serra, Castanheiras e Seringueiras s\u00e3o as mais afetadas. Em Amap\u00e1, Laranjal do Jari, Pedra Branca do Amapari e Mazag\u00e3o ter\u00e3o instabilidade.<\/p>\n<p>No Par\u00e1, a chuva deve se concentrar principalmente na Regi\u00e3o Amaz\u00f4nica, incluindo munic\u00edpios como Monte Alegre, Orix\u00e1, Santar\u00e9m e Almerim.<\/p>\n<p>J\u00e1 no Tocantins, o tempo se mant\u00e9m aberto, com poucas nuvens durante todo o dia.<\/p>\n<p>Entre as capitais, a temperatura m\u00ednima prevista \u00e9 de 23\u00b0C, em Rio Branco e Porto Velho. J\u00e1 a m\u00e1xima pode chegar a 39\u00b0C, em Palmas. A umidade relativa do ar varia entre 20% e 100%.<\/p>\n<h2>5 Motivos para saber das previs\u00f5es do tempo \u00a0<\/h2>\n<ul>\n<li>Agricultura: garantia de uma boa colheita;<\/li>\n<li>Marinha: prote\u00e7\u00e3o dos marinheiros, dos navios e dos passageiros;<\/li>\n<li>Aeron\u00e1utica: prote\u00e7\u00e3o e seguran\u00e7a dos pilotos, das aeronaves e dos passageiros;<\/li>\n<li>Pesca: condi\u00e7\u00f5es favor\u00e1veis e seguras \u00e0 pesca; e<\/li>\n<li>Turismo: garantia de um passeio e de uma viagem feliz e tranquila.<\/li>\n<\/ul>\n<h2>Import\u00e2ncia das observa\u00e7\u00f5es meteorol\u00f3gicas no INMET<\/h2>\n<p>As observa\u00e7\u00f5es meteorol\u00f3gicas do INMET s\u00e3o essenciais para previs\u00f5es em tempo real, estat\u00edsticas clim\u00e1ticas e coopera\u00e7\u00e3o internacional. Esses dados precisos ajudam a estudar o clima passado e a produzir Normais Climatol\u00f3gicas conforme a Organiza\u00e7\u00e3o Meteorol\u00f3gica Mundial (<a href=\"https:\/\/worldweather.wmo.int\/pt\/home.html\" target=\"_blank\"><strong>OMM<\/strong><\/a>).<\/p>\n<p>As informa\u00e7\u00f5es s\u00e3o do Instituto Nacional de Meteorologia (<a href=\"https:\/\/portal.inmet.gov.br\/\" target=\"_blank\"><strong>Inmet<\/strong><\/a>).<br \/>\n\u00a0<\/p>\n<p>\u00a0<\/p>\n<p>\t\t\t\t\t\t\t\t\t<img loading=\"lazy\" decoding=\"async\" src=\"https:\/\/brasil61.com\/api\/v1\/serve_pixel\/17677\/84913\" alt=\"Pixel Brasil 61\" class=\"b61_pixel\" width=\"0\" height=\"0\"><\/p>\n<input type=\"hidden\" id=\"baseurl\" value=\"https:\/\/noticiasdestaque.com.br\"><input type=\"hidden\" id=\"audio_nonce\" value=\"6f73a554f1\">","protected":false},"excerpt":{"rendered":"<p>No Acre, a manh\u00e3 ser\u00e1 de tempo est\u00e1vel, com muitas nuvens, mas \u00e0 tarde pancadas de chuva e trovoadas isoladas atingem todo o estado<\/p>\n","protected":false},"author":1,"featured_media":46315,"comment_status":"open","ping_status":"open","sticky":false,"template":"","format":"standard","meta":{"fifu_image_url":"","fifu_image_alt":"","footnotes":""},"categories":[58],"tags":[],"class_list":["post-46314","post","type-post","status-publish","format-standard","has-post-thumbnail","hentry","category-cotidiano"],"distributor_meta":false,"distributor_terms":false,"distributor_media":false,"distributor_original_site_name":"Noticias em Destaque","distributor_original_site_url":"https:\/\/noticiasdestaque.com.br","push-errors":false,"_links":{"self":[{"href":"https:\/\/noticiasdestaque.com.br\/index.php\/wp-json\/wp\/v2\/posts\/46314","targetHints":{"allow":["GET"]}}],"collection":[{"href":"https:\/\/noticiasdestaque.com.br\/index.php\/wp-json\/wp\/v2\/posts"}],"about":[{"href":"https:\/\/noticiasdestaque.com.br\/index.php\/wp-json\/wp\/v2\/types\/post"}],"author":[{"embeddable":true,"href":"https:\/\/noticiasdestaque.com.br\/index.php\/wp-json\/wp\/v2\/users\/1"}],"replies":[{"embeddable":true,"href":"https:\/\/noticiasdestaque.com.br\/index.php\/wp-json\/wp\/v2\/comments?post=46314"}],"version-history":[{"count":0,"href":"https:\/\/noticiasdestaque.com.br\/index.php\/wp-json\/wp\/v2\/posts\/46314\/revisions"}],"wp:featuredmedia":[{"embeddable":true,"href":"https:\/\/noticiasdestaque.com.br\/index.php\/wp-json\/wp\/v2\/media\/46315"}],"wp:attachment":[{"href":"https:\/\/noticiasdestaque.com.br\/index.php\/wp-json\/wp\/v2\/media?parent=46314"}],"wp:term":[{"taxonomy":"category","embeddable":true,"href":"https:\/\/noticiasdestaque.com.br\/index.php\/wp-json\/wp\/v2\/categories?post=46314"},{"taxonomy":"post_tag","embeddable":true,"href":"https:\/\/noticiasdestaque.com.br\/index.php\/wp-json\/wp\/v2\/tags?post=46314"}],"curies":[{"name":"wp","href":"https:\/\/api.w.org\/{rel}","templated":true}]}}