{"id":46308,"date":"2025-09-30T04:55:00","date_gmt":"2025-09-30T07:55:00","guid":{"rendered":"https:\/\/noticiasdestaque.com.br\/index.php\/2025\/09\/30\/pe-de-meia-pagamento-para-nascidos-em-marco-e-abril-ocorre-nesta-terca-feira-30\/"},"modified":"2025-09-30T04:55:00","modified_gmt":"2025-09-30T07:55:00","slug":"pe-de-meia-pagamento-para-nascidos-em-marco-e-abril-ocorre-nesta-terca-feira-30","status":"publish","type":"post","link":"https:\/\/noticiasdestaque.com.br\/index.php\/2025\/09\/30\/pe-de-meia-pagamento-para-nascidos-em-marco-e-abril-ocorre-nesta-terca-feira-30\/","title":{"rendered":"P\u00e9-de-Meia: pagamento para nascidos em mar\u00e7o e abril ocorre nesta ter\u00e7a-feira (30)"},"content":{"rendered":"<p>\t\t\t\t\t\t\t\t\t\t<audio controls class=\"b61_audio_player\" data-noticia=\"84627\" src=\"https:\/\/brasil61.com\/rails\/active_storage\/blobs\/eyJfcmFpbHMiOnsibWVzc2FnZSI6IkJBaHBBODZjQXc9PSIsImV4cCI6bnVsbCwicHVyIjoiYmxvYl9pZCJ9fQ==--c02ebce1afef4094712be454de342dede22f70e1\/PCXA250615F\"><\/audio><\/p>\n<p><!--StartFragment --><\/p>\n<p><strong>A CAIXA come\u00e7a, nesta ter\u00e7a-feira, 30 de setembro, o pagamento da sexta parcela do Programa P\u00e9-de-Meia para os estudantes nascidos nos meses de mar\u00e7o e abril.\u00a0<\/strong><\/p>\n<p>O incentivo ser\u00e1 creditado em conta <strong>Poupan\u00e7a CAIXA Tem<\/strong> e os valores podem ser movimentados pelo <strong>App CAIXA Tem<\/strong>. \u00a0<\/p>\n<p>Para facilitar ainda mais o dia a dia, \u00e9 poss\u00edvel solicitar gratuitamente o cart\u00e3o <strong>P\u00e9-de-Meia<\/strong> pelo pr\u00f3prio <strong>app CAIXA Tem<\/strong>, permitindo o uso dos recursos em compras e pagamentos.\u00a0<\/p>\n<p><strong>O Programa P\u00e9-de-Meia apoia a perman\u00eancia e a conclus\u00e3o escolar dos estudantes matriculados no Ensino M\u00e9dio da rede p\u00fablica.<\/strong><\/p>\n<p>Para mais informa\u00e7\u00f5es sobre os pagamentos do <strong>P\u00e9-de-Meia<\/strong>, acesse o <strong>site da <a href=\"https:\/\/www.caixa.gov.br\/programas-sociais\/pe-de-meia\" target=\"_blank\">Caixa<\/a><\/strong>.\u00a0<\/p>\n<p><!--EndFragment --><\/p>\n<p>\t\t\t\t\t\t\t\t\t<img loading=\"lazy\" decoding=\"async\" src=\"https:\/\/brasil61.com\/api\/v1\/serve_pixel\/17677\/84627\" alt=\"Pixel Brasil 61\" class=\"b61_pixel\" width=\"0\" height=\"0\"><\/p>\n<input type=\"hidden\" id=\"baseurl\" value=\"https:\/\/noticiasdestaque.com.br\"><input type=\"hidden\" id=\"audio_nonce\" value=\"6f73a554f1\">","protected":false},"excerpt":{"rendered":"<p>A CAIXA come\u00e7a, nesta ter\u00e7a-feira, 30 de setembro, o pagamento do Incentivo Frequ\u00eancia do Programa P\u00e9-de-Meia para os estudantes nascidos nos meses de mar\u00e7o e abril. <\/p>\n","protected":false},"author":1,"featured_media":46309,"comment_status":"open","ping_status":"open","sticky":false,"template":"","format":"standard","meta":{"fifu_image_url":"","fifu_image_alt":"","footnotes":""},"categories":[59],"tags":[],"class_list":["post-46308","post","type-post","status-publish","format-standard","has-post-thumbnail","hentry","category-economia"],"distributor_meta":false,"distributor_terms":false,"distributor_media":false,"distributor_original_site_name":"Noticias em Destaque","distributor_original_site_url":"https:\/\/noticiasdestaque.com.br","push-errors":false,"_links":{"self":[{"href":"https:\/\/noticiasdestaque.com.br\/index.php\/wp-json\/wp\/v2\/posts\/46308","targetHints":{"allow":["GET"]}}],"collection":[{"href":"https:\/\/noticiasdestaque.com.br\/index.php\/wp-json\/wp\/v2\/posts"}],"about":[{"href":"https:\/\/noticiasdestaque.com.br\/index.php\/wp-json\/wp\/v2\/types\/post"}],"author":[{"embeddable":true,"href":"https:\/\/noticiasdestaque.com.br\/index.php\/wp-json\/wp\/v2\/users\/1"}],"replies":[{"embeddable":true,"href":"https:\/\/noticiasdestaque.com.br\/index.php\/wp-json\/wp\/v2\/comments?post=46308"}],"version-history":[{"count":0,"href":"https:\/\/noticiasdestaque.com.br\/index.php\/wp-json\/wp\/v2\/posts\/46308\/revisions"}],"wp:featuredmedia":[{"embeddable":true,"href":"https:\/\/noticiasdestaque.com.br\/index.php\/wp-json\/wp\/v2\/media\/46309"}],"wp:attachment":[{"href":"https:\/\/noticiasdestaque.com.br\/index.php\/wp-json\/wp\/v2\/media?parent=46308"}],"wp:term":[{"taxonomy":"category","embeddable":true,"href":"https:\/\/noticiasdestaque.com.br\/index.php\/wp-json\/wp\/v2\/categories?post=46308"},{"taxonomy":"post_tag","embeddable":true,"href":"https:\/\/noticiasdestaque.com.br\/index.php\/wp-json\/wp\/v2\/tags?post=46308"}],"curies":[{"name":"wp","href":"https:\/\/api.w.org\/{rel}","templated":true}]}}