{"id":46306,"date":"2025-09-30T04:35:00","date_gmt":"2025-09-30T07:35:00","guid":{"rendered":"https:\/\/noticiasdestaque.com.br\/index.php\/2025\/09\/30\/confianca-do-comercio-avanca-em-setembro\/"},"modified":"2025-09-30T04:35:00","modified_gmt":"2025-09-30T07:35:00","slug":"confianca-do-comercio-avanca-em-setembro","status":"publish","type":"post","link":"https:\/\/noticiasdestaque.com.br\/index.php\/2025\/09\/30\/confianca-do-comercio-avanca-em-setembro\/","title":{"rendered":"Confian\u00e7a do Com\u00e9rcio avan\u00e7a em setembro"},"content":{"rendered":"<p>\t\t\t\t\t\t\t\t\t\t<audio controls class=\"b61_audio_player\" data-noticia=\"84894\" src=\"https:\/\/brasil61.com\/rails\/active_storage\/blobs\/eyJfcmFpbHMiOnsibWVzc2FnZSI6IkJBaHBBLzJpQXc9PSIsImV4cCI6bnVsbCwicHVyIjoiYmxvYl9pZCJ9fQ==--514630f84ef5365b4a75a3ad93d8a08bcf9142b9\/BRAS2514820A\"><\/audio><\/p>\n<p style=\"text-align: justify\">O<a href=\"https:\/\/portalibre.fgv.br\/noticias\/confianca-do-comercio-avanca-em-setembro\" target=\"_blank\"> \u00cdndice de Confian\u00e7a do Com\u00e9rcio<\/a> (ICOM), da <a href=\"https:\/\/portalibre.fgv.br\/\">FGV IBRE<\/a>, <strong>subiu 1,6 ponto em setembro<\/strong>, para 84,7 pontos, interrompendo duas quedas seguidas. Em m\u00e9dias m\u00f3veis trimestrais, houve recuo de 1,5 ponto, para 85,0 pontos.\u00a0<\/p>\n<p style=\"text-align: justify\">O avan\u00e7o refletiu-se nos dois componentes do \u00edndice: o <strong>\u00cdndice de Situa\u00e7\u00e3o Atual<\/strong> (ISA-COM) registrou alta de 1,7 ponto, alcan\u00e7ando 88,2, enquanto o<strong> \u00cdndice de Expectativas <\/strong>(IE-COM) tamb\u00e9m teve ganho de 1,7 ponto, chegando a 82,0.<\/p>\n<p style=\"text-align: justify\">Na avalia\u00e7\u00e3o do presente, o item que mede a percep\u00e7\u00e3o sobre os neg\u00f3cios cresceu 1,1 ponto\u00a0e o indicador que acompanha a demanda atual subiu 2,1 pontos, alcan\u00e7ando 90,2.<\/p>\n<p style=\"text-align: justify\">Entre as expectativas, as proje\u00e7\u00f5es de vendas para os pr\u00f3ximos tr\u00eas meses avan\u00e7aram 0,2 ponto, para 79,5, e a tend\u00eancia dos neg\u00f3cios no horizonte de seis meses aumentou 3,0 pontos.\u00a0<\/p>\n<p style=\"text-align: justify\">Segundo o conselheiro do <a href=\"https:\/\/corecondf.org.br\/\">Conselho Regional de Economia do Distrito Federal <\/a>(Corecon-DF), Guidi Nunes, a melhora foi influenciada pela queda no pre\u00e7o dos alimentos, que abriu espa\u00e7o no or\u00e7amento das fam\u00edlias: \u201cA queda no pre\u00e7o dos alimentos fez com que o trabalhador tivesse um dinheiro a mais dispon\u00edvel al\u00e9m dos itens b\u00e1sicos, quer dizer, ele poder gastar com outros itens de consumo.\u201d<\/p>\n<p style=\"text-align: justify\">Para Ge\u00f3rgia Veloso, economista do FGV IBRE, a alta n\u00e3o representa uma revers\u00e3o do pessimismo, mas sim uma estabiliza\u00e7\u00e3o em patamar baixo.\u00a0<\/p>\n<p style=\"text-align: justify\"><span style=\"font-size:18px\">Confian\u00e7a em Servi\u00e7os tamb\u00e9m registra avan\u00e7o em setembro<\/span><\/p>\n<p style=\"text-align: justify\">No setor de <strong>Servi\u00e7os<\/strong>, o panorama segue uma l\u00f3gica semelhante: o <a href=\"https:\/\/portalibre.fgv.br\/noticias\/confianca-de-servicos-interrompe-queda-dos-ultimos-meses-e-avanca-em-setembro\" target=\"_blank\">\u00cdndice de Confian\u00e7a de Servi\u00e7os (ICS)<\/a> do FGV IBRE<strong> subiu 1,9 ponto em setembro<\/strong>, atingindo 89,0 pontos, ap\u00f3s tr\u00eas meses de quedas consecutivas. A m\u00e9dia m\u00f3vel trimestral, por\u00e9m, ainda mostra retra\u00e7\u00e3o de 0,6 ponto.<\/p>\n<p style=\"text-align: justify\">A eleva\u00e7\u00e3o no ICS foi puxada tanto pela melhora da situa\u00e7\u00e3o atual quanto pelas expectativas. O <strong>\u00cdndice de Situa\u00e7\u00e3o Atual <\/strong>(ISA-S) avan\u00e7ou 2,7 pontos, para 93,9, enquanto o <strong>\u00cdndice de Expectativas <\/strong>(IE-S) subiu 1,1 ponto, para 84,2.<\/p>\n<p style=\"text-align: justify\">Com informa\u00e7\u00f5es da<a href=\"https:\/\/portalibre.fgv.br\/\" target=\"_blank\"> FGV IBRE\u00a0<\/a><\/p>\n<p>\t\t\t\t\t\t\t\t\t<img loading=\"lazy\" decoding=\"async\" src=\"https:\/\/brasil61.com\/api\/v1\/serve_pixel\/17677\/84894\" alt=\"Pixel Brasil 61\" class=\"b61_pixel\" width=\"0\" height=\"0\"><\/p>\n<input type=\"hidden\" id=\"baseurl\" value=\"https:\/\/noticiasdestaque.com.br\"><input type=\"hidden\" id=\"audio_nonce\" value=\"6f73a554f1\">","protected":false},"excerpt":{"rendered":"<p>Indicadores de com\u00e9rcio e servi\u00e7os sobem em setembro apontando leve recupera\u00e7\u00e3o, mas ainda mant\u00eam sinais de pessimismo<\/p>\n","protected":false},"author":1,"featured_media":46307,"comment_status":"open","ping_status":"open","sticky":false,"template":"","format":"standard","meta":{"fifu_image_url":"","fifu_image_alt":"","footnotes":""},"categories":[59],"tags":[],"class_list":["post-46306","post","type-post","status-publish","format-standard","has-post-thumbnail","hentry","category-economia"],"distributor_meta":false,"distributor_terms":false,"distributor_media":false,"distributor_original_site_name":"Noticias em Destaque","distributor_original_site_url":"https:\/\/noticiasdestaque.com.br","push-errors":false,"_links":{"self":[{"href":"https:\/\/noticiasdestaque.com.br\/index.php\/wp-json\/wp\/v2\/posts\/46306","targetHints":{"allow":["GET"]}}],"collection":[{"href":"https:\/\/noticiasdestaque.com.br\/index.php\/wp-json\/wp\/v2\/posts"}],"about":[{"href":"https:\/\/noticiasdestaque.com.br\/index.php\/wp-json\/wp\/v2\/types\/post"}],"author":[{"embeddable":true,"href":"https:\/\/noticiasdestaque.com.br\/index.php\/wp-json\/wp\/v2\/users\/1"}],"replies":[{"embeddable":true,"href":"https:\/\/noticiasdestaque.com.br\/index.php\/wp-json\/wp\/v2\/comments?post=46306"}],"version-history":[{"count":0,"href":"https:\/\/noticiasdestaque.com.br\/index.php\/wp-json\/wp\/v2\/posts\/46306\/revisions"}],"wp:featuredmedia":[{"embeddable":true,"href":"https:\/\/noticiasdestaque.com.br\/index.php\/wp-json\/wp\/v2\/media\/46307"}],"wp:attachment":[{"href":"https:\/\/noticiasdestaque.com.br\/index.php\/wp-json\/wp\/v2\/media?parent=46306"}],"wp:term":[{"taxonomy":"category","embeddable":true,"href":"https:\/\/noticiasdestaque.com.br\/index.php\/wp-json\/wp\/v2\/categories?post=46306"},{"taxonomy":"post_tag","embeddable":true,"href":"https:\/\/noticiasdestaque.com.br\/index.php\/wp-json\/wp\/v2\/tags?post=46306"}],"curies":[{"name":"wp","href":"https:\/\/api.w.org\/{rel}","templated":true}]}}