{"id":46294,"date":"2025-09-29T22:00:00","date_gmt":"2025-09-30T01:00:00","guid":{"rendered":"https:\/\/noticiasdestaque.com.br\/index.php\/2025\/09\/29\/previsao-do-tempo-sul-com-chuvas-e-possiveis-geadas-nesta-terca-feira-30\/"},"modified":"2025-09-29T22:00:00","modified_gmt":"2025-09-30T01:00:00","slug":"previsao-do-tempo-sul-com-chuvas-e-possiveis-geadas-nesta-terca-feira-30","status":"publish","type":"post","link":"https:\/\/noticiasdestaque.com.br\/index.php\/2025\/09\/29\/previsao-do-tempo-sul-com-chuvas-e-possiveis-geadas-nesta-terca-feira-30\/","title":{"rendered":"PREVIS\u00c3O DO TEMPO: Sul com chuvas e  poss\u00edveis geadas nesta ter\u00e7a-feira (30)"},"content":{"rendered":"<p>\t\t\t\t\t\t\t\t\t\t<audio controls class=\"b61_audio_player\" data-noticia=\"84893\" src=\"https:\/\/brasil61.com\/rails\/active_storage\/blobs\/eyJfcmFpbHMiOnsibWVzc2FnZSI6IkJBaHBBd2FqQXc9PSIsImV4cCI6bnVsbCwicHVyIjoiYmxvYl9pZCJ9fQ==--0b566234eb18e06049fac6a897243bff75fd330c\/PTRS254081A\"><\/audio><\/p>\n<p>A <strong>previs\u00e3o do tempo para a Regi\u00e3o Sul<\/strong> do pa\u00eds, <strong>nesta ter\u00e7a-feira (30)<\/strong>, indica tempo fechado em todo territ\u00f3rio. O <strong>Instituto Nacional de Meteorologia (Inmet) alerta para perigo potencial de tempestade no interior de todos os estados<\/strong>. A condi\u00e7\u00e3o deve afetar os munic\u00edpios de Londrina e Cascavel, no Paran\u00e1, em Anchieta e Canoinhas, em Santa Catarina, e Santa Maria e Bag\u00e9 no Rio Grande do Sul.<\/p>\n<p>A manh\u00e3 \u00e9 marcada por pancadas de chuvas nos tr\u00eas estados sulistas. Aten\u00e7\u00e3o redobrada ao sul do Paran\u00e1, todo o territ\u00f3rio catarinense e o norte ga\u00facho, em que h\u00e1 possibilidade de queda de granizo.<\/p>\n<p>No per\u00edodo da tarde, a queda de geada avan\u00e7a e cobre quase toda a costa da regi\u00e3o, exceto no sudeste rio-grandense. Em partes do sudoeste e norte ga\u00facho, o oeste de Santa Catarina e o norte, noroeste e sudoeste do Paran\u00e1, a previs\u00e3o \u00e9 de pancadas de chuvas e trovoadas.<\/p>\n<p>\u00c0 noite, as chuvas se mant\u00e9m em todo o territ\u00f3rio, exceto no norte paranaense, como nos munic\u00edpios Jacarezinho e Bandeirantes<\/p>\n<p>Entre as capitais, a <strong>temperatura m\u00ednima prevista \u00e9 de 13\u00b0C em Curitiba<\/strong>. J\u00e1 a <strong>m\u00e1xima pode chegar at\u00e9 28\u00b0C, tamb\u00e9m em Curitiba<\/strong>. A umidade relativa do ar varia entre <strong>40% a 100%<\/strong>.<\/p>\n<h2>5 Motivos para saber das previs\u00f5es do tempo\u00a0\u00a0<\/h2>\n<ul>\n<li>Agricultura: garantia de uma boa colheita;<\/li>\n<li>Marinha: prote\u00e7\u00e3o dos marinheiros, dos navios e dos passageiros;<\/li>\n<li>Aeron\u00e1utica: prote\u00e7\u00e3o e seguran\u00e7a dos pilotos, das aeronaves e dos passageiros;<\/li>\n<li>Pesca: condi\u00e7\u00f5es favor\u00e1veis e seguras \u00e0 pesca; e<\/li>\n<li>Turismo: garantia de um passeio e de uma viagem feliz e tranquila.<\/li>\n<\/ul>\n<h2>Import\u00e2ncia das observa\u00e7\u00f5es meteorol\u00f3gicas no INMET<\/h2>\n<p>As observa\u00e7\u00f5es meteorol\u00f3gicas do INMET s\u00e3o essenciais para previs\u00f5es em tempo real, estat\u00edsticas clim\u00e1ticas e coopera\u00e7\u00e3o internacional.<\/p>\n<p>Esses dados precisos ajudam a estudar o clima passado e a produzir Normais Climatol\u00f3gicas conforme a Organiza\u00e7\u00e3o Meteorol\u00f3gica Mundial (<a href=\"https:\/\/worldweather.wmo.int\/pt\/home.html\" target=\"_blank\">OMM<\/a>).<\/p>\n<p>As informa\u00e7\u00f5es s\u00e3o do Instituto Nacional de Meteorologia (<a href=\"https:\/\/portal.inmet.gov.br\/\" target=\"_blank\">Inmet<\/a>).<\/p>\n<p>\u00a0<\/p>\n<p>\t\t\t\t\t\t\t\t\t<img loading=\"lazy\" decoding=\"async\" src=\"https:\/\/brasil61.com\/api\/v1\/serve_pixel\/17677\/84893\" alt=\"Pixel Brasil 61\" class=\"b61_pixel\" width=\"0\" height=\"0\"><\/p>\n<input type=\"hidden\" id=\"baseurl\" value=\"https:\/\/noticiasdestaque.com.br\"><input type=\"hidden\" id=\"audio_nonce\" value=\"6f73a554f1\">","protected":false},"excerpt":{"rendered":"<p>Inmet alerta para perigo potencial de tempestade em todos os estados; temperaturas variam entre 13\u00b0C e 28\u00b0C<\/p>\n","protected":false},"author":1,"featured_media":46295,"comment_status":"open","ping_status":"open","sticky":false,"template":"","format":"standard","meta":{"fifu_image_url":"","fifu_image_alt":"","footnotes":""},"categories":[58],"tags":[],"class_list":["post-46294","post","type-post","status-publish","format-standard","has-post-thumbnail","hentry","category-cotidiano"],"distributor_meta":false,"distributor_terms":false,"distributor_media":false,"distributor_original_site_name":"Noticias em Destaque","distributor_original_site_url":"https:\/\/noticiasdestaque.com.br","push-errors":false,"_links":{"self":[{"href":"https:\/\/noticiasdestaque.com.br\/index.php\/wp-json\/wp\/v2\/posts\/46294","targetHints":{"allow":["GET"]}}],"collection":[{"href":"https:\/\/noticiasdestaque.com.br\/index.php\/wp-json\/wp\/v2\/posts"}],"about":[{"href":"https:\/\/noticiasdestaque.com.br\/index.php\/wp-json\/wp\/v2\/types\/post"}],"author":[{"embeddable":true,"href":"https:\/\/noticiasdestaque.com.br\/index.php\/wp-json\/wp\/v2\/users\/1"}],"replies":[{"embeddable":true,"href":"https:\/\/noticiasdestaque.com.br\/index.php\/wp-json\/wp\/v2\/comments?post=46294"}],"version-history":[{"count":0,"href":"https:\/\/noticiasdestaque.com.br\/index.php\/wp-json\/wp\/v2\/posts\/46294\/revisions"}],"wp:featuredmedia":[{"embeddable":true,"href":"https:\/\/noticiasdestaque.com.br\/index.php\/wp-json\/wp\/v2\/media\/46295"}],"wp:attachment":[{"href":"https:\/\/noticiasdestaque.com.br\/index.php\/wp-json\/wp\/v2\/media?parent=46294"}],"wp:term":[{"taxonomy":"category","embeddable":true,"href":"https:\/\/noticiasdestaque.com.br\/index.php\/wp-json\/wp\/v2\/categories?post=46294"},{"taxonomy":"post_tag","embeddable":true,"href":"https:\/\/noticiasdestaque.com.br\/index.php\/wp-json\/wp\/v2\/tags?post=46294"}],"curies":[{"name":"wp","href":"https:\/\/api.w.org\/{rel}","templated":true}]}}