{"id":46292,"date":"2025-09-29T22:00:00","date_gmt":"2025-09-30T01:00:00","guid":{"rendered":"https:\/\/noticiasdestaque.com.br\/index.php\/2025\/09\/29\/previsao-do-tempo-terca-feira-30-de-poucas-chuvas-no-nordeste\/"},"modified":"2025-09-29T22:00:00","modified_gmt":"2025-09-30T01:00:00","slug":"previsao-do-tempo-terca-feira-30-de-poucas-chuvas-no-nordeste","status":"publish","type":"post","link":"https:\/\/noticiasdestaque.com.br\/index.php\/2025\/09\/29\/previsao-do-tempo-terca-feira-30-de-poucas-chuvas-no-nordeste\/","title":{"rendered":"PREVIS\u00c3O DO TEMPO: ter\u00e7a-feira (30) de poucas chuvas no Nordeste"},"content":{"rendered":"<p>\t\t\t\t\t\t\t\t\t\t<audio controls class=\"b61_audio_player\" data-noticia=\"84899\" src=\"https:\/\/brasil61.com\/rails\/active_storage\/blobs\/eyJfcmFpbHMiOnsibWVzc2FnZSI6IkJBaHBBd1dqQXc9PSIsImV4cCI6bnVsbCwicHVyIjoiYmxvYl9pZCJ9fQ==--b8f6d9ca840cfa31d38baf413ef1434383db30d1\/PTND254815A\"><\/audio><\/p>\n<p>A <strong>previs\u00e3o do tempo para a regi\u00e3o Nordeste<\/strong> do pa\u00eds, nesta <strong>ter\u00e7a-feira (30)<\/strong>, <strong>indica tempo firme<\/strong>. O <strong>Instituto Nacional de Meteorologia (Inmet) alerta para perigo potencial de baixa umidade no interior dos estados do Maranh\u00e3o, Piau\u00ed, Cear\u00e1, Rio Grande do Norte, Para\u00edba, Pernambuco e Bahia<\/strong>.<\/p>\n<p>Na <strong>Bahia<\/strong>, o tempo \u00e9 de <strong>c\u00e9u claro e com poucas nuvens ao longo do dia<\/strong>, enquanto \u00e0 noite h\u00e1 a possibilidade de chuva isolada na costa entre Janda\u00edra e Itacar\u00e9, que deve atingir a capital Salvador.<\/p>\n<p>Os estados do <strong>Rio Grande do Norte, Para\u00edba, Pernambuco, Alagoas e de Sergipe registram c\u00e9u encoberto<\/strong>, com chuvas isoladas no litoral e muitas nuvens no interior. <strong>No Piau\u00ed e no Cear\u00e1, predomina o c\u00e9u com poucas nuvens<\/strong> de manh\u00e3 e \u00e0 tarde, <strong>enquanto \u00e0 noite avan\u00e7am nuvens com pancadas de chuva para o litoral dos dois estados<\/strong>.<\/p>\n<p>Por outro lado, o <strong>Maranh\u00e3o apresenta alta nebulosidade<\/strong>, exceto na regi\u00e3o sul. As possibilidades de pancadas de chuvas isoladas se concentram no oeste maranhense e cobrem todo o litoral at\u00e9 o centro do Maranh\u00e3o no per\u00edodo da noite, podendo\u00a0atingir a capital, S\u00e3o Lu\u00eds.<\/p>\n<p>Entre as capitais, a <strong>temperatura m\u00ednima prevista \u00e9 de 22\u00b0C em Macei\u00f3, Salvador e Natal<\/strong>. J\u00e1 a <strong>m\u00e1xima pode chegar a at\u00e9 38\u00b0C em Teresina<\/strong>. A umidade relativa do ar varia entre <strong>20% e 100%<\/strong>.<\/p>\n<h2>5 Motivos para saber das previs\u00f5es do tempo\u00a0\u00a0<\/h2>\n<ul>\n<li>Agricultura: garantia de uma boa colheita;<\/li>\n<li>Marinha: prote\u00e7\u00e3o dos marinheiros, dos navios e dos passageiros;<\/li>\n<li>Aeron\u00e1utica: prote\u00e7\u00e3o e seguran\u00e7a dos pilotos, das aeronaves e dos passageiros;<\/li>\n<li>Pesca: condi\u00e7\u00f5es favor\u00e1veis e seguras \u00e0 pesca; e<\/li>\n<li>Turismo: garantia de um passeio e de uma viagem feliz e tranquila.<\/li>\n<\/ul>\n<h2>Import\u00e2ncia das observa\u00e7\u00f5es meteorol\u00f3gicas no INMET<\/h2>\n<p>As observa\u00e7\u00f5es meteorol\u00f3gicas do INMET s\u00e3o essenciais para previs\u00f5es em tempo real, estat\u00edsticas clim\u00e1ticas e coopera\u00e7\u00e3o internacional.<\/p>\n<p>Esses dados precisos ajudam a estudar o clima passado e a produzir Normais Climatol\u00f3gicas conforme a Organiza\u00e7\u00e3o Meteorol\u00f3gica Mundial (<a href=\"https:\/\/worldweather.wmo.int\/pt\/home.html\" target=\"_blank\">OMM<\/a>).<\/p>\n<p>As informa\u00e7\u00f5es s\u00e3o do Instituto Nacional de Meteorologia (<a href=\"https:\/\/portal.inmet.gov.br\/\" target=\"_blank\">Inmet<\/a>).<\/p>\n<p>\u00a0<\/p>\n<p>\t\t\t\t\t\t\t\t\t<img loading=\"lazy\" decoding=\"async\" src=\"https:\/\/brasil61.com\/api\/v1\/serve_pixel\/17677\/84899\" alt=\"Pixel Brasil 61\" class=\"b61_pixel\" width=\"0\" height=\"0\"><\/p>\n<input type=\"hidden\" id=\"baseurl\" value=\"https:\/\/noticiasdestaque.com.br\"><input type=\"hidden\" id=\"audio_nonce\" value=\"6f73a554f1\">","protected":false},"excerpt":{"rendered":"<p>Inmet alerta para perigo potencial de baixa umidade no interior nordestino; temperaturas variam entre 22\u00b0C e 38\u00b0C<\/p>\n","protected":false},"author":1,"featured_media":46293,"comment_status":"open","ping_status":"open","sticky":false,"template":"","format":"standard","meta":{"fifu_image_url":"","fifu_image_alt":"","footnotes":""},"categories":[58],"tags":[],"class_list":["post-46292","post","type-post","status-publish","format-standard","has-post-thumbnail","hentry","category-cotidiano"],"distributor_meta":false,"distributor_terms":false,"distributor_media":false,"distributor_original_site_name":"Noticias em Destaque","distributor_original_site_url":"https:\/\/noticiasdestaque.com.br","push-errors":false,"_links":{"self":[{"href":"https:\/\/noticiasdestaque.com.br\/index.php\/wp-json\/wp\/v2\/posts\/46292","targetHints":{"allow":["GET"]}}],"collection":[{"href":"https:\/\/noticiasdestaque.com.br\/index.php\/wp-json\/wp\/v2\/posts"}],"about":[{"href":"https:\/\/noticiasdestaque.com.br\/index.php\/wp-json\/wp\/v2\/types\/post"}],"author":[{"embeddable":true,"href":"https:\/\/noticiasdestaque.com.br\/index.php\/wp-json\/wp\/v2\/users\/1"}],"replies":[{"embeddable":true,"href":"https:\/\/noticiasdestaque.com.br\/index.php\/wp-json\/wp\/v2\/comments?post=46292"}],"version-history":[{"count":0,"href":"https:\/\/noticiasdestaque.com.br\/index.php\/wp-json\/wp\/v2\/posts\/46292\/revisions"}],"wp:featuredmedia":[{"embeddable":true,"href":"https:\/\/noticiasdestaque.com.br\/index.php\/wp-json\/wp\/v2\/media\/46293"}],"wp:attachment":[{"href":"https:\/\/noticiasdestaque.com.br\/index.php\/wp-json\/wp\/v2\/media?parent=46292"}],"wp:term":[{"taxonomy":"category","embeddable":true,"href":"https:\/\/noticiasdestaque.com.br\/index.php\/wp-json\/wp\/v2\/categories?post=46292"},{"taxonomy":"post_tag","embeddable":true,"href":"https:\/\/noticiasdestaque.com.br\/index.php\/wp-json\/wp\/v2\/tags?post=46292"}],"curies":[{"name":"wp","href":"https:\/\/api.w.org\/{rel}","templated":true}]}}